{"id":103468,"date":"2025-12-03T20:40:20","date_gmt":"2025-12-03T20:40:20","guid":{"rendered":"https:\/\/www.europesays.com\/no\/103468\/"},"modified":"2025-12-03T20:40:20","modified_gmt":"2025-12-03T20:40:20","slug":"den-eldste-nybilen-du-kan-kjope","status":"publish","type":"post","link":"https:\/\/www.europesays.com\/no\/103468\/","title":{"rendered":"Den eldste nybilen du kan kj\u00f8pe"},"content":{"rendered":"<p>        Saken oppsummert<\/p>\n<ul lang=\"nb-NO\">\n<li>Volvo XC90 ble lansert i 2014 som den f\u00f8rste, nye modellen etter at Volvo ble solgt til kinesiske Geely.<\/li>\n<li>XC90 har v\u00e6rt en suksess i Norge, spesielt med sin ladbare hybridversjon.<\/li>\n<li>Modellen har f\u00e5tt oppgraderinger, men prisen har steget betydelig, noe som gj\u00f8r den mindre konkurransedyktig mot nyere elbiler.<\/li>\n<li>Volvo planlegger \u00e5 fortsette med ikke-elbiler frem til 2040, noe som vil inkludere nye modeller som XC70.<\/li>\n<\/ul>\n<p class=\"italic ai-disclaimer\" data-lab-italic=\"italic\">Oppsummeringen er laget med kunstig intelligens (KI) fra OpenAI. Innholdet er kvalitetssikret av TV 2s journalister. <a target=\"_blank\" href=\"https:\/\/hjelp.tv2.no\/info\/artikkel\/slik-jobber-vi-med-ki-i-tv-2\" title=\"Les om hvordan vi jobber med KI\" rel=\"nofollow noopener\">Les om hvordan vi jobber med KI<\/a><\/p>\n<p>\u2013 Vi f\u00e5r ingen sjanse nummer to. Dette m\u00e5 fungere, sa Volvo-sjef H\u00e5kan Samuelsson noen dager f\u00f8r andre generasjon XC90 hadde premiere, tilbake i 2014.<\/p>\n<p>Med det dempet han ikke akkurat forventningene til det som ble sett p\u00e5 som den viktigste Volvo-modellen i nyere tid.<\/p>\n<p>Hvorfor s\u00e5 viktig? Jo, fordi Volvo fire \u00e5r senere hadde blitt solgt fra Ford til kinesiske Geely. Dermed startet de n\u00e5 p\u00e5 mange m\u00e5ter p\u00e5 nytt som bilprodusent.\u00a0<\/p>\n<p>        <img class=\"image__img lazyload\" itemprop=\"image\" title=\"Foto: Volvo.\" alt=\"STARTEN: Her er produksjonen av XC90 i gang ved fabrikken i Torslanda utenfor G\u00f8teborg. Modellen har v\u00e6rt en knallsuksess for Volvo. Foto: Volvo.\" width=\"978\" height=\"551\" bad-src=\"https:\/\/www.europesays.com\/no\/wp-content\/uploads\/2025\/12\/18130003.webp\" fetchpriority=\"auto\" \/><\/p>\n<p>      STARTEN: Her er produksjonen av XC90 i gang ved fabrikken i Torslanda utenfor G\u00f8teborg. Modellen har v\u00e6rt en knallsuksess for Volvo.<br \/>\n         Foto: Volvo.<\/p>\n<p>Str\u00f8mmet inn bestillinger<\/p>\n<p>Samuelsson og alle andre i Volvo kunne snart puste lettet ut. XC90 var en suksess fra deg \u00e9n og salget overgikk med god margin det Volvo hadde h\u00e5pet p\u00e5.<\/p>\n<p>Norge var ikke noe unntak. Da Volvo startet forh\u00e5ndssalget str\u00f8mmet det p\u00e5 med bestillinger fra v\u00e5rt marked. Nesten 1000 kunder hadde signert kontrakt, allerede f\u00f8r de f\u00f8rste bilene hadde kommet til landet.\u00a0<\/p>\n<p>Salget holdt seg ogs\u00e5 imponerende godt, ogs\u00e5 hjulpet av at Volvo var ganske tidlig ute med ladbar hybrid-versjon. De f\u00f8rste \u00e5rene kom den sv\u00e6rt gunstig gjennom det norske avgiftssystemet.\u00a0<\/p>\n<p><a href=\"https:\/\/www.tv2.no\/broom\/nesten-1000-nordmenn-har-bestilt-super-suven-til-volvo\/8055891\/\" rel=\"nofollow noopener\" target=\"_blank\">Nesten 1000 norske kunder bestilte, f\u00f8r bilen var i landet<\/a><\/p>\n<p>        <img class=\"image__img lazyload\" itemprop=\"image\" title=\"\" alt=\"HJEMTUR: Her var vi i Broom i Sverige, med et tidlig XC90-eksemplar. I startet handlet det i hovedsak om dieselmotor, s\u00e5 kom de ladbare hybridene.\" width=\"978\" height=\"551\" bad-src=\"https:\/\/www.europesays.com\/no\/wp-content\/uploads\/2025\/12\/11336993.webp\" fetchpriority=\"auto\" \/><\/p>\n<p>      HJEMTUR: Her var vi i Broom i Sverige, med et tidlig XC90-eksemplar. I startet handlet det i hovedsak om dieselmotor, s\u00e5 kom de ladbare hybridene.<\/p>\n<p>Gode argumenter for \u00e5 kj\u00f8pe?<\/p>\n<p>Da den kom, kostet en XC90 T8 med 407 hestekrefter 842.900 kroner. N\u00e5 st\u00e5r det 1.282.300 kroner p\u00e5 prislappen, f\u00f8r eventuelt ekstrautstyr.<\/p>\n<p>Avgiftene har alts\u00e5 skutt i v\u00e6ret, derfor er det nok ogs\u00e5 usikkert hvor lenge bilen vil v\u00e6re til salgs i Norge.<\/p>\n<p>XC90 har alts\u00e5 blitt 11 \u00e5r og er med det den eldste nybilen du kan kj\u00f8pe i Norge. Den har ogs\u00e5 en prislapp som i alle fall p\u00e5 papiret virker vanskelig \u00e5 forsvare. Finnes det da noen gode argumenter for \u00e5 kj\u00f8pe helt ny Volvo XC90?\u00a0<\/p>\n<p>Etter \u00e5 ha hatt bilen p\u00e5 test en ukes tid, faller vi ned p\u00e5 at svaret p\u00e5 det er ja. Men: Med noen forbehold. Mer om dem snart.<\/p>\n<p> <a href=\"http:\/\/www.tv2.no\/broom\/8052459\/\" rel=\"nofollow noopener\" target=\"_blank\">De f\u00f8rste bildene: Her fikk vi se den nye Volvoen<\/a><\/p>\n<p>        <img class=\"image__img lazyload\" itemprop=\"image\" title=\"Foto: Broom.\" alt=\"NY: Fronten er ganske mye endret fra da XC90 debuterte, men det er nok ikke mange som tenker at dette er en veldig ny bil av den grunn. Foto: Broom.\" width=\"978\" height=\"551\" bad-src=\"https:\/\/www.europesays.com\/no\/wp-content\/uploads\/2025\/12\/18250973.webp\" fetchpriority=\"auto\" \/><\/p>\n<p>      NY: Fronten er ganske mye endret fra da XC90 debuterte, men det er nok ikke mange som tenker at dette er en veldig ny bil av den grunn.<br \/>\n         Foto: Broom.<\/p>\n<p>Oppgradering i fjor<\/p>\n<p>Det som hele tiden har v\u00e6rt den store styrken til XC90 er h\u00f8y kvalitetsf\u00f8lelse og veldig bra langturskomfort. Det er rett og slett ikke mange biler som er bedre \u00e5 dra p\u00e5 langtur med enn denne. Alt stemmer: Sv\u00e6rt gode seter, lavt st\u00f8yniv\u00e5, komfortabelt understell \u2013 og et solid kraftoverskudd n\u00e5r du trenger det.\u00a0 456 hestekrefter s\u00f8rger for det.\u00a0<\/p>\n<p>Spesielt sporty har den aldri v\u00e6rt, men hvor mange er det egentlig som vektlegger det h\u00f8yt n\u00e5r de kj\u00f8per en stor SUV med sju seter? Volvoen leverer til gjengjeld sv\u00e6rt h\u00f8yt p\u00e5 de fleste andre kriteriene vi stiller til en bil som dette.<\/p>\n<p>I fjor fikk XC90 en oppgradering. Utenp\u00e5 vises den egentlig bare i fronten, som til gjengjeld har f\u00e5tt en sv\u00e6rt vellykket oppgradering med ny grill. Bakfra m\u00e5 du nesten eie forrige XC90 selv for \u00e5 se endringene.<\/p>\n<p><a href=\"https:\/\/www.tv2.no\/broom\/premiere-se-hvilken-bil-som-blir-ny-1\/16965482\/\" rel=\"nofollow noopener\" target=\"_blank\">Her hadde oppgraderte XC90 premiere, utenfor Malm\u00f8<\/a><\/p>\n<p>        <img class=\"image__img lazyload\" itemprop=\"image\" title=\"Foto: Volvo.\" alt=\"FORNYET: Interi\u00f8ret fikk en oppgradering i fjor, med blant annet ny infotainmentl\u00f8sning. Men det ser fortsatt ganske tradisjonelt ut. Foto: Volvo.\" width=\"978\" height=\"551\" bad-src=\"https:\/\/www.europesays.com\/no\/wp-content\/uploads\/2025\/12\/18250999.webp\" fetchpriority=\"auto\" \/><\/p>\n<p>      FORNYET: Interi\u00f8ret fikk en oppgradering i fjor, med blant annet ny infotainmentl\u00f8sning. Men det ser fortsatt ganske tradisjonelt ut.<br \/>\n         Foto: Volvo.<\/p>\n<p>Traust og konservativt<\/p>\n<p>Innvendig er ny og st\u00f8rre skjerm p\u00e5 plass, den ligger n\u00e5 \u00abutenp\u00e5\u00bb midtkonsollen, i stedet for \u00e5 v\u00e6re integrert i den. Helt nytt operativsystem er ogs\u00e5 p\u00e5 plass.\u00a0<\/p>\n<p>Det er ogs\u00e5 en del nye detaljer og materialvalg. Dette bidrar til et visuelt l\u00f8ft, samtidig er det ikke til \u00e5 komme fra at det ser ganske traust og konservativt ut sammenlignet med mange andre nye biler, inkludert Volvos egen EX90.<\/p>\n<p>Det er ogs\u00e5 gjort en rekke finjusteringer p\u00e5 understell og demping. Det er ikke store ting, men i sum bidrar det til \u00e5 holde bilen oppdatert.\u00a0<\/p>\n<p>        <img class=\"image__img lazyload\" itemprop=\"image\" title=\"Foto: Volvo.\" alt=\"PLASS: Interi\u00f8ret har f\u00e5tt mye skryt helt fra bilen debuterte. Her gjorde Volvo mye riktig, med b\u00e5de plass og praktiske l\u00f8sninger. Foto: Volvo.\" width=\"978\" height=\"551\" bad-src=\"https:\/\/www.europesays.com\/no\/wp-content\/uploads\/2025\/12\/18251009.webp\" fetchpriority=\"auto\" \/><\/p>\n<p>      PLASS: Interi\u00f8ret har f\u00e5tt mye skryt helt fra bilen debuterte. Her gjorde Volvo mye riktig, med b\u00e5de plass og praktiske l\u00f8sninger.<br \/>\n         Foto: Volvo.<\/p>\n<p>69 kilometer p\u00e5 str\u00f8m<\/p>\n<p>Og s\u00e5 er det en viktig detalj som er betydelig endret fra da XC90 f\u00f8rste gang kom som ladbar hybrid: Rekkevidden p\u00e5 str\u00f8m. I starten var denne offisielt p\u00e5 43 kilometer, men da m\u00e5lt etter den gamle og altfor optimistiske NEDC-metoden. Mange XC90-eiere erfarte at maks 30 kilometer var mer realistisk.<\/p>\n<p>N\u00e5 har dette \u00f8kt til 69 kilometer og det tallet er ogs\u00e5 mulig \u00e5 oppn\u00e5, i alle fall p\u00e5 sommeren. Med mindre du har sv\u00e6rt mye langkj\u00f8ring, betyr dette at du kan gj\u00f8re unna mye av kj\u00f8ringen p\u00e5 str\u00f8m. Dermed ogs\u00e5 ha lave driftskostnader, s\u00e5 lenge du passer p\u00e5 \u00e5 lade.<\/p>\n<p>Helt fra start har XC90 f\u00e5tt mye skryt for et brukervennlig og sv\u00e6rt praktisk interi\u00f8r. Det holder seg ogs\u00e5 godt. Sittekomforten er bra ogs\u00e5 i de to bakerste setene. Med alle setene i bruk har du fortsatt brukbar bagasjeplass igjen. Feller du ned de to bakerste, g\u00e5r det inn hele 640 liter.\u00a0<\/p>\n<p><a href=\"https:\/\/www.tv2.no\/broom\/nei-denne-bilen-har-ingen-planer-om-a-gi-seg\/14623062\/\" rel=\"nofollow noopener\" target=\"_blank\">Her fikk XC90 en viktig endring, for fire \u00e5r siden<\/a> <\/p>\n<p>        <img class=\"image__img lazyload\" itemprop=\"image\" title=\"\" alt=\"H\u00d8ST: Det er h\u00f8st b\u00e5de i naturen og for Volvo XC90, men planen er at bilen skal henge med i flere \u00e5r til.\" width=\"978\" height=\"551\" bad-src=\"https:\/\/www.europesays.com\/no\/wp-content\/uploads\/2025\/12\/18250972.webp\" fetchpriority=\"auto\" \/><\/p>\n<p>      H\u00d8ST: Det er h\u00f8st b\u00e5de i naturen og for Volvo XC90, men planen er at bilen skal henge med i flere \u00e5r til.<\/p>\n<p>Spare nesten 400.000<\/p>\n<p>Det var mye positivt. Men vi har alts\u00e5 ogs\u00e5 noen forbehold \u2013 ikke overraskende handler det i stor grad om prisen.\u00a0<\/p>\n<p>Du f\u00e5r veldig mange fine og langt nyere biler enn dette for 1,3 millioner kroner. Den st\u00f8rste kontrasten blir naturligvis mot helelektriske biler som har mye mindre av b\u00e5de avgifter og moms enn XC90.\u00a0<\/p>\n<p>Et n\u00e6rliggende eksempel: Nevnte Volvo EX90 som starter p\u00e5 904.500 kroner. Her sparer du alts\u00e5 nesten 400.000 kroner p\u00e5 \u00e5 velge elektrisk. Da f\u00e5r du ogs\u00e5 en mye mer moderne bil. Du skal nok v\u00e6re sv\u00e6rt rekkevidde- bekymret for \u00e5 mene at XC90 er et rasjonelt valg av disse to.<\/p>\n<p>Endret p\u00e5 strategien<\/p>\n<p>Men som kjent: Alt handler ikke om \u00e5 tenke rasjonelt n\u00e5r du skal ha ny bil. Volvo nyter godt av to ting her: 1) Mange eksisterende og forn\u00f8yde XC90-eiere. 2) Kunder som ikke f\u00f8ler seg klare for elbil enn\u00e5 og har r\u00e5d til \u00e5 betale\u00a0 ekstra for en annen drivlinje.\u00a0<\/p>\n<p>S\u00e5 h\u00f8rer det ogs\u00e5 med til historien at Volvo selv har endret p\u00e5 salgs-strategien sin. Opprinnelig var planen at de skulle kutte ut alt av ikke-elbiler fra 2030. Det gikk de tilbake p\u00e5 i fjor h\u00f8st. Da fortalte de at andre drivlinjer skulle v\u00e6re med lenger. Og i forrige uke kom nyheten om at Volvo n\u00e5 ser for seg at de skal selge ikke-elbiler helt fram mot 2040.<\/p>\n<p><a href=\"https:\/\/www.tv2.no\/broom\/utsetter-elbilmal-med-ti-ar\/18243607\/\" rel=\"nofollow noopener\" target=\"_blank\">LES MER: Volvo utsetter elbilm\u00e5l med ti \u00e5r<\/a><\/p>\n<p>        <img class=\"image__img lazyload\" itemprop=\"image\" title=\"Foto: Broom.\" alt=\"DYR: Startprisen p\u00e5 XC90 kryper n\u00e5 opp mot 1,3 millioner kroner, da f\u00e5r den det t\u00f8ft mot mange sterke konkurrenter. Foto: Broom.\" width=\"978\" height=\"551\" bad-src=\"https:\/\/www.europesays.com\/no\/wp-content\/uploads\/2025\/12\/18250971.webp\" fetchpriority=\"auto\" \/><\/p>\n<p>      DYR: Startprisen p\u00e5 XC90 kryper n\u00e5 opp mot 1,3 millioner kroner, da f\u00e5r den det t\u00f8ft mot mange sterke konkurrenter.<br \/>\n         Foto: Broom.<\/p>\n<p>Helt ny XC90?<\/p>\n<p>Det betyr ogs\u00e5 at vi kan vente oss helt nye modeller fra merket, som ikke er elbiler. Blant dem SUV-en XC70 som f\u00f8rst blir lansert i Kina, men som ogs\u00e5 skal komme til Europa.<\/p>\n<p>Kan det ogs\u00e5 bety en helt ny generasjon XC90? Det vet vi ingen ting om enn\u00e5. Men med den suksessen denne modellen har hatt, vil vi absolutt ikke utelukke det.\u00a0<\/p>\n<p><a href=\"https:\/\/www.tv2.no\/broom\/de-ma-ha-gjort-veldig-mye-riktig\/17369128\/\" rel=\"nofollow noopener\" target=\"_blank\">Les testen: De m\u00e5 ha gjort veldig mye riktig\u00a0<\/a><\/p>\n<p class=\"italic m-italic\" data-lab-italic=\"italic\">PS: Land Rover Discovery Sport er omtrent like gammel som XC90. Men av den er det bare solgt ett eksemplarer i Norge i \u00e5r og bilen forsvinner ut n\u00e5r det er klart for nytt modell\u00e5r.\u00a0<\/p>\n<p>        VOLVO XC90 T8 ULTRA DARK<\/p>\n<p class=\"bold m-bold\" data-lab-font_weight=\"bold\">Motor og ytelser:<\/p>\n<ul>\n<li>Bensin + elmotor<\/li>\n<li>Effekt: 456 hk \/ 709 Nm<\/li>\n<li>0-100 km\/t: 5,4 sek.<\/li>\n<li>Toppfart: 180 km\/t<\/li>\n<li>Forbruk: 0,14 liter\/mil<\/li>\n<\/ul>\n<p class=\"bold m-bold\" data-lab-font_weight=\"bold\">Batteri\/lading:<\/p>\n<p class=\"bold m-bold\" data-lab-font_weight=\"bold\">M\u00e5l, vekt og volum:<\/p>\n<ul>\n<li>Lengde x bredde x h\u00f8yde: 495 x 193x 176 cm<\/li>\n<li>Bagasjerom: 640 liter<\/li>\n<li>Vekt: 2.297 kg<\/li>\n<li>Tilhengervekt: 2.400 kilo<\/li>\n<li>Taklast: 100 kilo<\/li>\n<\/ul>\n<p class=\"bold m-bold\" data-lab-font_weight=\"bold\">Pris:<\/p>\n<ul>\n<li>Startpris: 1.282.300 kroner.<\/li>\n<li>Pris testbil: 1.333.800 kroner.<\/li>\n<\/ul>\n","protected":false},"excerpt":{"rendered":"Saken oppsummert Volvo XC90 ble lansert i 2014 som den f\u00f8rste, nye modellen etter at Volvo ble solgt&hellip;\n","protected":false},"author":2,"featured_media":103469,"comment_status":"","ping_status":"","sticky":false,"template":"","format":"standard","meta":{"footnotes":""},"categories":[56],"tags":[60,61,62,30,28,29],"class_list":{"0":"post-103468","1":"post","2":"type-post","3":"status-publish","4":"format-standard","5":"has-post-thumbnail","7":"category-naeringsliv","8":"tag-business","9":"tag-economy","10":"tag-naeringsliv","11":"tag-no","12":"tag-norge","13":"tag-norway"},"share_on_mastodon":{"url":"https:\/\/pubeurope.com\/@no\/115657573844853592","error":""},"_links":{"self":[{"href":"https:\/\/www.europesays.com\/no\/wp-json\/wp\/v2\/posts\/103468","targetHints":{"allow":["GET"]}}],"collection":[{"href":"https:\/\/www.europesays.com\/no\/wp-json\/wp\/v2\/posts"}],"about":[{"href":"https:\/\/www.europesays.com\/no\/wp-json\/wp\/v2\/types\/post"}],"author":[{"embeddable":true,"href":"https:\/\/www.europesays.com\/no\/wp-json\/wp\/v2\/users\/2"}],"replies":[{"embeddable":true,"href":"https:\/\/www.europesays.com\/no\/wp-json\/wp\/v2\/comments?post=103468"}],"version-history":[{"count":0,"href":"https:\/\/www.europesays.com\/no\/wp-json\/wp\/v2\/posts\/103468\/revisions"}],"wp:featuredmedia":[{"embeddable":true,"href":"https:\/\/www.europesays.com\/no\/wp-json\/wp\/v2\/media\/103469"}],"wp:attachment":[{"href":"https:\/\/www.europesays.com\/no\/wp-json\/wp\/v2\/media?parent=103468"}],"wp:term":[{"taxonomy":"category","embeddable":true,"href":"https:\/\/www.europesays.com\/no\/wp-json\/wp\/v2\/categories?post=103468"},{"taxonomy":"post_tag","embeddable":true,"href":"https:\/\/www.europesays.com\/no\/wp-json\/wp\/v2\/tags?post=103468"}],"curies":[{"name":"wp","href":"https:\/\/api.w.org\/{rel}","templated":true}]}}