{"id":103474,"date":"2025-12-03T20:44:14","date_gmt":"2025-12-03T20:44:14","guid":{"rendered":"https:\/\/www.europesays.com\/no\/103474\/"},"modified":"2025-12-03T20:44:14","modified_gmt":"2025-12-03T20:44:14","slug":"johan-olav-botn-tok-sin-forste-verdenscupseier-martin-uldal-pa-pallen","status":"publish","type":"post","link":"https:\/\/www.europesays.com\/no\/103474\/","title":{"rendered":"Johan-Olav Botn tok sin f\u00f8rste verdenscupseier \u2013 Martin Uldal p\u00e5 pallen"},"content":{"rendered":"<p>L\u00f8peren fra St\u00e5rheim plaffet ned samtlige 20 blinker og gikk et solid langrenn over 20 kilometer. Botn hadde ledertiden etter de tre siste skytingene.<\/p>\n<p>Seieren er hans f\u00f8rste p\u00e5 \u00f8verste niv\u00e5. Inntil onsdag hadde 26-\u00e5ringen en tredjeplass p\u00e5 sprint som toppresultat i verdenscupen.<\/p>\n<p>Ekstra gledelig for Norge var at Martin Uldal la seg inn p\u00e5 plassen bak Botn. Svenskenes store hjemmeh\u00e5p Samuel Samuelsson stoppet det som kunne blitt en helnorsk pall.<\/p>\n<p>\u2013 Dette hadde jeg ikke trodd for to timer siden. N\u00e5 f\u00f8ler jeg meg helt r\u00e5, \u00abon top of the world\u00bb, men det har v\u00e6rt en liten berg-og-dal-bane siden stafetten s\u00f8ndag, sa Botn til NRK etter karrierens hittil st\u00f8rste opptur.<\/p>\n<p>S\u00e5r hals<\/p>\n<p>Mandag v\u00e5knet han med s\u00e5r hals og var usikker p\u00e5 fortsettelsen.<\/p>\n<p>\u2013 Jeg trodde sesongen kom til \u00e5 ryke og var helt nedfor, men det l\u00f8snet litt i dag. Det var litt fram og tilbake om jeg skulle g\u00e5. Jeg f\u00f8lte meg veldig bra p\u00e5 oppvarming, og jeg skj\u00f8nte tidlig i l\u00f8pet at jeg ikke hadde noe \u00e5 klage over, utdypet Botn.<\/p>\n<p>IBU-cupen har i flere sesonger v\u00e6rt Botns hovedarena, men p\u00e5 tampen av 2025 kom gjennombruddet blant eliten.<\/p>\n<p>\u2013 Jeg h\u00e5per \u00e5 f\u00e5 fjernet stempelet p\u00e5 at jeg er en d\u00e5rlig skytter ganske snart. Dette er helt ubeskrivelig, og jeg sliter med \u00e5 tenke klart.<\/p>\n<p>Uldal skj\u00f8t ikke raskt, men var treffsikker. Han ble sl\u00e5tt med 57,7 sekunder.<\/p>\n<p>\u2013 Martin Uldal er inne med en god s\u00f8knad til OL, sa NRKs ekspertkommentator Torgeir Bj\u00f8rn underveis i l\u00f8pet.<\/p>\n<p>Dominerer<\/p>\n<p>Norge fortsetter \u00e5 dominere herreskiskyting selv uten br\u00f8drene Tarjei B\u00f8 og Johannes Thingnes B\u00f8. Fire av de fem \u00f8verste plassene gikk til norske l\u00f8pere onsdag.<\/p>\n<p>Sivert Guttorm Bakken p\u00e5dro seg ett tilleggsminutt og ble nummer fire, mens regjerende verdenscupvinner Sturla Holm L\u00e6greid tok 5.-plassen. Sistnevnte p\u00e5dro seg en millimeterbom p\u00e5 andre skyting.<\/p>\n<p>Skiskytterherrene fortsetter oppholdet i \u00d6stersund med sprint l\u00f8rdag, mens det rundes av med fellesstart dagen etter.<\/p>\n","protected":false},"excerpt":{"rendered":"L\u00f8peren fra St\u00e5rheim plaffet ned samtlige 20 blinker og gikk et solid langrenn over 20 kilometer. Botn hadde&hellip;\n","protected":false},"author":2,"featured_media":103475,"comment_status":"","ping_status":"","sticky":false,"template":"","format":"standard","meta":{"footnotes":""},"categories":[59],"tags":[967,30,28,29,83,82],"class_list":{"0":"post-103474","1":"post","2":"type-post","3":"status-publish","4":"format-standard","5":"has-post-thumbnail","7":"category-sport","8":"tag-artikler-fra-ntb","9":"tag-no","10":"tag-norge","11":"tag-norway","12":"tag-sport","13":"tag-sports"},"share_on_mastodon":{"url":"https:\/\/pubeurope.com\/@no\/115657589580502267","error":""},"_links":{"self":[{"href":"https:\/\/www.europesays.com\/no\/wp-json\/wp\/v2\/posts\/103474","targetHints":{"allow":["GET"]}}],"collection":[{"href":"https:\/\/www.europesays.com\/no\/wp-json\/wp\/v2\/posts"}],"about":[{"href":"https:\/\/www.europesays.com\/no\/wp-json\/wp\/v2\/types\/post"}],"author":[{"embeddable":true,"href":"https:\/\/www.europesays.com\/no\/wp-json\/wp\/v2\/users\/2"}],"replies":[{"embeddable":true,"href":"https:\/\/www.europesays.com\/no\/wp-json\/wp\/v2\/comments?post=103474"}],"version-history":[{"count":0,"href":"https:\/\/www.europesays.com\/no\/wp-json\/wp\/v2\/posts\/103474\/revisions"}],"wp:featuredmedia":[{"embeddable":true,"href":"https:\/\/www.europesays.com\/no\/wp-json\/wp\/v2\/media\/103475"}],"wp:attachment":[{"href":"https:\/\/www.europesays.com\/no\/wp-json\/wp\/v2\/media?parent=103474"}],"wp:term":[{"taxonomy":"category","embeddable":true,"href":"https:\/\/www.europesays.com\/no\/wp-json\/wp\/v2\/categories?post=103474"},{"taxonomy":"post_tag","embeddable":true,"href":"https:\/\/www.europesays.com\/no\/wp-json\/wp\/v2\/tags?post=103474"}],"curies":[{"name":"wp","href":"https:\/\/api.w.org\/{rel}","templated":true}]}}