{"id":103482,"date":"2025-12-03T20:51:11","date_gmt":"2025-12-03T20:51:11","guid":{"rendered":"https:\/\/www.europesays.com\/no\/103482\/"},"modified":"2025-12-03T20:51:11","modified_gmt":"2025-12-03T20:51:11","slug":"norge-ydmyker-sverige-uhort","status":"publish","type":"post","link":"https:\/\/www.europesays.com\/no\/103482\/","title":{"rendered":"Norge ydmyker Sverige: &#8211; Uh\u00f8rt"},"content":{"rendered":"<p class=\"kicker bg-gold color_mobile_bg-gold align-center mobile_text_align_align-center hasTextPadding mobile-hasTextPadding\" style=\"\">H\u00e5ndball-VM<\/p>\n<p>  Svenskenes sjokkuttak gikk \u00e5t skogen. Til pause ledet Norge med 13: &#8211; Dette er uh\u00f8rt.<\/p>\n<p>\n    NORSK STORSEIER: Nora M\u00f8rk feirer mot Sverige. Foto: Beate Oma Dahle \/ NTB\n  <\/p>\n<p class=\"bg-red color_mobile_bg-red align-center mobile_text_align_align-center font-weight-bold m-font-weight-bold\" data-lab-text_background_color=\"bg-red\" data-lab-text_align=\"center\" data-lab-font_weight=\"font-weight-bold\">Norge &#8211; Sverige (p\u00e5g\u00e5r)<\/p>\n<p><a href=\"https:\/\/live.dagbladet.no\/handball\/3\/2025-12-03\/kamp\/243139\/referat\" rel=\"nofollow noopener\" target=\"_blank\"><\/p>\n<ul class=\"lab-bodytext-line\" droppable=\"true\">\n<li class=\"lab-bodytext-line font-weight-bold m-font-weight-bold\" data-lab-font_weight=\"font-weight-bold\">AKKURAT N\u00c5: F\u00f8lg kampen live her!<\/li>\n<\/ul>\n<p><\/a><\/p>\n<p>DORTMUND (Dagbladet): Reaksjonene hagler etter at Norge kj\u00f8rer over Sverige i VM i Tyskland.<\/p>\n<p>&#8211; Dette er sifre man ser mot Kasakhstan, dette er Sverige. Det er en sjelden smekk p\u00e5 lanken. Vi knuser de, jeg har ikke sett maken. De slo Norge i OL for ett \u00e5r siden, se p\u00e5 det her da. En historisk ydmykelse, m\u00e5per H\u00f8glund.\u00a0<\/p>\n<p> &#8211; Det er helt forferdelig. Dette m\u00e5 v\u00e6re en av de verste omganene Sverige har hatt de siste \u00e5rene. Jeg kan ikke huske at det har v\u00e6rt s\u00e5 langt bak f\u00f8r. Det er m\u00f8rkt. M\u00f8rkt i Sverige og lyst i Norge, sier Viaplay Sveriges h\u00e5ndballekspert Claes Hellgren.<\/p>\n<p>&#8211; Det er slakt i Dortmund, la kommentator Anders Bjuhr til. <\/p>\n<p>&#8211; Norge-Sverige 24-11 til pause i en VM-kamp. Uvirkelig. Hvis dette var skihopp ville uv\u00e6ret som n\u00e5 rammer svenskene f\u00f8rt til at 2. omgang hadde blitt avlyst, skriver TV 2s h\u00e5ndballkommentator Harald Bredeli p\u00e5 X.<\/p>\n<p>          <img loading=\"lazy\" decoding=\"async\" src=\"https:\/\/www.europesays.com\/no\/wp-content\/uploads\/2025\/12\/83935743.webp\" width=\"686\" height=\"460\" title=\"SLAKT: Sveriges Mathilda Lundstr\u00f6m og Nina Koppang. Foto: Bildbyr\u00e5n\" alt=\"\" class=\"\" style=\"--aspect-ratio-image: 1.49; \"\/><\/p>\n<p>\n          SLAKT: Sveriges Mathilda Lundstr\u00f6m og Nina Koppang. Foto: Bildbyr\u00e5n\n      <\/p>\n<p>&#8211; Det er uh\u00f8rt, sier <a href=\"https:\/\/sport.tv2.dk\/live\/haandbold\/2025-12-03-sverige-har-ryggen-mod-muren-mod-norge\" rel=\"nofollow noopener\" target=\"_blank\">TV 2 Sports<\/a> h\u00e5ndballekspert Jakob Larsen.<\/p>\n<p>Ekspert hos samme kanal, Louise F\u00f8ns, blir spurt om hun er sjokkert:<\/p>\n<p>&#8211; Ja, det er jeg, svarer hun kontant.<\/p>\n<p>Sverige-sjef Tomas Axn\u00e9r valgte \u00e5 benke det soleklare f\u00f8rstevalget i m\u00e5l, Johanna Bundsen, fra start. Det var kvinnen som stengte buret sist Norge tapte i et mesterskap.<\/p>\n<p>Isteden fikk Filippa Id\u00e9hn sjansen. Gunnar Pettersen var sv\u00e6rt kritisk p\u00e5 direkten hos TV 3.\u00a0<\/p>\n<p>&#8211;\u00a0Jeg mener Axn\u00e9r gambler, hun har v\u00e6rt en av de d\u00e5rligste m\u00e5lvaktene i Champions League, sa Pettersen ved kampstart.\u00a0<\/p>\n<p>          <img loading=\"lazy\" decoding=\"async\" src=\"https:\/\/www.europesays.com\/no\/wp-content\/uploads\/2025\/12\/83935669.webp\" width=\"686\" height=\"460\" title=\"SJOKKUTTAKET: De svenske keeperen Johanna Bundsen og Filippa Id\u00e9hn. Foto: Beate Oma Dahle \/ NTB\" alt=\"\" class=\"\" style=\"--aspect-ratio-image: 1.49; \"\/><\/p>\n<p>\n          SJOKKUTTAKET: De svenske keeperen Johanna Bundsen og Filippa Id\u00e9hn. Foto: Beate Oma Dahle \/ NTB\n      <\/p>\n<p>De neste 15 minuttene ble hun skutt i senk av Henny Reistad og det norske laget. Etter 11 m\u00e5l ble hun plukket av.<\/p>\n<p>&#8211; En feilvurdering, m\u00e5 vi kunne si av den svenske landslagssjefen, sa Daniel H\u00f8glund.\u00a0<\/p>\n<p>&#8211;\u00a0Det byttet kom fem minutter for sent, sl\u00e5r NRK-ekspert Kenneth Gabrielsen fast p\u00e5 radiosendingen.\u00a0<\/p>\n<p>Til tross for byttet fortsatte Norge \u00e5 kj\u00f8re over Sverige.\u00a0<\/p>\n","protected":false},"excerpt":{"rendered":"H\u00e5ndball-VM Svenskenes sjokkuttak gikk \u00e5t skogen. Til pause ledet Norge med 13: &#8211; Dette er uh\u00f8rt. NORSK STORSEIER:&hellip;\n","protected":false},"author":2,"featured_media":103483,"comment_status":"","ping_status":"","sticky":false,"template":"","format":"standard","meta":{"footnotes":""},"categories":[59],"tags":[105,9443,30,28,29,83,82],"class_list":{"0":"post-103482","1":"post","2":"type-post","3":"status-publish","4":"format-standard","5":"has-post-thumbnail","7":"category-sport","8":"tag-handball","9":"tag-handball-vm","10":"tag-no","11":"tag-norge","12":"tag-norway","13":"tag-sport","14":"tag-sports"},"share_on_mastodon":{"url":"https:\/\/pubeurope.com\/@no\/115657617283937845","error":""},"_links":{"self":[{"href":"https:\/\/www.europesays.com\/no\/wp-json\/wp\/v2\/posts\/103482","targetHints":{"allow":["GET"]}}],"collection":[{"href":"https:\/\/www.europesays.com\/no\/wp-json\/wp\/v2\/posts"}],"about":[{"href":"https:\/\/www.europesays.com\/no\/wp-json\/wp\/v2\/types\/post"}],"author":[{"embeddable":true,"href":"https:\/\/www.europesays.com\/no\/wp-json\/wp\/v2\/users\/2"}],"replies":[{"embeddable":true,"href":"https:\/\/www.europesays.com\/no\/wp-json\/wp\/v2\/comments?post=103482"}],"version-history":[{"count":0,"href":"https:\/\/www.europesays.com\/no\/wp-json\/wp\/v2\/posts\/103482\/revisions"}],"wp:featuredmedia":[{"embeddable":true,"href":"https:\/\/www.europesays.com\/no\/wp-json\/wp\/v2\/media\/103483"}],"wp:attachment":[{"href":"https:\/\/www.europesays.com\/no\/wp-json\/wp\/v2\/media?parent=103482"}],"wp:term":[{"taxonomy":"category","embeddable":true,"href":"https:\/\/www.europesays.com\/no\/wp-json\/wp\/v2\/categories?post=103482"},{"taxonomy":"post_tag","embeddable":true,"href":"https:\/\/www.europesays.com\/no\/wp-json\/wp\/v2\/tags?post=103482"}],"curies":[{"name":"wp","href":"https:\/\/api.w.org\/{rel}","templated":true}]}}