{"id":103492,"date":"2025-12-03T21:02:05","date_gmt":"2025-12-03T21:02:05","guid":{"rendered":"https:\/\/www.europesays.com\/no\/103492\/"},"modified":"2025-12-03T21:02:05","modified_gmt":"2025-12-03T21:02:05","slug":"difor-seier-kommunane-nei-til-utbygging-nrk-vestland","status":"publish","type":"post","link":"https:\/\/www.europesays.com\/no\/103492\/","title":{"rendered":"Difor seier kommunane nei til utbygging \u2013 NRK Vestland"},"content":{"rendered":"<p>Saka oppsummert:<\/p>\n<p>\u2013 Ettersp\u00f8rselen etter elektrisitet i Noreg aukar seks gonger raskare enn utbygginga av ny kraftproduksjon.<br \/>\u2013 Mange norske kommunar seier nei til vindkraft, sj\u00f8lv om det kan gi store \u00f8konomiske fordelar.<br \/>\u2013 Kommunar som seier nei til vindkraft, ser ofte naturvern og lokal identitet som viktigare enn \u00f8konomisk vinning.<br \/>\u2013 Datasenter vil st\u00e5 for 7 % av Noregs totale straumforbruk innan 2040, noko som aukar presset p\u00e5 kraftproduksjonen.<br \/>\u2013 Manglande st\u00f8tte i befolkninga og tillitssvikt mellom styresmakter og lokalsamfunn hemjar utbygginga av fornybar energi.<br \/>\u2013 Prosjekt som \u00abGr\u00f8n region Vestland\u00bb pr\u00f8ver \u00e5 auke kraftproduksjonen ved \u00e5 styrke dialogen med lokale akt\u00f8rar.<\/p>\n<p>Oppsummeringa er laga av ei KI-teneste fr\u00e5 OpenAI. Innhaldet er kvalitetssikra av NRK sine journalistar f\u00f8r publisering.<\/p>\n<p><strong>Mens resten av Europa bygger ut vindkraft i h\u00f8gt tempo, sakkar Noreg akterut i energiomstillinga.<\/strong><\/p>\n<p>Det er konklusjonen i ein ny rapport fr\u00e5 <a href=\"https:\/\/brandcentral.dnv.com\/shared\/assets\/2adc3d87437be2c72390\" ec-id=\"https:\/\/brandcentral.dnv.com\/shared\/assets\/2adc3d87437be2c72390\" ec-name=\"DNV\" rel=\"nofollow noopener\" target=\"_blank\">DNV<\/a>, som blei lagd fram onsdag morgon. <\/p>\n<p>\u2013 Ettersp\u00f8rselen etter elektrisitet aukar seks gonger raskare enn ny kraftproduksjon. Dette er d\u00e5rleg nytt, seier Remi Eriksen, konsernsjef i DNV. <\/p>\n<p>If\u00f8lge prognosen vil <a href=\"https:\/\/www.nrk.no\/vestland\/xl\/brak-om-kraftinntekter_-79-datasenter-forsterkar-forskjellane-mellom-fattig-og-rik-i-kommune-noreg-1.17648649\" ec-id=\"pp:article:1.17648649\" ec-name=\"datasenter\" rel=\"nofollow noopener\" target=\"_blank\">datasenter<\/a> aleine bruke 15 TWh innan 2040. Det svarer til 7 prosent av det totale straumforbruket i Noreg. <\/p>\n<p>I andre enden av forsyningskjeda har utbygginga av ny kraft stagnert.<\/p>\n<p><strong>\u2013 Manglande st\u00f8tte i befolkninga gjer at den norske fornybarsatsinga bremsar opp, seier Eriksen. <\/strong><\/p>\n<p>Kommune tente 96 millionar kroner p\u00e5 vindkraft<\/p>\n<p>I 2024 blei det utbetalt 572 millionar \u00abvindkraft-kroner\u00bb til norske kommunar.<\/p>\n<p>P\u00e5 toppen tronar \u00c5fjord kommune som tente 96 millionar kroner p\u00e5 vindkraft \u2013 vel halvparten i form av eigedomsskatt. <\/p>\n<p>Resten kom som <a href=\"https:\/\/www.nrk.no\/vestland\/troystepremie-for-kommunane_-foreslar-ny-avgift-pa-vindkraft-1.15686912\" ec-id=\"pp:article:1.15686912\" ec-name=\"produksjonsavgift\" rel=\"nofollow noopener\" target=\"_blank\">produksjonsavgift<\/a>.<\/p>\n<p>Desse kommunane tente mest p\u00e5 vindkraft i 2024<\/p>\n<ul>\n<li>\u00c5fjord 95,9 millionar<\/li>\n<li>Bjerkreim 41,6 millionar<\/li>\n<li>Vefsn 33,8 millionar<\/li>\n<li>Troms\u00f8 32,6 millionar<\/li>\n<li>Bremanger 22,7 millionar<\/li>\n<li>Orkland 22,1 millionar<\/li>\n<li>Hitra 17,6 millionar<\/li>\n<li>Eigersund 16,7 millionar<\/li>\n<li>Fitjar 16,2 millionar<\/li>\n<li>Sm\u00f8la 15,0 millionar<\/li>\n<\/ul>\n<p><strong>Men sj\u00f8lv om gulr\u00f8tene har blitt st\u00f8rre, har den norske kraftutbygginga g\u00e5tt mot null (med nokre <a href=\"https:\/\/www.nrk.no\/vestland\/fornybar-energi-i-noreg_-dette-er-kommunane-som-seier-ja-til-kraftutbygging-1.17350313\" ec-id=\"pp:article:1.17350313\" ec-name=\"unntak\" rel=\"nofollow noopener\" target=\"_blank\">unntak<\/a>).<\/strong><\/p>\n<p>NRK har studert n\u00f8kkeltala til 25 kommunar som har sagt nei til kraftutbygging dei siste to \u00e5ra.<\/p>\n<p>Kommunane som har sagt nei dei siste to \u00e5ra<\/p>\n<p>Vestland<\/p>\n<ul>\n<li>Masfjorden, <a href=\"https:\/\/www.bt.no\/nyheter\/lokalt\/i\/kzxnmx\/disse-ordfoererne-sier-nei-til-stoeres-vindkraft-penger\" ec-id=\"https:\/\/www.bt.no\/nyheter\/lokalt\/i\/kzxnmx\/disse-ordfoererne-sier-nei-til-stoeres-vindkraft-penger\" ec-name=\"nei\" rel=\"nofollow noopener\" target=\"_blank\">nei<\/a> til vindkraft f\u00f8r valet<\/li>\n<li>Modalen, <a href=\"https:\/\/www.nrk.no\/vestland\/modalen-sa-klart-nei-til-vindkraft--1.17334018\" ec-id=\"pp:article:1.17334018\" ec-name=\"mars\" rel=\"nofollow noopener\" target=\"_blank\">mars<\/a> 2025<\/li>\n<li>Alver, <a href=\"https:\/\/www.bt.no\/klima-og-miljoe\/i\/93m7p9\/alver-vil-ikke-ha-vindkraft-i-fjellene-ordfoerer-vil-bevare-natur-fjell-og-friluftsliv-fri-for-inngrep\" ec-id=\"https:\/\/www.bt.no\/klima-og-miljoe\/i\/93m7p9\/alver-vil-ikke-ha-vindkraft-i-fjellene-ordfoerer-vil-bevare-natur-fjell-og-friluftsliv-fri-for-inngrep\" ec-name=\"mai\" rel=\"nofollow noopener\" target=\"_blank\">mai<\/a> 2024<\/li>\n<li>Vaksdal, <a href=\"https:\/\/www.vp.no\/me-treng-framleis-ikkje-landbasert-vindkraft-i-vaksdal-kommune\/s\/5-134-109275\" ec-id=\"https:\/\/www.vp.no\/me-treng-framleis-ikkje-landbasert-vindkraft-i-vaksdal-kommune\/s\/5-134-109275\" ec-name=\"april\" rel=\"nofollow noopener\" target=\"_blank\">april<\/a> 2024<\/li>\n<li>Bj\u00f8rnafjorden, <a href=\"https:\/\/www.osogfusa.no\/nyhende\/gjorde-prinsippvedtak-sa-nei-til-vindkraft-i-bjornafjorden\/\" ec-id=\"https:\/\/www.osogfusa.no\/nyhende\/gjorde-prinsippvedtak-sa-nei-til-vindkraft-i-bjornafjorden\/\" ec-name=\"mars\" rel=\"nofollow noopener\" target=\"_blank\">mars<\/a> 2024<\/li>\n<li>Sveio, prinsipielt <a href=\"https:\/\/vestavind-sveio.no\/2020\/06\/16\/rungande-nei-til-vindkraft-i-sveio\/\" ec-id=\"https:\/\/vestavind-sveio.no\/2020\/06\/16\/rungande-nei-til-vindkraft-i-sveio\/\" ec-name=\"nei\" rel=\"nofollow noopener\" target=\"_blank\">nei<\/a> til landvind<\/li>\n<\/ul>\n<p>Agder<\/p>\n<p>Innlandet<\/p>\n<p>M\u00f8re og Romsdal<\/p>\n<p>Oslo og Viken<\/p>\n<ul>\n<li>Aurskog-H\u00f8land, <a href=\"https:\/\/www.indre.no\/inviterer-til-folkemote-om-vindkraftverk-like-utenfor-aurskog-holand\/s\/5-25-421467\" ec-id=\"https:\/\/www.indre.no\/inviterer-til-folkemote-om-vindkraftverk-like-utenfor-aurskog-holand\/s\/5-25-421467\" ec-name=\"mars\" rel=\"nofollow noopener\" target=\"_blank\">mars<\/a> 2022<\/li>\n<li>Indre \u00d8stfold, <a href=\"https:\/\/www.smaalenene.no\/hvorfor-si-nei-til-vindkraft-for-fakta-er-pa-plass\/o\/5-38-1357656\" ec-id=\"https:\/\/www.smaalenene.no\/hvorfor-si-nei-til-vindkraft-for-fakta-er-pa-plass\/o\/5-38-1357656\" ec-name=\"mars\" rel=\"nofollow noopener\" target=\"_blank\">mars<\/a> 2023<\/li>\n<\/ul>\n<p>Rogaland<\/p>\n<p>Telemark<\/p>\n<p>Troms<\/p>\n<p>Tr\u00f8ndelag<\/p>\n<p><img decoding=\"async\"   src=\"data:image\/gif;base64,R0lGODlhAQABAIAAAAAAAP\/\/\/yH5BAEAAAAALAAAAAABAAEAAAIBRAA7\" loading=\"eager\" alt=\"Remi Eriksen\" title=\"Foto: Sturlason AS Polyfoto\"\/><\/p>\n<p class=\"\">\u2013 Manglande st\u00f8tte i befolkninga gjer at den norske fornybarsatsinga bremsar opp, seier Remi Eriksen, konsernsjef i DNV.\n<\/p>\n<p>Foto: Sturlason AS Polyfoto<\/p>\n<p>Historisk har det vore ein tommelfingerregel at kommunane som har r\u00e5d til \u00e5 seie nei til kraftutbygging er dei same som endar opp med \u00e5 seie nei.<\/p>\n<p>NRKs kartlegging peiker mot at denne \u00abregelen\u00bb er snudd p\u00e5 hovudet:<\/p>\n<p>Dei som seier nei er ogs\u00e5 dei som har mest \u00e5 vinne (i kroner og \u00f8re) p\u00e5 eit ja.<\/p>\n<p><strong>Eller sagt p\u00e5 anna vis: Naturvern er ikkje lenger ein \u00abluksus\u00bb for dei betrestilte.<\/strong><\/p>\n<p>    \u2190<\/p>\n<ul data-scroll-container=\"\" role=\"list\" aria-label=\"Bildegalleri\">\n<li><img alt=\"Bildet viser en tabell med \u00f8konomiske data for ulike kommuner i Norge. Kolonnene inneholder informasjon om netto driftsresultat, langsiktig gjeld, egenkapital, og andel eldre. Fargene i tabellen indikerer ulike niv\u00e5er av resultater, med gr\u00f8nt for positive tall og r\u00f8dt for negative. Dataene gir en oversikt over kommunenes \u00f8konomiske situasjon.\"  width=\"3840\" height=\"2879\" loading=\"lazy\"\/>\n<p>Samanfatta viser oversikta at fleirtalet av kommunane som har vendt tommelen ned har h\u00f8g gjeldsgrad og negativt driftsresultat i 2024.<\/p>\n<\/li>\n<li><img alt=\"Bildet viser et diagram med n\u00f8kkeltall for 25 kommuner som har sagt nei til vindkraft. Det inneholder data som netto driftsresultat, gjeld, og andelen eldre i befolkningen. Fargene i diagrammet varierer mellom gr\u00f8nt, gult og r\u00f8dt, som indikerer ulike prosentverdier. Tabellen gir innsikt i kommunenes \u00f8konomiske status og demografiske sammensetning fra 2015 til 2025.\"  width=\"3840\" height=\"2879\" loading=\"lazy\"\/>\n<p>Vidare viser oversikta at nesten alle \u00abnei-kommunane\u00bb har ein h\u00f8gare del eldre enn landssnittet, og at \u00e5tte av dei har ei negativ befolkningsutvikling.<\/p>\n<\/li>\n<li><img alt=\"Tabell som viser n\u00f8kkeltall for 25 kommuner som har sagt nei til vindkraft. Dataene inkluderer netto driftsresultat, lang siktig gjeld, fri egenkapital og andel eldre. Fargene i tabellen indikerer varierende niv\u00e5er av verdiene. Tabellen gir en oversikt over \u00f8konomiske og demografiske forhold i de aktuelle kommunene.\"  width=\"3840\" height=\"2879\" loading=\"lazy\"\/>\n<p>NRK har studert n\u00f8kkeltala til 25 kommunar som har sagt nei til kraftutbygging dei siste to \u00e5ra.<\/p>\n<\/li>\n<li><img alt=\"DNV reknarmed at utbygging av landvind vil ta seg opp p\u00e5 2030-talet.\"  width=\"3840\" height=\"1920\" loading=\"lazy\"\/>\n<p>DNV reknar\u00a0med at utbygging av landvind vil ta seg opp p\u00e5 2030-talet.<\/p>\n<\/li>\n<\/ul>\n<p>\u2192<\/p>\n<p>\u2013 Ikkje aktuelt med vindkraft i v\u00e5r kommune<\/p>\n<p>Vestlandskommunen Vaksdal sa prinsipielt nei til vindkraft i 2018. Sidan har innbyggarane i kommunen blitt f\u00e6rre og eldre. <\/p>\n<p>Vaksdal-ordf\u00f8rar Hege Eide Vik (Sp) meiner likevel at vedtaket st\u00e5r seg.<\/p>\n<p><strong>\u2013 Om kommunar skal gi naturressursar og areal til fellesskapen, er det heilt avgjerande at dei f\u00e5r ein kompensasjon som opplevast som rimeleg, seier ho.<\/strong><\/p>\n<p>I fjor <a href=\"https:\/\/www.vp.no\/me-treng-framleis-ikkje-landbasert-vindkraft-i-vaksdal-kommune\/s\/5-134-109275\" ec-id=\"https:\/\/www.vp.no\/me-treng-framleis-ikkje-landbasert-vindkraft-i-vaksdal-kommune\/s\/5-134-109275\" ec-name=\"gjentok\" rel=\"nofollow noopener\" target=\"_blank\">gjentok<\/a> kommunen at det ikkje er aktuelt med vindkraft p\u00e5 deira grunn.<\/p>\n<p><img decoding=\"async\"   src=\"data:image\/gif;base64,R0lGODlhAQABAIAAAAAAAP\/\/\/yH5BAEAAAAALAAAAAABAAEAAAIBRAA7\" loading=\"eager\" alt=\"Hege Eide Vik, ordf\u00f8rar i Vaksdal kommune\" title=\"Foto: Vaksdal kommune\"\/><\/p>\n<p class=\"\">Hege Eide Vik er ordf\u00f8rar i Vaksdal. Kommunen hadde eit positivt driftsresultat i fjor, men sk\u00e5rar d\u00e5rleg p\u00e5 fleire av dei andre variablane: Gjeldsgrada er h\u00f8g, og innbyggarane blir f\u00e6rre og eldre.\n<\/p>\n<p>Foto: Vaksdal kommune<\/p>\n<p>Ulike hypotesar har vore lansert for \u00e5 forklare kvifor ikkje fleire kommunar l\u00e8t seg by opp til \u00abkraft-dans\u00bb.<\/p>\n<ul>\n<li>Kompensasjonen er framleis for beskjeden.<\/li>\n<li>F\u00f8restillinga om at utanlandske selskap <a href=\"https:\/\/www.nrk.no\/nordland\/utenlandsk-eierskap-kontrollerer-over-60-prosent-av-norsk-vindkraft-1.15059109\" ec-id=\"pp:article:1.15059109\" ec-name=\"\u00abstikk av\u00bb\" rel=\"nofollow noopener\" target=\"_blank\">\u00abstikk av\u00bb<\/a> med (for mykje av) fortenesta <\/li>\n<li>Nei til vindkraft er uttrykk for ein grunnleggande tillitssvikt mellom dei som styrer og dei som blir styrt \u2013 da har pengar (\u00ablommerusk\u00bb) lita kraft som insentiv.<\/li>\n<li>Nei-kommunane identifiserer seg som \u00abnaturperler\u00bb og smykkar seg med gr\u00f8ne verdiar.<\/li>\n<li>Nei-kommunane ser ein direkte konflikt mellom vindturbinar og si eiga merkevare som \u00abgr\u00f8nt\u00bb og \u00abur\u00f8rt\u00bb turistm\u00e5l.<\/li>\n<\/ul>\n<p>I alle tilfelle skubbar motstanden mot djupe og grunnleggande verdiar om at kommunen \u00aber ikkje til sals\u00bb.<\/p>\n<p>\u2013 Den storsl\u00e5tte naturen er fortrinnet v\u00e5rt<\/p>\n<p><strong>\u2013 Vi er ein turistkommune, og den storsl\u00e5tte naturen er fortrinnet v\u00e5rt, seier Ian Parry-Jones, som er ordf\u00f8rar i Nissedal kommune.<\/strong><\/p>\n<p>Han erkjenner at den \u00f8konomiske situasjonen til kommunen er \u00abutfordrande\u00bb og at det \u00abhadde vore kj\u00e6rkomme\u00bb med auka inntekter.<\/p>\n<p><strong>Likevel: Tidlegare i \u00e5r sa eit fleirtal i kommunestyret at det <a href=\"https:\/\/www.vtb.no\/nyhende\/na-har-posisjonen-samla-seg-det-blir-ikkje-vindmoller-i-kommunen\/576050\" ec-id=\"https:\/\/www.vtb.no\/nyhende\/na-har-posisjonen-samla-seg-det-blir-ikkje-vindmoller-i-kommunen\/576050\" ec-name=\"ikkje\" rel=\"nofollow noopener\" target=\"_blank\">ikkje<\/a> kjem p\u00e5 tale \u00e5 greie ut vindkraft. <\/strong><\/p>\n<p>Ordf\u00f8raren viser til fleire forhold: <\/p>\n<ul>\n<li>Naturinteresser og omsynet til villreinen.<\/li>\n<li>Omsynet til \u00abdei fleire tusen familiane som har investert i hyttedraumen\u00bb \u2013 og som bruker heiane i kommunen som rekreasjonsomr\u00e5de.<\/li>\n<li>At kommunen allereie bidrar til den store kraftdugnaden, og produserer mange gonger den straummengda ho sj\u00f8lv bruker. <\/li>\n<\/ul>\n<p><strong>\u2013 I tillegg er naturen eit viktig trekkplaster for <\/strong>nye <strong>tilflyttarar, seier han.<\/strong><\/p>\n<p><img decoding=\"async\"   src=\"data:image\/gif;base64,R0lGODlhAQABAIAAAAAAAP\/\/\/yH5BAEAAAAALAAAAAABAAEAAAIBRAA7\" loading=\"eager\" alt=\"Ian Parry-Jones er Norges eneste ordf\u00f8rer med innvandrerbakgrunn\" title=\"Foto: SINDRE THORESEN L\u00d8NNES \/ NRK\"\/><\/p>\n<p class=\"\">\u2013 Vi er ein turistkommune, og den storsl\u00e5tte naturen er fortrinnet v\u00e5rt, seier Ian Parry-Jones, som er ordf\u00f8rar i Nissedal kommune.\n<\/p>\n<p>Foto: SINDRE THORESEN L\u00d8NNES \/ NRK<\/p>\n<p>\u2013 Kraftl\u00f8ftet er i ferd med \u00e5 g\u00e5 seg til<\/p>\n<p>I Vestland har fylkeskommunen og Innovasjon Noreg g\u00e5tt saman om prosjektet \u00abGr\u00f8n region Vestland\u00bb for \u00e5 f\u00e5 fart p\u00e5 kraftproduksjonen.<\/p>\n<p><strong>\u2013 Kraftl\u00f8ftet er i ferd med \u00e5 g\u00e5 seg til, seier fylkesordf\u00f8rar Jon Askeland (Sp).<\/strong><\/p>\n<p>Han meiner n\u00f8kkelen til det gr\u00f8ne skiftet er \u00e5 spele p\u00e5 lag med den lokale forstanden:<\/p>\n<p>\u2013 Mange kommunar har ikkje vore godt nok informerte om kor mange \u00abstopp-punkt\u00bb dei har. N\u00e5r den nye kunnskapen breier om seg, blir dei meir komfortable med \u00e5 utforske det handlingsrommet dei faktisk har.<\/p>\n<p>    \u2190<\/p>\n<ul data-scroll-container=\"\" role=\"list\">\n<li><img alt=\"B\u00e5rd Vegar Solhjell\"  width=\"3840\" height=\"2160\" loading=\"lazy\"\/>\n<p>\n        Fornybar Norge\n      <\/p>\n<p>B\u00e5rd Vegar Solhjell, leiar av Fornybar Norge<\/p>\n<p>Dette er ei alvorleg \u00e5tvaring fr\u00e5 DNV. Eit kraftunderskot fr\u00e5 2030 kan bli krevjande for b\u00e5de norsk industri og for klimam\u00e5l. I tillegg f\u00f8reset DNV at vi gjenopprettar kraftoverskotet p\u00e5 30-talet blant anna gjennom ein stor auke av vindkrafta p\u00e5 land. Dette er ikkje umogleg \u00e5 f\u00e5 til, og det skjer mykje spennande i kommunane. Samtidig er det ingen tvil om at vi m\u00e5 skape st\u00f8rre samfunnsaksept.<\/p>\n<\/li>\n<li><img alt=\"Bj\u00f8rn Gudbj\u00f8rgsrud i dress utenfor r\u00e5dhuset i Sandefjord. \"  width=\"3840\" height=\"2159\" loading=\"lazy\"\/>\n<p>\n        Philip Hofgaard \/ NRK\n      <\/p>\n<p>Bj\u00f8rn Gudbj\u00f8rgsrud, styreleiar i Norsk Kommunedirekt\u00f8rforum<\/p>\n<p>Det \u00f8konomiske insentivsystemet for \u00e5 opne for vindm\u00f8ller lokalt fungerer ikkje godt nok dersom ambisjonen er \u00e5 f\u00e5 bygd ut meir kraft av denne typen. Same kva ein m\u00e5tte meine om vindm\u00f8ller p\u00e5 land eller p\u00e5 vatn er det grunn til \u00e5 vere litt bekymra for at vi ikkje bygger ut tilstrekkeleg med kraft i n\u00f8dvendig tempo. Det vil p\u00e5verke balansen i marknaden og prisane i \u00e5ra som kjem p\u00e5 ein negativ m\u00e5te.<\/p>\n<\/li>\n<li><img alt=\"Regiondirekt\u00f8r NHO Vestland\"  width=\"3840\" height=\"2160\" loading=\"lazy\"\/>\n<p>\n        NRK\n      <\/p>\n<p>Helene Frihammer, regiondirekt\u00f8r NHO Vestland <\/p>\n<p>Altfor mange kommunar har sagt nei til vindkraft utan eingong \u00e5 greie ut konsekvensane eller moglegheitene. Vi meiner det er meir form\u00e5lstenleg med utgreiingsplikt for kommunar i vindkraftsaker. Det vil gjere det lettare for kommunane \u00e5 ha ein meir balansert debatt om utbygging. \u00c5 seie nei til alt har ogs\u00e5 ein pris, og dette veit norske kommunar godt.<\/p>\n<\/li>\n<li><img alt=\"Sverre Alvik\"  width=\"3840\" height=\"2157\" loading=\"lazy\"\/>Sverre Alvik, forskingsdirekt\u00f8r i DNV\n<p>Det som er tydeleg er at insentiva for \u00e5 bygge vindkraft er utilstrekkelege for \u00e5 f\u00e5 dette til \u00e5 skje i mange kommunar, og at dette ogs\u00e5 gjeld \u00abfattige\u00bb kommunar. Etter kvart som straum blir meir av eit knappleiksgode trur vi forst\u00e5inga for at kommunane m\u00e5 bidra vil auke. Dette tar likevel tid, og i mellomtida skjer det lite p\u00e5 produksjonssida.<\/p>\n<\/li>\n<li><img alt=\"Mona Adolfsen\"  width=\"3840\" height=\"2159\" loading=\"lazy\"\/>\n<p>\n        NRK\n      <\/p>\n<p>Mona Adolfsen, direkt\u00f8r i Samfunnsbedriftene Energi<\/p>\n<p>Det er viktig at ein i kvar enkelt kommune i alle fall ser p\u00e5 moglegheitene og kva konsekvensar ein vindkraftpark vil ha, og ikkje kategorisk seier nei. I tillegg meiner vi det er viktig at det blir lagt til rette for at st\u00f8rre del av innteninga ligg igjen lokalt enn det som faktisk er tilfellet i dag. Det kan bidra positivt til ein skrantande kommune\u00f8konomi<\/p>\n<\/li>\n<li><img alt=\"Ordf\u00f8rer i Vaksdal, Hege Eide Vik, st\u00e5r utenfor et kommunehus\"  width=\"3840\" height=\"2160\" loading=\"lazy\"\/>\n<p>\n        Gerd Johanne Braadland\n      <\/p>\n<p>Hege Eide Vik, ordf\u00f8rar i Vaksdal kommune<\/p>\n<p>Det er ofte distriktskommunar som f\u00e5r f\u00f8respurnad om kraftutbyggingar, mange distriktskommunane har det til felles at dei har ein aldrande befolkning og nedgang i folketal.<\/p>\n<\/li>\n<li><img alt=\"Ian Parry-Jones er Norges eneste ordf\u00f8rer med innvandrerbakgrunn\"  width=\"3840\" height=\"2158\" loading=\"lazy\"\/>\n<p>\n        SINDRE THORESEN L\u00d8NNES\n      <\/p>\n<p>Ian Parry-Jones, ordf\u00f8rar Nissedal kommune<\/p>\n<p>Gjeldsgrada er h\u00f8g, men tala fortel ikkje heile historia. Vi har dei siste \u00e5ra bygd heilt nytt vass- og avl\u00f8pssystem som har kosta nesten ein halv milliard. Vi meiner at vi allereie har tatt ein stor del av den investeringa som mange kommunar st\u00e5r overfor dei neste \u00e5ra.<\/p>\n<\/li>\n<\/ul>\n<p>\u2192<\/p>\n<p><strong> <\/strong><\/p>\n<p>Publisert<\/p>\n<p>03.12.2025, kl. 16.35<\/p>\n","protected":false},"excerpt":{"rendered":"Saka oppsummert: \u2013 Ettersp\u00f8rselen etter elektrisitet i Noreg aukar seks gonger raskare enn utbygginga av ny kraftproduksjon.\u2013 Mange&hellip;\n","protected":false},"author":2,"featured_media":103493,"comment_status":"","ping_status":"","sticky":false,"template":"","format":"standard","meta":{"footnotes":""},"categories":[56],"tags":[60,61,62,30,28,29],"class_list":{"0":"post-103492","1":"post","2":"type-post","3":"status-publish","4":"format-standard","5":"has-post-thumbnail","7":"category-naeringsliv","8":"tag-business","9":"tag-economy","10":"tag-naeringsliv","11":"tag-no","12":"tag-norge","13":"tag-norway"},"share_on_mastodon":{"url":"https:\/\/pubeurope.com\/@no\/115657660380299376","error":""},"_links":{"self":[{"href":"https:\/\/www.europesays.com\/no\/wp-json\/wp\/v2\/posts\/103492","targetHints":{"allow":["GET"]}}],"collection":[{"href":"https:\/\/www.europesays.com\/no\/wp-json\/wp\/v2\/posts"}],"about":[{"href":"https:\/\/www.europesays.com\/no\/wp-json\/wp\/v2\/types\/post"}],"author":[{"embeddable":true,"href":"https:\/\/www.europesays.com\/no\/wp-json\/wp\/v2\/users\/2"}],"replies":[{"embeddable":true,"href":"https:\/\/www.europesays.com\/no\/wp-json\/wp\/v2\/comments?post=103492"}],"version-history":[{"count":0,"href":"https:\/\/www.europesays.com\/no\/wp-json\/wp\/v2\/posts\/103492\/revisions"}],"wp:featuredmedia":[{"embeddable":true,"href":"https:\/\/www.europesays.com\/no\/wp-json\/wp\/v2\/media\/103493"}],"wp:attachment":[{"href":"https:\/\/www.europesays.com\/no\/wp-json\/wp\/v2\/media?parent=103492"}],"wp:term":[{"taxonomy":"category","embeddable":true,"href":"https:\/\/www.europesays.com\/no\/wp-json\/wp\/v2\/categories?post=103492"},{"taxonomy":"post_tag","embeddable":true,"href":"https:\/\/www.europesays.com\/no\/wp-json\/wp\/v2\/tags?post=103492"}],"curies":[{"name":"wp","href":"https:\/\/api.w.org\/{rel}","templated":true}]}}