{"id":103503,"date":"2025-12-03T21:13:12","date_gmt":"2025-12-03T21:13:12","guid":{"rendered":"https:\/\/www.europesays.com\/no\/103503\/"},"modified":"2025-12-03T21:13:12","modified_gmt":"2025-12-03T21:13:12","slug":"skrot-av-vold-mot-tidligere-gjengleder-i-video-sa-skulle-han-drepes-nrk-norge-oversikt-over-nyheter-fra-ulike-deler-av-landet","status":"publish","type":"post","link":"https:\/\/www.europesays.com\/no\/103503\/","title":{"rendered":"Skr\u00f8t av vold mot tidligere gjengleder i video \u2013 s\u00e5 skulle han drepes \u2013 NRK Norge \u2013 Oversikt over nyheter fra ulike deler av landet"},"content":{"rendered":"<p>Forrige uke p\u00e5grep politiet <a href=\"https:\/\/www.nrk.no\/norge\/fire-personer-siktet-og-pagrepet-for-drapsforbund-1.17671182\" ec-id=\"pp:article:1.17671182\" ec-name=\"Shabaz Dad (44) og tre andre menn\" rel=\"nofollow noopener\" target=\"_blank\">Shabaz Dad (44) og tre andre menn<\/a>. De fire er varetektsfengslet og siktet for drapsforbund, alts\u00e5 \u00e5 ha inng\u00e5tt avtale om \u00e5 beg\u00e5 drap.<\/p>\n<p>Dad har i mange \u00e5r v\u00e6rt en sentral skikkelse i Oslos kriminelle milj\u00f8er.<\/p>\n<p>Mannen som if\u00f8lge politiets etterforskning skulle drepes, er en Oslo-mann i 30-\u00e5rene.<\/p>\n<p><strong>En polititeori er at drapsplanene er knyttet til at Oslo-mannen utsatte Dad for vold i oktober, f\u00e5r NRK opplyst.<\/strong><\/p>\n<p><img decoding=\"async\"   src=\"data:image\/gif;base64,R0lGODlhAQABAIAAAAAAAP\/\/\/yH5BAEAAAAALAAAAAABAAEAAAIBRAA7\" loading=\"eager\" alt=\"Ahmed Shahbaz Dad\" title=\"Foto: Truls Alnes Antonsen \/ NRK\"\/><\/p>\n<p class=\"\">Shahbaz Dad (44), her avbildet i begravelsen til Nokas-raneren Metkel Betew tidligere i \u00e5r.<\/p>\n<p>Foto: Truls Alnes Antonsen \/ NRK<\/p>\n<p>Etter voldshendelsen sirkulerte det en video av Oslo-mannen. I videoen, som NRK har f\u00e5tt tilgang til, sitter han i en bil mens han snakker til kameraet.<\/p>\n<p>Mannen snakker et annet spr\u00e5k enn norsk i videoen, og NRK har oversatt innholdet.<\/p>\n<p>I videoen gir Oslo-mannen uttrykk for at han har utsatt Shahbaz Dad for vold.<\/p>\n<p><strong>\u2013 Den som vil se, kan dra til legevakten og se der, sier Oslo-mannen.<\/strong><\/p>\n<p>\u2013 Erkl\u00e6rer krig<\/p>\n<p>Mannen i 30-\u00e5rene sier videre at de som truer eller snakker om ham og hans familie, ikke vil slippe unna.<\/p>\n<p>\u2013 Dette har nok Shahbaz Dad forst\u00e5tt veldig godt i dag, sier mannen i videoen.<\/p>\n<p>Oslo-mannen sier han ikke vil akseptere at andre hilser b\u00e5de p\u00e5 ham og Dad.<\/p>\n<p>\u2013 Du er enten med meg eller mot meg, sier mannen, og litt senere i videoen:<\/p>\n<p><strong>\u2013 Jeg erkl\u00e6rer krig.<\/strong><\/p>\n<p>Kaja De Vibe Malling er mannens bistandsadvokat i drapsforbund-saken, der han har status som forn\u00e6rmet. Hun \u00f8nsker ikke \u00e5 gi noen kommentarer.<\/p>\n<p>Oslo-mannen i 30-\u00e5rene er ikke siktet for vold eller trusler mot Dad, etter det NRK kjenner til.<\/p>\n<ul class=\"dhpg__gallery__list\">\n<li class=\"dhpg__gallery__listItem\"><img alt=\"En kvinne med langt, blondt h\u00e5r st\u00e5r i samtale. Hun har p\u00e5 seg en hvit skjorte og smykker. Omgivelsene har en moderne, lys bakgrunn. Andre personer er delvis synlige i bildet.\"  width=\"2400\" height=\"2400\" loading=\"lazy\"\/>Kaja De Vibe Malling\n<ul>\n<li>Bistandsadvokat for Oslo-mannen i 30-\u00e5rene<\/li>\n<\/ul>\n<\/li>\n<\/ul>\n<p>Advokat Per Sjong Larsen forsvarer Dad. Larsen er informert om at NRK omtaler videoen og innholdet i den.<\/p>\n<p>\u2013 Jeg har ikke noen kommentar til saken, sier Larsen.<\/p>\n<ul class=\"dhpg__gallery__list\">\n<li class=\"dhpg__gallery__listItem\"><img alt=\"En mann sitter ved et bord i en rettssal med en b\u00e6rbar PC foran seg. Han har p\u00e5 seg en m\u00f8rk jakke over skjorte og slips. Omgivelsene er preget av en minimalistisk interi\u00f8rstil. Det er tre stoler synlige ved siden av ham.\"  width=\"2400\" height=\"2400\" loading=\"lazy\"\/>Per Sjong Larsen<\/li>\n<\/ul>\n<p>Knyttes til langvarig konflikt<\/p>\n<p>Etter det NRK f\u00e5r opplyst har mannen i 30-\u00e5rene og Dad hatt en langvarig konflikt.<\/p>\n<p>Denne konflikten skal ha blusset opp den siste tiden, f\u00e5r NRK opplyst. Det er ikke kjent hva som har gjort at konflikten har eskalert n\u00e5.<\/p>\n<p>Politiadvokat Jon Inge Engesmo vil ikke kommentere opplysningene i denne saken eller om politiet er kjent med videoen.<\/p>\n<p><strong>\u2013 Vi har ingen kommentar utover at vi knytter saken til en konflikt i et kriminelt milj\u00f8. Det er fremdeles tidlig i etterforskningen, og vi \u00f8nsker ikke \u00e5 kommentere noen detaljer p\u00e5 dette tidspunktet, sier Engesmo til NRK.<\/strong><\/p>\n<p><img decoding=\"async\"   src=\"data:image\/gif;base64,R0lGODlhAQABAIAAAAAAAP\/\/\/yH5BAEAAAAALAAAAAABAAEAAAIBRAA7\" loading=\"eager\" alt=\"En mann i dress sitter ved et bord med en laptop og mobiltelefon. Han ser p\u00e5 skjermen og holder h\u00e5nden sin p\u00e5 mobilen. Omgivelsene viser et rom med lyse treoverflater og en enkel innredning.\" title=\"Foto: Snorre T\u00f8nset \/ NRK\"\/><\/p>\n<p class=\"\">Politiadvokat Jon Inge Engesmo i forbindelse med fengslingsm\u00f8ter forrige uke.<\/p>\n<p>Foto: Snorre T\u00f8nset \/ NRK<\/p>\n<p>Oslo-politiet har tidligere opplyst at bakgrunnen for p\u00e5gripelsene i drapsforbund-saken er en hendelse 14. november.<\/p>\n<p>\u2013 Politiet ser sv\u00e6rt alvorlig p\u00e5 saken. Saken etterforskes derfor for fullt og med h\u00f8y prioritet, sa Engesmo forrige uke.<\/p>\n<p>D\u00f8mt for drapsbestilling<\/p>\n<p>Det er ikke kjent hvordan Shahbaz Dad stiller seg til drapsforbund-anklagene.<\/p>\n<p>De tre andre siktede nekter straffskyld, har forsvarerne deres tidligere opplyst.<\/p>\n<p><strong>Dad er domfelt en rekke ganger tidligere. I 2011 ble han d\u00f8mt for \u00e5 ha bestilt drapet p\u00e5 Mohamed \u00abJeddi\u00bb Javed. Javed var en lederskikkelse i den rivaliserende gjengen Young Guns.<\/strong><\/p>\n<p><img decoding=\"async\"   src=\"data:image\/gif;base64,R0lGODlhAQABAIAAAAAAAP\/\/\/yH5BAEAAAAALAAAAAABAAEAAAIBRAA7\" loading=\"eager\" alt=\"Ahmed Shahbaz Dad\" title=\"Foto: Truls Alnes Antonsen \/ NRK\"\/><\/p>\n<p class=\"\">Shahbaz Dad, her avbildet i begravelsen til Nokas-raneren Metkel Betew tidligere i \u00e5r.<\/p>\n<p>Foto: Truls Alnes Antonsen \/ NRK<\/p>\n<p>Stig Millehaugen ble ogs\u00e5 d\u00f8mt i saken. Begge anket, og i lagmannsretten ble Dad d\u00f8mt til 20 \u00e5rs fengsel, mens Millehaugen fikk 21 \u00e5rs forvaring.<\/p>\n<p>En annen av de siktede knyttes ogs\u00e5 til det politiet har beskrevet som et <a href=\"https:\/\/www.nrk.no\/norge\/ti-personer-siktet-i-stor-torpedosak-pa-ostlandet-1.17423648\" ec-id=\"pp:article:1.17423648\" ec-name=\"torpedonettverk p\u00e5 \u00d8stlandet\" rel=\"nofollow noopener\" target=\"_blank\">torpedonettverk p\u00e5 \u00d8stlandet<\/a>.<\/p>\n<p><strong>Nettverket har spesialisert seg p\u00e5 pengeinnkreving ved bruk av vold og trusler, if\u00f8lge politiet.<\/strong><\/p>\n<p>En tredje av de siktede er d\u00f8mt for oppbevaring av rundt 100 kilo hasj. I dommen fra Borgarting lagmannsrett kommer det frem at han hadde kontakt med en internasjonalt etterlyst norsk narkobaron.<\/p>\n<p>Publisert<\/p>\n<p>03.12.2025, kl. 19.06<\/p>\n<p>Oppdatert<\/p>\n<p>03.12.2025, kl. 19.48<\/p>\n","protected":false},"excerpt":{"rendered":"Forrige uke p\u00e5grep politiet Shabaz Dad (44) og tre andre menn. De fire er varetektsfengslet og siktet for&hellip;\n","protected":false},"author":2,"featured_media":103504,"comment_status":"","ping_status":"","sticky":false,"template":"","format":"standard","meta":{"footnotes":""},"categories":[10],"tags":[20,21,24,25,15,22,23,13,30,28,29,14,16,26,27],"class_list":{"0":"post-103503","1":"post","2":"type-post","3":"status-publish","4":"format-standard","5":"has-post-thumbnail","7":"category-norge","8":"tag-breaking-news","9":"tag-breakingnews","10":"tag-featured-news","11":"tag-featurednews","12":"tag-headlines","13":"tag-latest-news","14":"tag-latestnews","15":"tag-news","16":"tag-no","17":"tag-norge","18":"tag-norway","19":"tag-nyheter","20":"tag-overskrifter","21":"tag-top-stories","22":"tag-topstories"},"share_on_mastodon":{"url":"https:\/\/pubeurope.com\/@no\/115657703873048326","error":""},"_links":{"self":[{"href":"https:\/\/www.europesays.com\/no\/wp-json\/wp\/v2\/posts\/103503","targetHints":{"allow":["GET"]}}],"collection":[{"href":"https:\/\/www.europesays.com\/no\/wp-json\/wp\/v2\/posts"}],"about":[{"href":"https:\/\/www.europesays.com\/no\/wp-json\/wp\/v2\/types\/post"}],"author":[{"embeddable":true,"href":"https:\/\/www.europesays.com\/no\/wp-json\/wp\/v2\/users\/2"}],"replies":[{"embeddable":true,"href":"https:\/\/www.europesays.com\/no\/wp-json\/wp\/v2\/comments?post=103503"}],"version-history":[{"count":0,"href":"https:\/\/www.europesays.com\/no\/wp-json\/wp\/v2\/posts\/103503\/revisions"}],"wp:featuredmedia":[{"embeddable":true,"href":"https:\/\/www.europesays.com\/no\/wp-json\/wp\/v2\/media\/103504"}],"wp:attachment":[{"href":"https:\/\/www.europesays.com\/no\/wp-json\/wp\/v2\/media?parent=103503"}],"wp:term":[{"taxonomy":"category","embeddable":true,"href":"https:\/\/www.europesays.com\/no\/wp-json\/wp\/v2\/categories?post=103503"},{"taxonomy":"post_tag","embeddable":true,"href":"https:\/\/www.europesays.com\/no\/wp-json\/wp\/v2\/tags?post=103503"}],"curies":[{"name":"wp","href":"https:\/\/api.w.org\/{rel}","templated":true}]}}