{"id":103505,"date":"2025-12-03T21:14:19","date_gmt":"2025-12-03T21:14:19","guid":{"rendered":"https:\/\/www.europesays.com\/no\/103505\/"},"modified":"2025-12-03T21:14:19","modified_gmt":"2025-12-03T21:14:19","slug":"flere-siktelser-etter-drapet-pa-metkel-betew","status":"publish","type":"post","link":"https:\/\/www.europesays.com\/no\/103505\/","title":{"rendered":"Flere siktelser etter drapet p\u00e5 Metkel Betew"},"content":{"rendered":"\n<p class=\"_lead_o9xde_2 _lead_xtcu6_50 layout-component text-serif-m layout-normal text-serif-l layout-component layout-wide layout-padded _wide_17hqh_1 layout-padded\">Politiet bekrefter at flere er siktet for drap eller medvirkning til drap, men vil ikke si hvor mange personer det er snakk om. <\/p>\n<p><img alt=\"NY SIKTELSE: Her er Metkel Betew avbildet under Sult-rettssaken i 2017. \" class=\"_image_qp4xg_65 layout-component layout-wide\" data-fullscreen- data-track-element-type=\"Article image fullscreen\" data-track-name=\"ImageFullscreen\" fetchpriority=\"high\" decoding=\"sync\" loading=\"eager\" height=\"756\" itemprop=\"image\"  src=\"https:\/\/www.europesays.com\/no\/wp-content\/uploads\/2025\/12\/bfdf569a-1550-4633-9157-8862530761a1\"  style=\"object-position:0% 0%\" width=\"976\"\/>NY SIKTELSE: Her er Metkel Betew avbildet under Sult-rettssaken i 2017.  Oppdatert onsdag 3. desember kl. 10:39     <\/p>\n<p class=\"_paragraph_o9xde_4 _paragraph_xtcu6_10 layout-component text-serif-m layout-normal text-serif-m layout-padded\">Dermed er det alts\u00e5 flere enn <a href=\"https:\/\/www.vg.no\/tag\/stig-millehaugen?utm_source=vg-article&amp;utm_medium=auto-tagger&amp;utm_campaign=3pklp9\" class=\"_link_o9xde_39\" rel=\"nofollow noopener\" target=\"_blank\">Stig Millehaugen<\/a> som n\u00e5 siktet for drapet p\u00e5 Metkel Betew (46) <\/p>\n<p class=\"_paragraph_o9xde_4 _paragraph_xtcu6_10 layout-component text-serif-m layout-normal text-serif-m layout-padded\">I en fersk kjennelse fra Oslo tingrett kommer det frem at p\u00e5talemyndigheten ber om fengsling i fire nye uker med brev- og bes\u00f8ksforbud mot medsiktede.<\/p>\n<p class=\"_paragraph_o9xde_4 _paragraph_xtcu6_10 layout-component text-serif-m layout-normal text-serif-m layout-padded\">I en uttalselse sendt fra Oslo politidistrikt bekrefter politiadvokat Christian Hatlo at flere er siktet i saken. Politiet \u00f8nsker imidlertid ikke \u00e5 g\u00e5 inn p\u00e5 hvor mange. <\/p>\n<p class=\"_paragraph_o9xde_4 _paragraph_xtcu6_10 layout-component text-serif-m layout-normal text-serif-m layout-padded\">\u2013 Siktelsen gjelder drap eller medvirkning til drap, opplyser han.<\/p>\n<p><img decoding=\"async\" alt=\"Bilde av Christian Hatlo\" class=\"_image_ygndg_42\" height=\"27\" itemprop=\"image\" loading=\"lazy\"  src=\"https:\/\/www.europesays.com\/no\/wp-content\/uploads\/2025\/12\/007690ff-e33f-4647-a668-7abff36e71a4\"  width=\"40\"\/><strong class=\"_name_ygndg_51 title-serif-xs\">Christian Hatlo<\/strong><\/p>\n<p class=\"_paragraph_o9xde_4 text-sans-m _description_ygndg_56\">Politiadvokat<\/p>\n<p class=\"_paragraph_o9xde_4 _paragraph_xtcu6_10 layout-component text-serif-m layout-normal text-serif-m layout-padded\">Politiadvokaten \u00f8nsker ikke \u00e5 g\u00e5 inn p\u00e5 hvem som er forsvarer, og av hensyn til etterforskningen \u00f8nsker de heller ikke \u00e5 g\u00e5 inn p\u00e5 ytterligere detaljer per n\u00e5.<\/p>\n<p class=\"_paragraph_o9xde_4 _paragraph_xtcu6_10 layout-component text-serif-m layout-normal text-serif-m layout-padded\"><strong class=\"_strong_o9xde_25\">VG har fors\u00f8kt \u00e5 komme i kontakt med Hatlo uten forel\u00f8pig \u00e5 lykkes.<\/strong><\/p>\n<p class=\"_paragraph_o9xde_4 _paragraph_xtcu6_10 layout-component text-serif-m layout-normal text-serif-m layout-padded\">Det var <a href=\"https:\/\/www.nrk.no\/norge\/politiet-til-nrk_-ny-siktelse-etter-drapet-pa-metkel-betew-1.17677127\" class=\"_link_o9xde_39\" rel=\"nofollow noopener\" target=\"_blank\">NRK<\/a> som f\u00f8rst meldte om den nye utviklingen.<\/p>\n<p><img alt=\"I august 2023 m\u00f8tte Millehaugen i retten da han begj\u00e6rte seg pr\u00f8vel\u00f8slatt.   Foto: Ole Berg-Rusten \/ NTB\" class=\"_image_qp4xg_65 layout-component layout-normal\" data-fullscreen- data-track-element-type=\"Article image fullscreen\" data-track-name=\"ImageFullscreen\" decoding=\"async\" loading=\"lazy\" height=\"5245\" itemprop=\"image\"  src=\"https:\/\/www.europesays.com\/no\/wp-content\/uploads\/2025\/12\/1b2a673f-282c-402f-b649-d31c3d7ebc0c\"  style=\"object-position:0% 0%\" width=\"8047\"\/>I august 2023 m\u00f8tte Millehaugen i retten da han begj\u00e6rte seg pr\u00f8vel\u00f8slatt.   Foto: Ole Berg-Rusten \/ NTB<\/p>\n<p class=\"_paragraph_o9xde_4 _paragraph_xtcu6_10 layout-component text-serif-m layout-normal text-serif-m layout-padded\">Stig Millehaugen ble siktet tre dager etter drapet p\u00e5 Betew. Han nekter straffskyld og mener han var vitne til hendelsen. <\/p>\n<p class=\"_paragraph_o9xde_4 _paragraph_xtcu6_10 layout-component text-serif-m layout-normal text-serif-m layout-padded\">Tidligere h\u00f8st var Stig Millehaugen <a href=\"https:\/\/www.vg.no\/nyheter\/i\/mP7MQL\/vgs-bilder-fra-rekonstruksjonen-av-drapet-paa-metkel-betew\" data-track-element-type=\"Link\" data-track-id=\"link:mP7MQL\" class=\"_link_o9xde_39\" rel=\"nofollow noopener\" target=\"_blank\">tilbake p\u00e5 \u00e5stedet for \u00e5 rekonstruere hendelsen.<\/a><\/p>\n<p class=\"_paragraph_o9xde_4 _paragraph_xtcu6_10 layout-component text-serif-m layout-normal text-serif-m layout-padded\">Krimpodden var der da Millehaugen viste hvordan han mener drapet skjedde:<\/p>\n<p>   Fire mark\u00f8rer<\/p>\n<p class=\"_paragraph_o9xde_4 _paragraph_xtcu6_10 layout-component text-serif-m layout-normal text-serif-m layout-padded\">VGs bilder fra \u00e5stedet viste at Millehaugen var if\u00f8rt en gr\u00e5 t-skjorte med tallet \u00ab1\u00bb under rekonstruksjonen.<\/p>\n<p class=\"_paragraph_o9xde_4 _paragraph_xtcu6_10 layout-component text-serif-m layout-normal text-serif-m layout-padded\">En sivilkledd politimann hadde en identisk t-skjorte, men med tallet \u00ab2\u00bb. Denne politimannen var mark\u00f8r og spilte rollen som drapsofferet: Nokas-raneren Metkel Betew.<\/p>\n<p><img alt=\"Foto: VG\" class=\"_image_qp4xg_65 layout-component layout-normal\" data-fullscreen- data-track-element-type=\"Article image fullscreen\" data-track-name=\"ImageFullscreen\" decoding=\"async\" loading=\"lazy\" height=\"771\" itemprop=\"image\"  src=\"https:\/\/www.europesays.com\/no\/wp-content\/uploads\/2025\/12\/0e4162ec-7deb-4803-922b-273dd7246346\"  style=\"object-position:0% 0%\" width=\"1024\"\/>Foto: VG<\/p>\n<p class=\"_paragraph_o9xde_4 _paragraph_xtcu6_10 layout-component text-serif-m layout-normal text-serif-m layout-padded\">I hendene holdt mark\u00f8ren en s\u00f8lvgr\u00e5 herresykkel.<\/p>\n<p class=\"_paragraph_o9xde_4 _paragraph_xtcu6_10 layout-component text-serif-m layout-normal text-serif-m layout-padded\">I tillegg var det ogs\u00e5 to andre mark\u00f8rer \u2013 en med tallet \u00ab3\u00bb og en med \u00ab4\u00bb. Det betyr at det har v\u00e6rt fire personer p\u00e5 \u00e5stedet, if\u00f8lge Millehaugens forklaring.<\/p>\n<p class=\"_paragraph_o9xde_4 _paragraph_xtcu6_10 layout-component text-serif-m layout-normal text-serif-m layout-padded\">Person nummer tre spilte rollen som \u00abskytteren\u00bb.<\/p>\n<p class=\"_paragraph_o9xde_4 _paragraph_xtcu6_10 layout-component text-serif-m layout-normal text-serif-m layout-padded\">\u2013 Millehaugen har gitt en forklaring om den personen som han mener er skytteren, men jeg \u00f8nsker forel\u00f8pig ikke \u00e5 si noe mer om det n\u00e5, uttalte politiadvokat Hatlo etter rekonstruksjonen.<\/p>\n<p class=\"_paragraph_o9xde_4 _paragraph_xtcu6_10 layout-component text-serif-m layout-normal text-serif-m layout-padded\">Tirsdag ble Millehaugen refengslet i fire nye uker.<\/p>\n<p>    <img decoding=\"async\" alt=\"Tips oss illustrasjon\" src=\"https:\/\/www.europesays.com\/no\/wp-content\/uploads\/2025\/10\/pssst-small.webp.webp\"\/>    <\/p>\n<p class=\"title-serif-s\">Har du tips?<\/p>\n<p class=\"text-sans-m\">Send oss informasjon, bilder eller video.<\/p>\n<p>  <a href=\"https:\/\/www.vg.no\/tips-oss\" rel=\"nofollow noopener\" target=\"_blank\"> Tips oss <\/a>      <\/p>\n","protected":false},"excerpt":{"rendered":"Politiet bekrefter at flere er siktet for drap eller medvirkning til drap, men vil ikke si hvor mange&hellip;\n","protected":false},"author":2,"featured_media":103506,"comment_status":"","ping_status":"","sticky":false,"template":"","format":"standard","meta":{"footnotes":""},"categories":[5],"tags":[31,20,21,377,24,25,15,19,22,23,17,18,6457,13,30,28,29,14,16,5040,26,27],"class_list":{"0":"post-103505","1":"post","2":"type-post","3":"status-publish","4":"format-standard","5":"has-post-thumbnail","7":"category-overskrifter","8":"tag-breaking","9":"tag-breaking-news","10":"tag-breakingnews","11":"tag-drap","12":"tag-featured-news","13":"tag-featurednews","14":"tag-headlines","15":"tag-hovedoppslag","16":"tag-latest-news","17":"tag-latestnews","18":"tag-main-news","19":"tag-mainnews","20":"tag-metkel-betew","21":"tag-news","22":"tag-no","23":"tag-norge","24":"tag-norway","25":"tag-nyheter","26":"tag-overskrifter","27":"tag-stig-millehaugen","28":"tag-top-stories","29":"tag-topstories"},"share_on_mastodon":{"url":"https:\/\/pubeurope.com\/@no\/115657708315482963","error":""},"_links":{"self":[{"href":"https:\/\/www.europesays.com\/no\/wp-json\/wp\/v2\/posts\/103505","targetHints":{"allow":["GET"]}}],"collection":[{"href":"https:\/\/www.europesays.com\/no\/wp-json\/wp\/v2\/posts"}],"about":[{"href":"https:\/\/www.europesays.com\/no\/wp-json\/wp\/v2\/types\/post"}],"author":[{"embeddable":true,"href":"https:\/\/www.europesays.com\/no\/wp-json\/wp\/v2\/users\/2"}],"replies":[{"embeddable":true,"href":"https:\/\/www.europesays.com\/no\/wp-json\/wp\/v2\/comments?post=103505"}],"version-history":[{"count":0,"href":"https:\/\/www.europesays.com\/no\/wp-json\/wp\/v2\/posts\/103505\/revisions"}],"wp:featuredmedia":[{"embeddable":true,"href":"https:\/\/www.europesays.com\/no\/wp-json\/wp\/v2\/media\/103506"}],"wp:attachment":[{"href":"https:\/\/www.europesays.com\/no\/wp-json\/wp\/v2\/media?parent=103505"}],"wp:term":[{"taxonomy":"category","embeddable":true,"href":"https:\/\/www.europesays.com\/no\/wp-json\/wp\/v2\/categories?post=103505"},{"taxonomy":"post_tag","embeddable":true,"href":"https:\/\/www.europesays.com\/no\/wp-json\/wp\/v2\/tags?post=103505"}],"curies":[{"name":"wp","href":"https:\/\/api.w.org\/{rel}","templated":true}]}}