{"id":103511,"date":"2025-12-03T21:20:13","date_gmt":"2025-12-03T21:20:13","guid":{"rendered":"https:\/\/www.europesays.com\/no\/103511\/"},"modified":"2025-12-03T21:20:13","modified_gmt":"2025-12-03T21:20:13","slug":"friends-stjernens-lege-far-dom-for-ketamin-salg","status":"publish","type":"post","link":"https:\/\/www.europesays.com\/no\/103511\/","title":{"rendered":"\u00abFriends\u00bb-stjernens lege f\u00e5r dom for ketamin-salg"},"content":{"rendered":"\n<p class=\"_lead_o9xde_2 _lead_xtcu6_50 layout-component text-serif-m layout-normal text-serif-l layout-component layout-wide layout-padded _wide_17hqh_1 layout-padded\">\u00abFriends\u00bb-stjernens lege Salvador Plasencia ble onsdag kveld d\u00f8mt til to og et halvt \u00e5rs fengsel for \u00e5 ha solgt ketamin til skuespilleren.<\/p>\n<p><img alt=\"Matthew Perry ble 54 \u00e5r. Dette bildet er fra 2012. Foto: Jordan Strauss \/ AP \/ NTB\" class=\"_image_qp4xg_65 layout-component layout-wide\" data-fullscreen- data-track-element-type=\"Article image fullscreen\" data-track-name=\"ImageFullscreen\" fetchpriority=\"high\" decoding=\"sync\" loading=\"eager\" height=\"2250\" itemprop=\"image\"  src=\"https:\/\/www.europesays.com\/no\/wp-content\/uploads\/2025\/12\/2281206b-3ba0-446d-9196-606490d079a6\"  style=\"object-position:0% 0%\" width=\"3000\"\/>Matthew Perry ble 54 \u00e5r. Dette bildet er fra 2012. Foto: Jordan Strauss \/ AP \/ NTB<\/p>\n<ul aria-hidden=\"true\" class=\"_images_1uft6_111\">\n<li><a class=\"_link_1uft6_116\" href=\"https:\/\/www.vg.no\/forfatter\/hanne-kretuz-hansen\" style=\"z-index:1\" title=\"Hanne Kreutz-Hansen\" rel=\"nofollow noopener\" target=\"_blank\"><img alt=\"Bilde av Hanne Kreutz-Hansen\" class=\"_image_1uft6_93\" fetchpriority=\"low\" loading=\"lazy\" decoding=\"async\" itemprop=\"image\"  src=\"https:\/\/www.europesays.com\/no\/wp-content\/uploads\/2025\/12\/1764796811_397_91499188-43f5-43fa-b038-5716eac94ffb\"  width=\"480\"\/><\/a><\/li>\n<\/ul>\n<p> Oppdatert onsdag 3. desember kl. 22:01     <\/p>\n<p class=\"_paragraph_o9xde_4 _paragraph_xtcu6_10 layout-component text-serif-m layout-normal text-serif-m layout-padded\">Perrys foreldre krever lang straff for legen som er tiltalt for \u00e5 ha forsynt skuesilleren med ulovlig keatmin f\u00f8r hans overdose-d\u00f8d, melder <a href=\"https:\/\/www.bbc.com\/news\/articles\/cy7v0gpv2pgo\" class=\"_link_o9xde_39\" rel=\"nofollow noopener\" target=\"_blank\">BBC<\/a>.<\/p>\n<p class=\"_paragraph_o9xde_4 _paragraph_xtcu6_10 layout-component text-serif-m layout-normal text-serif-m layout-padded\">Det sa de i en uttalelse onsdag, f\u00f8r dommen.<\/p>\n<p class=\"_paragraph_o9xde_4 _paragraph_xtcu6_10 layout-component text-serif-m layout-normal text-serif-m layout-padded\">Perry ble funnet d\u00f8d i sitt boblebad i Los Angeles i <a href=\"https:\/\/www.vg.no\/rampelys\/i\/zEK3bO\/medier-matthew-perry-er-doed\" data-track-element-type=\"Link\" data-track-id=\"link:zEK3bO\" class=\"_link_o9xde_39\" rel=\"nofollow noopener\" target=\"_blank\">oktober 2023<\/a> etter \u00e5r med kamp mot depresjon og narkotikaavhengighet. Han d\u00f8de av \u00abakutte virkninger av ketamin\u00bb, if\u00f8lge obduksjonsrapporten.<\/p>\n<p class=\"_paragraph_o9xde_4 _paragraph_xtcu6_10 layout-component text-serif-m layout-normal text-serif-m layout-padded\">Legen Salvador Plasencia (43) er den f\u00f8rste som skal d\u00f8mmes i Perrys d\u00f8d i 2023 etter \u00e5 ha <a href=\"https:\/\/www.vg.no\/nyheter\/i\/8qyJkw\/lege-eklaerer-seg-skyldig-forsynte-matthew-perry-med-ketamin-foer-friends-stjernen-tok-overdose\" data-track-element-type=\"Link\" data-track-id=\"link:8qyJkw\" class=\"_link_o9xde_39\" rel=\"nofollow noopener\" target=\"_blank\">erkjent straffskyld<\/a> i sommer for fire tilfeller av distribusjon av ketamin. Anklagene kan gi opptil 40 \u00e5rs fengsel, men p\u00e5talemyndigheten har bedt om tre \u00e5rs straff.<\/p>\n<p><img alt=\"Salvador Plasencia  (43) ankom Edward R. Roybal Federal Courthouse i Los Angeles, California onsdag kveld norsk tid. Han har innr\u00f8mmet skyld og ble d\u00f8mt til 2,5 \u00e5rs fengsel.  Foto: ROBYN BECK \/ AFP \/ NTB\" class=\"_image_qp4xg_65 layout-component layout-normal\" data-fullscreen- data-track-element-type=\"Article image fullscreen\" data-track-name=\"ImageFullscreen\" decoding=\"async\" loading=\"lazy\" height=\"2235\" itemprop=\"image\"  src=\"https:\/\/www.europesays.com\/no\/wp-content\/uploads\/2025\/12\/006f1fdd-8b13-4a7f-acb7-8a07d2c4927a\"  style=\"object-position:0% 0%\" width=\"3352\"\/>Salvador Plasencia  (43) ankom Edward R. Roybal Federal Courthouse i Los Angeles, California onsdag kveld norsk tid. Han har innr\u00f8mmet skyld og ble d\u00f8mt til 2,5 \u00e5rs fengsel.  Foto: ROBYN BECK \/ AFP \/ NTB<\/p>\n<p class=\"_paragraph_o9xde_4 _paragraph_xtcu6_10 layout-component text-serif-m layout-normal text-serif-m layout-padded\"> Han var en av fem personer som ble tiltalt i forbindelse med Perrys d\u00f8d, melder <a href=\"https:\/\/www.latimes.com\/california\/story\/2025-12-03\/matthew-perry-dr-p-salvador-plasencia-sentencing\" class=\"_link_o9xde_39\" rel=\"nofollow noopener\" target=\"_blank\">Los Angeles Times<\/a>.<\/p>\n<p class=\"_paragraph_o9xde_4 _paragraph_xtcu6_10 layout-component text-serif-m layout-normal text-serif-m layout-padded\">Alle fem tiltalte har innr\u00f8mmet skyld.<\/p>\n<p>\u2013 Grovt brudd p\u00e5 ed<\/p>\n<p class=\"_paragraph_o9xde_4 _paragraph_xtcu6_10 layout-component text-serif-m layout-normal text-serif-m layout-padded\">\u2013 Hans grove tillitsbrudd og frav\u00e6r fra eden om \u00e5 \u00abikke skade\u00bb bidro utvilsomt til skaden Perry led, skrev p\u00e5talemyndigheten i tiltalen.<\/p>\n<p class=\"_paragraph_o9xde_4 _paragraph_xtcu6_10 layout-component text-serif-m layout-normal text-serif-m layout-padded\">Dommen var ventet \u00e5 komme onsdag kveld norsk tid i en f\u00f8deral domstol i Los Angeles. <\/p>\n<p class=\"_paragraph_o9xde_4 _paragraph_xtcu6_10 layout-component text-serif-m layout-normal text-serif-m layout-padded\">Moren og stefaren, Suzanne og Keith Morrison, sa at de de sliter med \u00e5 forst\u00e5 hvorfor Plasencia gjentatte ganger forsynte Perry med det bed\u00f8vende stoffet.<\/p>\n<p><img alt=\"Matthew Perrys mor og stefar, Suzanne og Keith Morrison p\u00e5 vei inn i retten onsdag.  Foto: ROBYN BECK \/ AFP \/ NTB\" class=\"_image_qp4xg_65 layout-component layout-normal\" data-fullscreen- data-track-element-type=\"Article image fullscreen\" data-track-name=\"ImageFullscreen\" decoding=\"async\" loading=\"lazy\" height=\"5114\" itemprop=\"image\"  src=\"https:\/\/www.europesays.com\/no\/wp-content\/uploads\/2025\/12\/cc444f72-4660-4e1e-b66a-e9dd594079d0\"  style=\"object-position:0% 0%\" width=\"7671\"\/>Matthew Perrys mor og stefar, Suzanne og Keith Morrison p\u00e5 vei inn i retten onsdag.  Foto: ROBYN BECK \/ AFP \/ NTB<\/p>\n<p class=\"_paragraph_o9xde_4 _paragraph_xtcu6_10 layout-component text-serif-m layout-normal text-serif-m layout-padded\">\u2013 Matthews bedring var avhengig av at du sa NEI, skrev faren John og stemoren Debbie i en av uttalelsene, if\u00f8lge\u00a0<a href=\"https:\/\/www.bbc.com\/news\/articles\/cy7v0gpv2pgo\" class=\"_link_o9xde_39\" rel=\"nofollow noopener\" target=\"_blank\">BBC<\/a>.<\/p>\n<p class=\"_paragraph_o9xde_4 _paragraph_xtcu6_10 layout-component text-serif-m layout-normal text-serif-m layout-padded\">I tekstmeldinger til en annen lege diskuterte Plasencia hvor mye han skulle ta betalt av Perry for ketaminet. Han kalte skuespilleren en \u00abtosk\u00bb og skrev \u00abla oss finne ut\u00bb hvor mye han ville betale.<\/p>\n<p class=\"_paragraph_o9xde_4 _paragraph_xtcu6_10 layout-component text-serif-m layout-normal text-serif-m layout-padded\">Plasencia drev en akuttklinikk i Calabasas som slet \u00f8konomisk. I et brev til dommeren skrev han at de store pengesummene var fristende fordi klinikken \u00abknapt holdt seg flytende\u00bb.<\/p>\n<p class=\"_paragraph_o9xde_4 _paragraph_xtcu6_10 layout-component text-serif-m layout-normal text-serif-m layout-padded\">\u2013 Jeg krysset grenser som ingen lege noensinne b\u00f8r krysse, skrev Plasencia.<\/p>\n<p class=\"_paragraph_o9xde_4 _paragraph_xtcu6_10 layout-component text-serif-m layout-normal text-serif-m layout-padded\">Perrys foreldre beskrev sorgen sin i sterke ord i en uttalese f\u00f8r dommen og kalte Plasencia \u00abblant de mest skyldige av alle\u00bb.<\/p>\n<p class=\"_paragraph_o9xde_4 _paragraph_xtcu6_10 layout-component text-serif-m layout-normal text-serif-m layout-padded\">Ogs\u00e5 den siste av de tiltalte <a href=\"https:\/\/www.vg.no\/rampelys\/i\/zAmq99\/matthew-perry-ketamindronningen-erkjenner-skyld\" data-track-element-type=\"Link\" data-track-id=\"link:zAmq99\" class=\"_link_o9xde_39\" rel=\"nofollow noopener\" target=\"_blank\">erkjente skyld<\/a> i sommer.<\/p>\n","protected":false},"excerpt":{"rendered":"\u00abFriends\u00bb-stjernens lege Salvador Plasencia ble onsdag kveld d\u00f8mt til to og et halvt \u00e5rs fengsel for \u00e5 ha&hellip;\n","protected":false},"author":2,"featured_media":103512,"comment_status":"","ping_status":"","sticky":false,"template":"","format":"standard","meta":{"footnotes":""},"categories":[12],"tags":[20,21,615,24,25,8466,15,22,23,1285,13,30,28,29,14,16,26,27,42,46,43,44,45],"class_list":{"0":"post-103511","1":"post","2":"type-post","3":"status-publish","4":"format-standard","5":"has-post-thumbnail","7":"category-verden","8":"tag-breaking-news","9":"tag-breakingnews","10":"tag-depresjon","11":"tag-featured-news","12":"tag-featurednews","13":"tag-friends","14":"tag-headlines","15":"tag-latest-news","16":"tag-latestnews","17":"tag-matthew-perry","18":"tag-news","19":"tag-no","20":"tag-norge","21":"tag-norway","22":"tag-nyheter","23":"tag-overskrifter","24":"tag-top-stories","25":"tag-topstories","26":"tag-verden","27":"tag-vgai","28":"tag-world","29":"tag-world-news","30":"tag-worldnews"},"share_on_mastodon":{"url":"https:\/\/pubeurope.com\/@no\/115657731538799537","error":""},"_links":{"self":[{"href":"https:\/\/www.europesays.com\/no\/wp-json\/wp\/v2\/posts\/103511","targetHints":{"allow":["GET"]}}],"collection":[{"href":"https:\/\/www.europesays.com\/no\/wp-json\/wp\/v2\/posts"}],"about":[{"href":"https:\/\/www.europesays.com\/no\/wp-json\/wp\/v2\/types\/post"}],"author":[{"embeddable":true,"href":"https:\/\/www.europesays.com\/no\/wp-json\/wp\/v2\/users\/2"}],"replies":[{"embeddable":true,"href":"https:\/\/www.europesays.com\/no\/wp-json\/wp\/v2\/comments?post=103511"}],"version-history":[{"count":0,"href":"https:\/\/www.europesays.com\/no\/wp-json\/wp\/v2\/posts\/103511\/revisions"}],"wp:featuredmedia":[{"embeddable":true,"href":"https:\/\/www.europesays.com\/no\/wp-json\/wp\/v2\/media\/103512"}],"wp:attachment":[{"href":"https:\/\/www.europesays.com\/no\/wp-json\/wp\/v2\/media?parent=103511"}],"wp:term":[{"taxonomy":"category","embeddable":true,"href":"https:\/\/www.europesays.com\/no\/wp-json\/wp\/v2\/categories?post=103511"},{"taxonomy":"post_tag","embeddable":true,"href":"https:\/\/www.europesays.com\/no\/wp-json\/wp\/v2\/tags?post=103511"}],"curies":[{"name":"wp","href":"https:\/\/api.w.org\/{rel}","templated":true}]}}