{"id":103515,"date":"2025-12-03T21:22:16","date_gmt":"2025-12-03T21:22:16","guid":{"rendered":"https:\/\/www.europesays.com\/no\/103515\/"},"modified":"2025-12-03T21:22:16","modified_gmt":"2025-12-03T21:22:16","slug":"kjopte-ny-elbil-for-a-unnga-momssmell-e24","status":"publish","type":"post","link":"https:\/\/www.europesays.com\/no\/103515\/","title":{"rendered":"Kj\u00f8pte ny elbil for \u00e5 unng\u00e5 momssmell \u2013 E24"},"content":{"rendered":"<p class=\"fullWidthDesktop hyperion-css-71ztg2\" data-test-tag=\"lead-text\">Terje Andersen kan ha spart 50.000 kroner ved \u00e5 kj\u00f8pe ny elbil f\u00f8r nytt\u00e5r. Forhandlere melder om heftig salg den siste tiden. <\/p>\n<p><img decoding=\"async\" class=\"image-asset hyperion-css-14cabrb\" data-test-tag=\"image-asset\" src=\"https:\/\/www.europesays.com\/no\/wp-content\/uploads\/2025\/12\/00fff33d-0f7e-4595-bae2-a5b917de4007\"  alt=\"NY BIL: I l\u00f8pet av en m\u00e5ned fikk Terje Andersen solgt sin gamle elbil og kj\u00f8pt en ny. \"  loading=\"eager\" fetchpriority=\"high\" style=\"aspect-ratio:1900 \/ 1425\"\/>NY BIL: I l\u00f8pet av en m\u00e5ned fikk Terje Andersen solgt sin gamle elbil og kj\u00f8pt en ny. Foto: Kristoffer L\u00f8ge HedmanPublisert: <\/p>\n<p>For mindre enn 30 minutter siden<\/p>\n<p>Oppdatert n\u00e5 nettopp<\/p>\n<ul class=\"hyperion-css-pte5x0\">\n<li aria-label=\"link\" class=\"narrow-button hyperion-css-1sz7d3n\">Kopier lenke<\/li>\n<li aria-label=\"link\" class=\"wide-button hyperion-css-1sz7d3n\">Kopier lenke<\/li>\n<li aria-label=\"facebook\" class=\"narrow-button hyperion-css-1sz7d3n\">Del p\u00e5 Facebook<\/li>\n<li aria-label=\"facebook\" class=\"wide-button hyperion-css-1sz7d3n\">Del p\u00e5 Facebook<\/li>\n<li aria-label=\"email\" class=\"narrow-button hyperion-css-1sz7d3n\">Del med e-post<\/li>\n<li aria-label=\"email\" class=\"wide-button hyperion-css-1sz7d3n\">Del med e-post<\/li>\n<\/ul>\n<p class=\"hyperion-css-1lemvax\">\u2013 Det har ligget i kortene en stund, men n\u00e5 var det ingen grunn til \u00e5 vente, sier Terje Andersen om kj\u00f8pet av sin nye elbil, dagen f\u00f8r statsbudsjettet ble satt.<\/p>\n<p class=\"hyperion-css-1lemvax\">I oktober varslet regjeringen at de planlegger \u00e5 senke momstaketmomstaketHvor h\u00f8y pris elbilen kan ha f\u00f8r 25 prosent merverdiavgift sl\u00e5r inn p\u00e5 kj\u00f8pssummen. Under momstaket er det null moms.  p\u00e5 elbiler til 300.000 kroner fra 1. januar 2026.<\/p>\n<p class=\"hyperion-css-1lemvax\"><a data-test-tag=\"internal-link\" href=\"https:\/\/e24.no\/norsk-oekonomi\/i\/RjbJOO\/alt-du-maa-vite-om-budsjettenigheten\" class=\"hyperion-css-1rezu2g\" rel=\"nofollow noopener\" target=\"\" aria-label=\"I natt ble det klart\">I natt ble det klart<\/a> at den momsendringen vil sl\u00e5 til. En elbil til 500.000 kroner vil da utl\u00f8se 50.000 kroner i moms. <\/p>\n<p class=\"hyperion-css-1lemvax\">Den videre momsnedsettelsen har derimot blitt fordelt utover enda ett \u00e5r. <\/p>\n<p class=\"hyperion-css-1lemvax\">N\u00e5 vil momstaket settes ned til 150.000 kroner i 2027, istedenfor null kroner som var foresl\u00e5tt. S\u00e5 fjernes momsfritaket fra 2028.<\/p>\n<p>Slik endres momsen<\/p>\n<ul class=\"hyperion-css-pkq1ci\" data-test-tag=\"list\">\n<li class=\"hyperion-css-12h2ush\">2025: Det er ingen moms p\u00e5 elbil som har en kj\u00f8pspris under 500.000 kroner.<\/li>\n<li class=\"hyperion-css-12h2ush\">2026: Momstaket settes ned til 300.000.<\/li>\n<li class=\"hyperion-css-12h2ush\">2027: Istedenfor \u00e5 avvikle momsfritaket blir taket satt til 150.000.<\/li>\n<li class=\"hyperion-css-12h2ush\">2028: Momsfritaket opph\u00f8rer.<\/li>\n<\/ul>\n<p class=\"hyperion-css-ffjyk2\">Endringen er derimot forbeholdt at ESA godkjenner regjeringens plan om forlengelse. EU\/E\u00d8S sine regler om statsst\u00f8tte gj\u00f8r at Norge trenger godkjenning for \u00e5 gi et momsfritak. Fritaket som tidligere har gjelt opph\u00f8rer til ny\u00e5ret. <\/p>\n<p>Vis mer<img decoding=\"async\" class=\"image-asset hyperion-css-1t7p7u\" data-test-tag=\"image-asset\" src=\"https:\/\/www.europesays.com\/no\/wp-content\/uploads\/2025\/12\/2b9fee7f-f487-4a8d-bc2f-31f911a97694\"  alt=\"ELBILSALGET: Forhandlere ser lyst p\u00e5 salget i 2026, men er skeptiske til 2027. \"  loading=\"eager\" fetchpriority=\"high\" style=\"aspect-ratio:1900 \/ 1267\"\/>ELBILSALGET: Forhandlere ser lyst p\u00e5 salget i 2026, men er skeptiske til 2027. Foto: Fredrik Varfjell \/ NTB<a data-test-tag=\"teaser-small:link-internal\" href=\"https:\/\/e24.no\/boers-og-finans\/i\/2pnabR\/analytiker-shippingaksjen-du-maa-eie\" class=\"imagePosition-top inline hyperion-css-6238vu\" rel=\"nofollow noopener\" target=\"\" aria-label=\"Analytiker: Shippingaksjen du m\u00e5 eie\"><\/p>\n<p>Les p\u00e5 E24+<\/p>\n<p>Analytiker: Shippingaksjen du m\u00e5 eie<\/p>\n<p><\/a><\/p>\n<p class=\"hyperion-css-1lemvax\">Det er Andersen glad for. <\/p>\n<p class=\"hyperion-css-1lemvax\">\u2013 Det er positivt at de har utsatt momsendringen, det gir forutsigbarhet fremover, sier han onsdag.<\/p>\n<p class=\"hyperion-css-1lemvax\">Familien har hatt elbil siden 2017. Da forslaget om momsendring ble lagt frem, solgte han den gamle bilen og skaffet seg en ny. <\/p>\n<p class=\"hyperion-css-1lemvax\">\u2013 Jeg er jo ikke s\u00e5 positiv til at bilen jeg kj\u00f8per n\u00e5 kan bli 50.000 dyrere p\u00e5 ny\u00e5ret, men vi har alle skj\u00f8nt at elbilordningene har v\u00e6rt midlertidige, sa Andersen til E24 tirsdag. <\/p>\n<p class=\"hyperion-css-1lemvax\">Det han derimot ikke forventet, var hvor raskt momsendringen ville sl\u00e5 til.<\/p>\n<p class=\"hyperion-css-1lemvax\">\u2013 Arbeiderpartiet la ikke akkurat dette fram i valgl\u00f8ftene sine. Det har v\u00e6rt lite transparens fra dem, og en kort frist, mener Andersen. <\/p>\n<p><img decoding=\"async\" class=\"image-asset hyperion-css-mqa70b\" data-test-tag=\"image-asset\" src=\"https:\/\/www.europesays.com\/no\/wp-content\/uploads\/2025\/12\/80eede8d-639f-4de3-b26c-1a14834b8439\"  alt=\"SAVNER FORUTSIGBARHET: Salgssjef Christian Lynne savner mer forutsigbarhet rundt momsendringene. Selv \u00f8nsker han at regjeringen hadde ventet med momsen til april for \u00e5 forhindre hastekj\u00f8p.\"  loading=\"eager\" fetchpriority=\"high\" style=\"aspect-ratio:1900 \/ 1425\"\/>SAVNER FORUTSIGBARHET: Salgssjef Christian Lynne savner mer forutsigbarhet rundt momsendringene. Selv \u00f8nsker han at regjeringen hadde ventet med momsen til april for \u00e5 forhindre hastekj\u00f8p. Foto: Kristoffer L\u00f8ge HedmanMange hastekj\u00f8p<\/p>\n<p class=\"hyperion-css-1lemvax\">Det ble <a data-test-tag=\"internal-link\" href=\"https:\/\/e24.no\/boers-og-finans\/i\/JOWdz8\/elbilrush-foer-momsoekning-tesla-med-ny-rekord\" class=\"hyperion-css-1rezu2g\" rel=\"nofollow noopener\" target=\"\" aria-label=\"rekord for elbilsalg i november\">rekord for elbilsalg i november<\/a>. Av 19.899 registrerte nye personbiler var elbilandelen 97,6 prosent.<\/p>\n<p class=\"hyperion-css-1lemvax\">P\u00e5 Volvo Car Stor-Oslo har de ikke flere biler \u00e5 selge i \u00e5r.<\/p>\n<p class=\"hyperion-css-1lemvax\">\u2013 Det har g\u00e5tt veldig fort, sier salgssjef Christian Lynne.<\/p>\n<p class=\"hyperion-css-1lemvax\">Utsalget f\u00e5r vanligvis solgt alle bilene f\u00f8r \u00e5ret er omme, men i \u00e5r har de g\u00e5tt tom for biler mye tidligere enn vanlig. <\/p>\n<p class=\"hyperion-css-1lemvax\">N\u00e5 venter Lynne et rolig f\u00f8rste kvartal av 2026, men forventer at det igjen vil bli en mengde salg mot slutten av det kommende \u00e5ret.<\/p>\n<p class=\"hyperion-css-1lemvax\">\u2013 Det er for s\u00e5 vidt helt greit at regjeringen endrer momsen, men det vi hadde \u00f8nsket var mer forutsigbarhet. B\u00e5de for oss og for v\u00e5re kunder, sier Lynne tirsdag.<\/p>\n<p class=\"hyperion-css-1lemvax\">Han er onsdag forn\u00f8yd med at regjeringen har satt en klar plan fremover. <\/p>\n<p class=\"hyperion-css-1lemvax\">\u2013 Jeg skulle fremdeles \u00f8nske at de utsatte momsendringen til april, det ville gitt folk mer tid. <\/p>\n<p class=\"hyperion-css-1lemvax\">Da forslaget om momsendring ble lagt fram var det flere som fikk hastverk med \u00e5 kj\u00f8pe en ny bil, forteller Lynne. <\/p>\n<p class=\"hyperion-css-1lemvax\">\u2013 Det er nok mange som har hastet med \u00e5 kj\u00f8pe og ikke f\u00e5tt tenkt seg om ordentlig, mener han. <\/p>\n<p class=\"hyperion-css-1q1vls4\">B\u00f8r elbiler beholde sine momsfordeler?<\/p>\n<p>Bismak av momsendring<\/p>\n<p class=\"hyperion-css-1lemvax\">\u2013 Vi er glade i \u00e5 selge mange biler, men det er en solid bismak her, sier \u00d8yvind Roglien Skovli, direkt\u00f8r for kommunikasjon og samfunnskontakt i M\u00f8ller Mobility Group. <\/p>\n<p><img decoding=\"async\" class=\"image-asset hyperion-css-n6kkq1\" data-test-tag=\"image-asset\" src=\"https:\/\/www.europesays.com\/no\/wp-content\/uploads\/2025\/12\/9c876466-fda7-4d41-a55a-5919dcb56a1c\"  alt=\"\"  fetchpriority=\"auto\" style=\"aspect-ratio:1289 \/ 860\"\/>\u00d8yvind Rognlien Skovli<\/p>\n<p class=\"hyperion-css-1lemvax\">Direkt\u00f8r for kommunikasjon og samfunnskontakt, M\u00f8ller Mobility Group<\/p>\n<p class=\"hyperion-css-1lemvax\"> Siden 15. oktober har M\u00f8ller hatt en tredobling i elbilsalget. <\/p>\n<p class=\"hyperion-css-1lemvax\">\u2013 Vi ser mye usikkerhet blant kundene, og fortvilelse fra dem som av ulike \u00e5rsaker ikke har mulighet til \u00e5 skaffe seg en ny bil f\u00f8r nytt\u00e5r, forteller Skovli. <\/p>\n<p class=\"hyperion-css-1lemvax\">Han mener at momsendringen vil bremse utskiftningen av fossile biler p\u00e5 veien. <\/p>\n<p class=\"hyperion-css-1lemvax\">F\u00f8r regjeringen la frem den nye momsplanen, fryktet Skovli at 2027 ville bli et d\u00e5rlig salgs\u00e5r. <\/p>\n<p class=\"hyperion-css-1lemvax\">\u2013 Regjeringens forslag gj\u00f8r at det potensielt er da rullegardinen virkelig g\u00e5r ned for elbilsalget. B\u00e5de SV og MDG har i sine alternative budsjetter lagt opp til en mer ansvarlig plan for opptrapping av moms for elbiler, sa Skovli tirsdag.<\/p>\n<p class=\"hyperion-css-1lemvax\">Han er n\u00e5 positiv til at regjeringen har lagt fram en fremtidsplan og utsatt fjerningen av momsfritaket.<\/p>\n<p class=\"hyperion-css-1lemvax\">\u2013 Det har bedret det som kunne blitt bekm\u00f8rkt, sier Skovli onsdag. <\/p>\n<p class=\"hyperion-css-1lemvax\">Administrerende direkt\u00f8r i Harald A. M\u00f8ller AS, Ulf Tore Hekneby, sier seg ogs\u00e5 forn\u00f8yd med den nye planen.<\/p>\n<p class=\"hyperion-css-1lemvax\">\u2013 Det er p\u00e5 sin plass \u00e5 takke MDG og SV for at de lyktes med \u00e5 gj\u00f8re et d\u00e5rlig elbilbudsjett noe bedre. Det bidrar positivt i arbeidet med \u00e5 fase ut fossile biler fra veiene v\u00e5re. <\/p>\n<p class=\"hyperion-css-1lemvax\">Hekneby takker ogs\u00e5 elbilforeningen.<\/p>\n<p class=\"hyperion-css-1lemvax\">\u2013 Jeg tror bransjen v\u00e5r tidvis undervurderer den viktige rollen de spiller for \u00e5 sikre best mulige vilk\u00e5r for fortsatt elbilvekst.<\/p>\n<p><img decoding=\"async\" class=\"image-asset hyperion-css-1f5ttrq\" data-test-tag=\"image-asset\" src=\"https:\/\/www.europesays.com\/no\/wp-content\/uploads\/2025\/12\/9d46a5ca-25eb-4233-9940-d01c93ee00f6\"  alt=\"DOBLET SALGET: BYD har nesten doblet antallet registrerte biler i 2025. Tore Fjellheim daglig leder ved RSA Bil Oslo er forn\u00f8yd med \u00e5ret.\"  loading=\"eager\" fetchpriority=\"high\" style=\"aspect-ratio:1900 \/ 1425\"\/>DOBLET SALGET: BYD har nesten doblet antallet registrerte biler i 2025. Tore Fjellheim daglig leder ved RSA Bil Oslo er forn\u00f8yd med \u00e5ret. Foto: Kristoffer L\u00f8ge HedmanEksploderte etter regjeringsforslag<\/p>\n<p class=\"hyperion-css-1lemvax\">Hos RSA Bil Oslo har salget g\u00e5tt over all forventning, if\u00f8lge daglig leder Tore Fjellheim. <\/p>\n<p class=\"hyperion-css-1lemvax\">\u2013 Vi merket at salget eksploderte noen dager etter regjeringen la fram forslaget, forteller han. <\/p>\n<p class=\"hyperion-css-1lemvax\">Det lokale utsalget har inng\u00e5tt salgskontrakter for 574 elbiler s\u00e5 langt i \u00e5r. Fjellheim forventer at de vil selge enda flere f\u00f8r ny\u00e5ret.<\/p>\n<p class=\"hyperion-css-1lemvax\">Han er positiv til at salget i 2026 vil g\u00e5 like bra, om ikke bedre.<\/p>\n<p class=\"hyperion-css-1lemvax\">\u2013 Vi forventer enda en salgsboost i samme periode neste \u00e5r. S\u00e5 vil det nok stabilisere seg utover i 2027, mener Fjellheim. <\/p>\n<p><img decoding=\"async\" class=\"image-asset hyperion-css-qg0h2l\" data-test-tag=\"image-asset\" src=\"https:\/\/www.europesays.com\/no\/wp-content\/uploads\/2025\/12\/6e4cc12e-bd3a-4fc2-80c2-57873ad59857\"  alt=\"FORS\u00d8KER \u00c5 TILPASSE: NIO pr\u00f8ver \u00e5 tilpasse seg endringene i elbilsalget, sier Vijay Sharma, markeds- og kommunikasjonssjef. \"  loading=\"eager\" fetchpriority=\"high\" style=\"aspect-ratio:1900 \/ 1425\"\/>FORS\u00d8KER \u00c5 TILPASSE: NIO pr\u00f8ver \u00e5 tilpasse seg endringene i elbilsalget, sier Vijay Sharma, markeds- og kommunikasjonssjef. Foto: Kristoffer L\u00f8ge Hedman \u2013 Kjedelig<\/p>\n<p class=\"hyperion-css-1lemvax\">NIO Norge har sett en \u00f8kende foresp\u00f8rsel for elbiler etter momsforslaget, if\u00f8lge Vijay Sharma, markeds- og kommunikasjonssjef. <\/p>\n<p class=\"hyperion-css-1lemvax\">\u2013 Det er klart at vi, som de fleste, synes det er kjedelig \u00e5 se elbilfordelene forsvinne, sier Sharma. <\/p>\n<p class=\"hyperion-css-1lemvax\">\u2013 Men vi fors\u00f8ker \u00e5 tilpasse oss alt som kommer p\u00e5 best mulig m\u00e5te. Som en salgsorganisasjon vil vi trolig aldri si oss helt forn\u00f8yd med salget, men vi ser en positiv trend og gleder oss til fortsettelsen.<\/p>\n<p class=\"hyperion-css-1lemvax\">Sharma utelukker ikke at det kan bli en nedgang i elbilsalget, n\u00e5r momsendringene til neste \u00e5r og 2027 sl\u00e5r til.<\/p>\n<p class=\"hyperion-css-1lemvax\">\u2013 For v\u00e5r del har vi spennende planer for de neste \u00e5rene og fokuserer mye p\u00e5 \u00e5 rigge organisasjonen for dette, s\u00e5 vi er klare for det som kommer. <\/p>\n<p>Rekord for Tesla<\/p>\n<p class=\"hyperion-css-1lemvax\">Tesla tronet listene for 2025 og har s\u00e5 langt solgt 28.606 nye biler. Det er et bedre resultat enn den tidligere rekorden fra 2023.<\/p>\n<p class=\"hyperion-css-1lemvax\">Tesla \u00f8nsket ikke \u00e5 kommentere saken. <\/p>\n","protected":false},"excerpt":{"rendered":"Terje Andersen kan ha spart 50.000 kroner ved \u00e5 kj\u00f8pe ny elbil f\u00f8r nytt\u00e5r. Forhandlere melder om heftig&hellip;\n","protected":false},"author":2,"featured_media":103516,"comment_status":"","ping_status":"","sticky":false,"template":"","format":"standard","meta":{"footnotes":""},"categories":[5],"tags":[20,21,24,25,15,19,22,23,17,18,13,30,28,29,14,16,26,27],"class_list":{"0":"post-103515","1":"post","2":"type-post","3":"status-publish","4":"format-standard","5":"has-post-thumbnail","7":"category-overskrifter","8":"tag-breaking-news","9":"tag-breakingnews","10":"tag-featured-news","11":"tag-featurednews","12":"tag-headlines","13":"tag-hovedoppslag","14":"tag-latest-news","15":"tag-latestnews","16":"tag-main-news","17":"tag-mainnews","18":"tag-news","19":"tag-no","20":"tag-norge","21":"tag-norway","22":"tag-nyheter","23":"tag-overskrifter","24":"tag-top-stories","25":"tag-topstories"},"share_on_mastodon":{"url":"https:\/\/pubeurope.com\/@no\/115657739469240981","error":""},"_links":{"self":[{"href":"https:\/\/www.europesays.com\/no\/wp-json\/wp\/v2\/posts\/103515","targetHints":{"allow":["GET"]}}],"collection":[{"href":"https:\/\/www.europesays.com\/no\/wp-json\/wp\/v2\/posts"}],"about":[{"href":"https:\/\/www.europesays.com\/no\/wp-json\/wp\/v2\/types\/post"}],"author":[{"embeddable":true,"href":"https:\/\/www.europesays.com\/no\/wp-json\/wp\/v2\/users\/2"}],"replies":[{"embeddable":true,"href":"https:\/\/www.europesays.com\/no\/wp-json\/wp\/v2\/comments?post=103515"}],"version-history":[{"count":0,"href":"https:\/\/www.europesays.com\/no\/wp-json\/wp\/v2\/posts\/103515\/revisions"}],"wp:featuredmedia":[{"embeddable":true,"href":"https:\/\/www.europesays.com\/no\/wp-json\/wp\/v2\/media\/103516"}],"wp:attachment":[{"href":"https:\/\/www.europesays.com\/no\/wp-json\/wp\/v2\/media?parent=103515"}],"wp:term":[{"taxonomy":"category","embeddable":true,"href":"https:\/\/www.europesays.com\/no\/wp-json\/wp\/v2\/categories?post=103515"},{"taxonomy":"post_tag","embeddable":true,"href":"https:\/\/www.europesays.com\/no\/wp-json\/wp\/v2\/tags?post=103515"}],"curies":[{"name":"wp","href":"https:\/\/api.w.org\/{rel}","templated":true}]}}