{"id":103517,"date":"2025-12-03T21:23:23","date_gmt":"2025-12-03T21:23:23","guid":{"rendered":"https:\/\/www.europesays.com\/no\/103517\/"},"modified":"2025-12-03T21:23:23","modified_gmt":"2025-12-03T21:23:23","slug":"fotball-daniel-karlsbakk-haper-sonnen-tar-pokalen-han-selv-aldri-fikk-jaerbladet","status":"publish","type":"post","link":"https:\/\/www.europesays.com\/no\/103517\/","title":{"rendered":"Fotball, Daniel Karlsbakk | H\u00e5per s\u00f8nnen tar pokalen han selv aldri fikk &#8211; J\u00e6rbladet"},"content":{"rendered":"<ol>\n<li><a href=\"https:\/\/news.google.com\/rss\/articles\/CBMihgFBVV95cUxOVFU3RTQweklLOVZwaDNldzF3SUhRODd0Z3FJOG9mZzhUSjBUNkZLYlRhSW1aS1NmUTFDY1hEZmlDcHNORmdnaTJxTW5CXzJuTGpyOHd3Q00yRkZONnlicGlVanZQMFJPV2pvMFJWSlVZNHRtRGZRclRzdXdyd0xOcWlBanZqZw?oc=5\" target=\"_blank\" rel=\"nofollow noopener\">Fotball, Daniel Karlsbakk | H\u00e5per s\u00f8nnen tar pokalen han selv aldri fikk<\/a>&nbsp;&nbsp;J\u00e6rbladet<\/li>\n<li><a href=\"https:\/\/news.google.com\/rss\/articles\/CBMieEFVX3lxTFBlYkpvUWZZTEx5cTNuWDFmM1c2TEltYVlrdlUwOS14TEdyRzlJLVQ2S0pGTVZkOVVLYURGVkZpOVNHQjVYdmgyb3BBVmw1Z3R5NFNXQUJGTUU4bEJsN3RYazVsMVBkTmxKQV9Ia25DcHVITEdySGhHcw?oc=5\" target=\"_blank\" rel=\"nofollow noopener\">D\u00f8dball (226): Spissens kamp mot klokka<\/a>&nbsp;&nbsp;Romerikes Blad<\/li>\n<li><a href=\"https:\/\/news.google.com\/rss\/articles\/CBMibEFVX3lxTE9nLWtTZzhER0VYb0FCaTZUSTNOZklveWt6aFgwV3NNU1J0dElkc010WUI2TDMzVXVWRllpUlcweVl4dDk1TGsyNU14NTVxQ0FucjlPNEpRcFV1bW0wdFhpRDlpSno3Wkg5MlJXMg?oc=5\" target=\"_blank\" rel=\"nofollow noopener\">Blir en av disse toppscorerne den store cuphelten?<\/a>&nbsp;&nbsp;Norsk Tipping<\/li>\n<li><a href=\"https:\/\/news.google.com\/rss\/articles\/CBMihAFBVV95cUxOdmtaclUtN1VTeHhHNGhkSUVRMXFiU25tZVRhZE5Mbkh6RTc1bXNYNlNhWkJONnI0MzF4dnR5SVdydG1kSy1NRGh0aUgtT1BkZ2NhNzUyN0RiOWp3SzdGai03V3hXZkVXMndtTGlscjZ0TWJucEdJV2hMT2F4WjNXdUdfZm0?oc=5\" target=\"_blank\" rel=\"nofollow noopener\">LSK, Fotball | Skadefri og feberfri: \u2013 N\u00e5 har det v\u00e6rt nok tull<\/a>&nbsp;&nbsp;Romerikes Blad<\/li>\n<li><a href=\"https:\/\/news.google.com\/rss\/articles\/CBMigwFBVV95cUxORFRBT28zdHJnSnp5d19DNF9vX044X3BBLVYwNlNJN1d2MTJsNmxtRzVCei1peHNmN0tpYXVuYnhRZGZ5eDJPR0dWWUR5QVo5WDBlNXVhSy1ZcmlybDJheXo4NDM3bDhmSGluMm9fcFFKM2p1eGk0aEJoX1lPR1R6ajZqSQ?oc=5\" target=\"_blank\" rel=\"nofollow noopener\">LSK, Fotball | Lehne Olsen er tilbake: \u2013 Moro \u00e5 v\u00e6re med igjen<\/a>&nbsp;&nbsp;Romerikes Blad<\/li>\n<\/ol>\n","protected":false},"excerpt":{"rendered":"Fotball, Daniel Karlsbakk | H\u00e5per s\u00f8nnen tar pokalen han selv aldri fikk&nbsp;&nbsp;J\u00e6rbladet D\u00f8dball (226): Spissens kamp mot klokka&nbsp;&nbsp;Romerikes&hellip;\n","protected":false},"author":2,"featured_media":103518,"comment_status":"","ping_status":"","sticky":false,"template":"","format":"standard","meta":{"footnotes":""},"categories":[59],"tags":[30,28,29,83,82],"class_list":{"0":"post-103517","1":"post","2":"type-post","3":"status-publish","4":"format-standard","5":"has-post-thumbnail","7":"category-sport","8":"tag-no","9":"tag-norge","10":"tag-norway","11":"tag-sport","12":"tag-sports"},"share_on_mastodon":{"url":"https:\/\/pubeurope.com\/@no\/115657742938857165","error":""},"_links":{"self":[{"href":"https:\/\/www.europesays.com\/no\/wp-json\/wp\/v2\/posts\/103517","targetHints":{"allow":["GET"]}}],"collection":[{"href":"https:\/\/www.europesays.com\/no\/wp-json\/wp\/v2\/posts"}],"about":[{"href":"https:\/\/www.europesays.com\/no\/wp-json\/wp\/v2\/types\/post"}],"author":[{"embeddable":true,"href":"https:\/\/www.europesays.com\/no\/wp-json\/wp\/v2\/users\/2"}],"replies":[{"embeddable":true,"href":"https:\/\/www.europesays.com\/no\/wp-json\/wp\/v2\/comments?post=103517"}],"version-history":[{"count":0,"href":"https:\/\/www.europesays.com\/no\/wp-json\/wp\/v2\/posts\/103517\/revisions"}],"wp:featuredmedia":[{"embeddable":true,"href":"https:\/\/www.europesays.com\/no\/wp-json\/wp\/v2\/media\/103518"}],"wp:attachment":[{"href":"https:\/\/www.europesays.com\/no\/wp-json\/wp\/v2\/media?parent=103517"}],"wp:term":[{"taxonomy":"category","embeddable":true,"href":"https:\/\/www.europesays.com\/no\/wp-json\/wp\/v2\/categories?post=103517"},{"taxonomy":"post_tag","embeddable":true,"href":"https:\/\/www.europesays.com\/no\/wp-json\/wp\/v2\/tags?post=103517"}],"curies":[{"name":"wp","href":"https:\/\/api.w.org\/{rel}","templated":true}]}}