{"id":103527,"date":"2025-12-03T21:43:16","date_gmt":"2025-12-03T21:43:16","guid":{"rendered":"https:\/\/www.europesays.com\/no\/103527\/"},"modified":"2025-12-03T21:43:16","modified_gmt":"2025-12-03T21:43:16","slug":"israels-fremtid-ligger-i-president-herzogs-hender","status":"publish","type":"post","link":"https:\/\/www.europesays.com\/no\/103527\/","title":{"rendered":"Israels fremtid ligger i president Herzogs hender"},"content":{"rendered":"<p>\n        TREKL\u00d8VERET SOM AVGJ\u00d8R: Israels president, Isaac Herzog, sammen med statsminister Netanyahu og president Trump under presidentens bes\u00f8k i Israel i oktober.<br \/>\n        Evan Vucci \/ AP \/ NTB\n    <\/p>\n<p>    Israels statsminister, Benjamin Netanyahu, har bedt president Isaac Herzog ben\u00e5de ham f\u00f8r en rettskraftig dom. Avgj\u00f8relsen som presidenten fatter vil trolig forme Israel de kommende \u00e5r, p\u00e5 godt eller vondt.<\/p>\n<p>Rettssaken mot Israels statsminister Benjamin Netanyahu har<br \/>\nsneglet seg framover siden mai 2020. For de fleste innbyggerne i Israel g\u00e5r<br \/>\nrettssaken som lett bakgrunnsst\u00f8y i en ellers dramatisk hverdag. <\/p>\n<p>Statsministeren er tiltalt i tre ulike saker. Tiltalene<br \/>\nbest\u00e5r av p\u00e5stander om bestikkelser, bedrageri og s\u00e5kalt tillitsbrudd. <\/p>\n<p>Grunnet den to \u00e5r lange krigen og andre hendelser, har rettssaken<br \/>\nv\u00e6rt utsatt en rekke ganger. Det er heller ikke til \u00e5 stikke under stol at<br \/>\nstatsministeren og hans forsvarer bevist har fors\u00f8kt \u00e5 hale ut tiden. <\/p>\n","protected":false},"excerpt":{"rendered":"TREKL\u00d8VERET SOM AVGJ\u00d8R: Israels president, Isaac Herzog, sammen med statsminister Netanyahu og president Trump under presidentens bes\u00f8k i&hellip;\n","protected":false},"author":2,"featured_media":103528,"comment_status":"","ping_status":"","sticky":false,"template":"","format":"standard","meta":{"footnotes":""},"categories":[12],"tags":[20,21,24,25,15,22,23,13,30,28,29,14,16,26,27,42,43,44,45],"class_list":{"0":"post-103527","1":"post","2":"type-post","3":"status-publish","4":"format-standard","5":"has-post-thumbnail","7":"category-verden","8":"tag-breaking-news","9":"tag-breakingnews","10":"tag-featured-news","11":"tag-featurednews","12":"tag-headlines","13":"tag-latest-news","14":"tag-latestnews","15":"tag-news","16":"tag-no","17":"tag-norge","18":"tag-norway","19":"tag-nyheter","20":"tag-overskrifter","21":"tag-top-stories","22":"tag-topstories","23":"tag-verden","24":"tag-world","25":"tag-world-news","26":"tag-worldnews"},"share_on_mastodon":{"url":"https:\/\/pubeurope.com\/@no\/115657821639325985","error":""},"_links":{"self":[{"href":"https:\/\/www.europesays.com\/no\/wp-json\/wp\/v2\/posts\/103527","targetHints":{"allow":["GET"]}}],"collection":[{"href":"https:\/\/www.europesays.com\/no\/wp-json\/wp\/v2\/posts"}],"about":[{"href":"https:\/\/www.europesays.com\/no\/wp-json\/wp\/v2\/types\/post"}],"author":[{"embeddable":true,"href":"https:\/\/www.europesays.com\/no\/wp-json\/wp\/v2\/users\/2"}],"replies":[{"embeddable":true,"href":"https:\/\/www.europesays.com\/no\/wp-json\/wp\/v2\/comments?post=103527"}],"version-history":[{"count":0,"href":"https:\/\/www.europesays.com\/no\/wp-json\/wp\/v2\/posts\/103527\/revisions"}],"wp:featuredmedia":[{"embeddable":true,"href":"https:\/\/www.europesays.com\/no\/wp-json\/wp\/v2\/media\/103528"}],"wp:attachment":[{"href":"https:\/\/www.europesays.com\/no\/wp-json\/wp\/v2\/media?parent=103527"}],"wp:term":[{"taxonomy":"category","embeddable":true,"href":"https:\/\/www.europesays.com\/no\/wp-json\/wp\/v2\/categories?post=103527"},{"taxonomy":"post_tag","embeddable":true,"href":"https:\/\/www.europesays.com\/no\/wp-json\/wp\/v2\/tags?post=103527"}],"curies":[{"name":"wp","href":"https:\/\/api.w.org\/{rel}","templated":true}]}}