{"id":103557,"date":"2025-12-03T22:17:13","date_gmt":"2025-12-03T22:17:13","guid":{"rendered":"https:\/\/www.europesays.com\/no\/103557\/"},"modified":"2025-12-03T22:17:13","modified_gmt":"2025-12-03T22:17:13","slug":"velkommen-til-verden-zoe-vittoria","status":"publish","type":"post","link":"https:\/\/www.europesays.com\/no\/103557\/","title":{"rendered":"Velkommen til verden, Zoe Vittoria!"},"content":{"rendered":"<p class=\"kicker \" style=\"\">Tennislegenden fikk verdens beste f\u00f8rjulsgave:<\/p>\n<p>  \u00abFor en f\u00f8lelsesladd uke\u00bb, skriver den nybakte fembarnsfaren til en rykende fersk bildekarusell p\u00e5 Instagram.<\/p>\n<p>\n    VELKOMMEN TIL VERDEN: Den verdenskjente tennisstjernen ble nylig pappa for femte gang! Foto: Skjermbilde: @borisbecker \/ Instagram\n  <\/p>\n<p>Boris Becker (58) har gjort comeback &#8211; men denne gangen er det ikke p\u00e5 tennisbanen &#8211; men som bleieskiftarbeider for femte gang.\u00a0<\/p>\n<p>    <a itemprop=\"url\" href=\"https:\/\/www.seher.no\/kjendis\/barnestjerne-11-dode-stort-tap\/83932180\" rel=\"nofollow noopener\" target=\"_blank\"><\/p>\n<p>      <img loading=\"lazy\" decoding=\"async\" src=\"https:\/\/www.europesays.com\/no\/wp-content\/uploads\/2025\/12\/83932368.webp\" width=\"980\" height=\"441\" title=\"Barnestjerne (11) d\u00f8de: -  Stort tap\" alt=\"\" class=\"lazyload\" style=\"--aspect-ratio-image: 2.22; \"\/><\/p>\n<p>        Barnestjerne (11) d\u00f8de: &#8211;  Stort tap<\/p>\n<p>    <\/a><\/p>\n<p>Det glade budskap delte Boris selv nylig p\u00e5 Instagram, hvor han stolt viste frem den lille armen til datteren Zoe Vittoria Becker.<\/p>\n<p class=\"italic m-italic\" data-lab-italic=\"italic\">Mer om det kan du lese i denne saken her:<\/p>\n<p>    <a itemprop=\"url\" href=\"https:\/\/www.seher.no\/kjendis\/deler-gladnyhet\/83887616\" rel=\"nofollow noopener\" target=\"_blank\"><\/p>\n<p>      <img loading=\"lazy\" decoding=\"async\" src=\"https:\/\/www.europesays.com\/no\/wp-content\/uploads\/2025\/12\/83887596.webp\" width=\"980\" height=\"441\" title=\"Deler gladnyhet\" alt=\"\" class=\"lazyload\" style=\"--aspect-ratio-image: 2.22; \"\/><\/p>\n<p>        Deler gladnyhet<\/p>\n<p>    <\/a><\/p>\n<p class=\"font-weight-bold m-font-weight-bold\" data-lab-font_weight=\"font-weight-bold\">I innlegget valgte han dog \u00e5 v\u00e6re sparsommelig med blinkskudd og detaljer, men n\u00e5 tyr den tyske tennismesteren nok en gang til Instagram, hvor han har lagt ut en stor bildekarusell av barseltiden &#8211; og den nyf\u00f8dte lille tulla!<\/p>\n<p class=\"no_italic m-no_italic\" data-lab-italic=\"\">\u00abFor en f\u00f8lelesladd uke dette har v\u00e6rt\u00bb, heter det i bildeteksten til det nye Instagram-innlegget.<\/p>\n<p>          <img loading=\"lazy\" decoding=\"async\" src=\"https:\/\/www.europesays.com\/no\/wp-content\/uploads\/2025\/12\/83934768.webp\" width=\"686\" height=\"913\" title=\"GRATULERER MED DAGEN: Boris Becker fyller \u00e5r dagen etter datteren. Han fikk selvsagt bursdagskake p\u00e5 f\u00f8destua! Foto: Skjermdump fra Instagram\/@borisbecker\" alt=\"\" class=\"\" style=\"--aspect-ratio-image: 0.75; \"\/><\/p>\n<p>\n          GRATULERER MED DAGEN: Boris Becker fyller \u00e5r dagen etter datteren. Han fikk selvsagt bursdagskake p\u00e5 f\u00f8destua! Foto: Skjermdump fra Instagram\/@borisbecker\n      <\/p>\n<p>          <img loading=\"lazy\" decoding=\"async\" src=\"https:\/\/www.europesays.com\/no\/wp-content\/uploads\/2025\/12\/83934771.webp\" width=\"686\" height=\"913\" title=\"NY TID: Lille Zoe er Boris' femte, men konas f\u00f8rste barn. Det er ogs\u00e5 parets f\u00f8rste fellesbarn. Foto: Skjermdump fra Instagram\/@borisbecker\" alt=\"\" class=\"\" style=\"--aspect-ratio-image: 0.75; \"\/><\/p>\n<p>\n          NY TID: Lille Zoe er Boris&#8217; femte, men konas f\u00f8rste barn. Det er ogs\u00e5 parets f\u00f8rste fellesbarn. Foto: Skjermdump fra Instagram\/@borisbecker\n      <\/p>\n<p>Alle gode ting er tre\t<\/p>\n<p>58-\u00e5ringen har v\u00e6rt gift to ganger f\u00f8r, og har barna Noah Gabriel (31) og Elias Balthasar (26) sammen med ekskona Barbara Feltus.<\/p>\n<p>          <img loading=\"lazy\" decoding=\"async\" src=\"https:\/\/www.europesays.com\/no\/wp-content\/uploads\/2025\/12\/83934480.webp\" width=\"686\" height=\"762\" title=\"ELDST OG YNGST: Eldstes\u00f8nnen Noah holder lilles\u00f8steren Zoe trygt i armene, mens pappa Boris smiler stolt fra \u00f8re til \u00f8re. Foto: Skjermbilde: @borisbecker \/ Instagram\" alt=\"\" class=\"\" style=\"--aspect-ratio-image: 0.90; \"\/><\/p>\n<p>\n          ELDST OG YNGST: Eldstes\u00f8nnen Noah holder lilles\u00f8steren Zoe trygt i armene, mens pappa Boris smiler stolt fra \u00f8re til \u00f8re. Foto: Skjermbilde: @borisbecker \/ Instagram\n      <\/p>\n<p>Eksparet skilte seg etter at Boris hadde hatt en utenomekteskapelig aff\u00e6re med den russiske modellen Angela Ermakova under et m\u00f8te p\u00e5 London-restauranten Nobu p\u00e5 tidlig 2000-tallet, if\u00f8lge britiske <a href=\"https:\/\/www.dailymail.co.uk\/tvshowbiz\/article-15332643\/Boris-Becker-pictured-newborn-daughter-time-week-wife-gave-birth.html\" rel=\"nofollow noopener\" target=\"_blank\">Daily Mail<\/a>.<\/p>\n<p>          <img loading=\"lazy\" decoding=\"async\" src=\"https:\/\/www.europesays.com\/no\/wp-content\/uploads\/2025\/12\/83934520.webp\" width=\"686\" height=\"604\" title=\"ENDTE IKKE BRA: De endte ikke lykkelig alle sine dager sammen. Etter at Boris ble tatt med buksene nede p\u00e5 en nattklubb i England, tok det ikke lang tid f\u00f8r kona Barbara s\u00f8kte om skilsmisse fra sin profilerte ektemann. Foto: Winfried Rothermel \/ AP Photo\" alt=\"\" class=\"\" style=\"--aspect-ratio-image: 1.14; \"\/><\/p>\n<p>\n          ENDTE IKKE BRA: De endte ikke lykkelig alle sine dager sammen. Etter at Boris ble tatt med buksene nede p\u00e5 en nattklubb i England, tok det ikke lang tid f\u00f8r kona Barbara s\u00f8kte om skilsmisse fra sin profilerte ektemann. Foto: Winfried Rothermel \/ AP Photo\n      <\/p>\n<p>Boris og Barbaras skilsmisse ble avsluttet i 2001, etter \u00e5 ha blitt enige om et oppgj\u00f8r p\u00e5 nesten 100 millioner norske kroner.<\/p>\n<p class=\"font-weight-bold m-font-weight-bold\" data-lab-font_weight=\"font-weight-bold\">Hans andre ekteskap var med den nederlandske modellen Lily Kerssenberg . De to var gift fra 2009 til 2018, men endte, i likhet med det f\u00f8rste ekteskapet, ogs\u00e5 i en sv\u00e6rt offentlig skittent\u00f8ysvask.\u00a0<\/p>\n<p>          <img loading=\"lazy\" decoding=\"async\" src=\"https:\/\/www.europesays.com\/no\/wp-content\/uploads\/2025\/12\/83934530.webp\" width=\"686\" height=\"638\" title=\"LUCKY NUMBER TWO: Heller ikke det andre ekteskapet endte s\u00e6rlig bra for Boris. Han og modellkona Lily skilte lag etter ni \u00e5r sammen. Foto: NTB\" alt=\"\" class=\"\" style=\"--aspect-ratio-image: 1.08; \"\/><\/p>\n<p>\n          LUCKY NUMBER TWO: Heller ikke det andre ekteskapet endte s\u00e6rlig bra for Boris. Han og modellkona Lily skilte lag etter ni \u00e5r sammen. Foto: NTB\n      <\/p>\n<p>Boris har siden funnet kj\u00e6rligheten igjen med sin n\u00e5v\u00e6rende kone, Lilian de Carvalho Monteiro (34). Paret giftet seg i en ekstravagant og overd\u00e5dig tredagersseremoni i Portofino i september 2024.<\/p>\n<p>          <img loading=\"lazy\" decoding=\"async\" src=\"https:\/\/www.europesays.com\/no\/wp-content\/uploads\/2025\/12\/82692790.webp\" width=\"686\" height=\"625\" title=\"ALLE GODE TING ER TRE: Boris og hans n\u00e5v\u00e6rende kone Lilian giftet seg i en ekstravagant tredagersseremoni i 2024. Foto: JAVIER SORIANO \/ AFP\" alt=\"\" class=\"\" style=\"--aspect-ratio-image: 1.10; \"\/><\/p>\n<p>\n          ALLE GODE TING ER TRE: Boris og hans n\u00e5v\u00e6rende kone Lilian giftet seg i en ekstravagant tredagersseremoni i 2024. Foto: JAVIER SORIANO \/ AFP\n      <\/p>\n<p>          <img loading=\"lazy\" decoding=\"async\" src=\"https:\/\/www.europesays.com\/no\/wp-content\/uploads\/2025\/12\/83934770.webp\" width=\"980\" height=\"559\" title=\"NYBAKT MAMMA: Den lille tulla er Lilian sitt f\u00f8rste barn! Foto: Skjermdump fra Instagram\/@borisbecker\" alt=\"\" class=\"\" style=\"--aspect-ratio-image: 1.75; \"\/><\/p>\n<p>\n          NYBAKT MAMMA: Den lille tulla er Lilian sitt f\u00f8rste barn! Foto: Skjermdump fra Instagram\/@borisbecker\n      <\/p>\n<p>I juni 2025 kunngjorde de at de ventet sitt f\u00f8rste barn sammen, da Lilian viste frem sin voksende mage i en stilig khaki-badedrakt under en ferietur til Portofino &#8211; der de hadde giftet seg et dr\u00f8yt halv\u00e5r f\u00f8r.<\/p>\n","protected":false},"excerpt":{"rendered":"Tennislegenden fikk verdens beste f\u00f8rjulsgave: \u00abFor en f\u00f8lelsesladd uke\u00bb, skriver den nybakte fembarnsfaren til en rykende fersk bildekarusell&hellip;\n","protected":false},"author":2,"featured_media":103558,"comment_status":"","ping_status":"","sticky":false,"template":"","format":"standard","meta":{"footnotes":""},"categories":[58],"tags":[6703,4104,71,479,30,28,29,72],"class_list":{"0":"post-103557","1":"post","2":"type-post","3":"status-publish","4":"format-standard","5":"has-post-thumbnail","7":"category-underholdning","8":"tag-boris-becker","9":"tag-eksklusivt","10":"tag-entertainment","11":"tag-kjendis","12":"tag-no","13":"tag-norge","14":"tag-norway","15":"tag-underholdning"},"share_on_mastodon":{"url":"https:\/\/pubeurope.com\/@no\/115657955420370083","error":""},"_links":{"self":[{"href":"https:\/\/www.europesays.com\/no\/wp-json\/wp\/v2\/posts\/103557","targetHints":{"allow":["GET"]}}],"collection":[{"href":"https:\/\/www.europesays.com\/no\/wp-json\/wp\/v2\/posts"}],"about":[{"href":"https:\/\/www.europesays.com\/no\/wp-json\/wp\/v2\/types\/post"}],"author":[{"embeddable":true,"href":"https:\/\/www.europesays.com\/no\/wp-json\/wp\/v2\/users\/2"}],"replies":[{"embeddable":true,"href":"https:\/\/www.europesays.com\/no\/wp-json\/wp\/v2\/comments?post=103557"}],"version-history":[{"count":0,"href":"https:\/\/www.europesays.com\/no\/wp-json\/wp\/v2\/posts\/103557\/revisions"}],"wp:featuredmedia":[{"embeddable":true,"href":"https:\/\/www.europesays.com\/no\/wp-json\/wp\/v2\/media\/103558"}],"wp:attachment":[{"href":"https:\/\/www.europesays.com\/no\/wp-json\/wp\/v2\/media?parent=103557"}],"wp:term":[{"taxonomy":"category","embeddable":true,"href":"https:\/\/www.europesays.com\/no\/wp-json\/wp\/v2\/categories?post=103557"},{"taxonomy":"post_tag","embeddable":true,"href":"https:\/\/www.europesays.com\/no\/wp-json\/wp\/v2\/tags?post=103557"}],"curies":[{"name":"wp","href":"https:\/\/api.w.org\/{rel}","templated":true}]}}