{"id":103561,"date":"2025-12-03T22:23:45","date_gmt":"2025-12-03T22:23:45","guid":{"rendered":"https:\/\/www.europesays.com\/no\/103561\/"},"modified":"2025-12-03T22:23:45","modified_gmt":"2025-12-03T22:23:45","slug":"sport-fotball-lysekloster-kan-miste-lisensen","status":"publish","type":"post","link":"https:\/\/www.europesays.com\/no\/103561\/","title":{"rendered":"Sport, Fotball | Lysekloster kan miste lisensen"},"content":{"rendered":"\n<p>Det melder <a href=\"https:\/\/www.osogfusa.no\/naering\/lysekloster-il-onskjer-hjelp-fra-kommunen-far-nei-fra-kommunedirektoren\/484582\" rel=\"Follow nofollow noopener\" target=\"_blank\">Os &amp; Fusaposten. <\/a><\/p>\n<p>Forrige uke ble det kjent at klubben fortsatt har store \u00f8konomiske utfordringer. I forbindelse med det<a href=\"https:\/\/www.osogfusa.no\/nyhende\/nok-ein-gong-har-lona-uteblitt-no-tryglar-klubben-kommunen-om-hjelp\/483518\" rel=\"Follow nofollow noopener\" target=\"_blank\">, ba de kommunen om hjelp<\/a>.<\/p>\n<p><b>N\u00e5 sier kommunedirekt\u00f8ren nei til \u00e5 bist\u00e5 klubben med tre millioner kroner.<\/b><\/p>\n<p>Saken er kompleks. Den kom opp kort tid f\u00f8r siste m\u00f8terunde i 2025 og blir ettersendt til politisk behandling. Kommunedirekt\u00f8ren har, ut fra en samlet vurdering, kommet frem til at han ikke kan anbefale kommunen \u00e5 g\u00e5 inn med tilskudd, l\u00e5n eller kj\u00f8p av anlegg for \u00e5 redde \u00f8konomien i Lysekloster, skriver kommunedirekt\u00f8r Arild McClellan Steine i innstillingen.<\/p>\n<p>  <a href=\"https:\/\/www.ba.no\/5-8-3148845\" class=\"related-teaser has-image default-story-teaser article--c-eRUmMG article--c-eRUmMG-jKCPdD-design-default\" rel=\"nofollow noopener\" target=\"_blank\"><\/p>\n<p>    <img decoding=\"async\" loading=\"lazy\"  src=\"https:\/\/www.europesays.com\/no\/wp-content\/uploads\/2025\/12\/IMG_4335.jpg\" alt=\"\" class=\"brick-c-cFOWSL\" style=\"\"\/><\/p>\n<p>\n            Les ogs\u00e5<\/p>\n<p>              G\u00e5r hardt ut mot egen klubb: \u2013 Jeg er oppriktig sjokkert\n        <\/p>\n<p>  <\/a><br \/>\n  Nesten tre millioner<\/p>\n<p>Den samlede gjelden, i tillegg til skattekrav, skal if\u00f8lge avisen v\u00e6re p\u00e5 ti millioner kroner. Lysekloster har stipulert et underskudd p\u00e5 2.750.000 kroner i 2025, og budsjettet for 2026 viser at inntektene er usikre, og at det per dags dato mangler halvannen million i sponsorinntekter.<\/p>\n<p>At \u00f8konomien ser usikker ut b\u00e5de i \u00e5r og til neste \u00e5r, er noe av det kommunedirekt\u00f8ren har vektlagt i beslutningen.<\/p>\n<p>Samtidig p\u00e5peker han at det er viktig at anlegget best\u00e5r.<\/p>\n<p>If\u00f8lge NFFs regelverk m\u00e5 en klubb dokumentere at den f\u00f8r utgangen av mars ikke har utest\u00e5ende betalingsforpliktelser overfor skattemyndighetene som forfalt f\u00f8r fjor\u00e5rets utgang. Styreleder i Lysekloster, Bj\u00f8rn Samdal, skriver i et notat til kommunen at konsekvensen av at gjeld til det offentlige ikke er betalt innen nytt\u00e5r, trolig vil v\u00e6re at lisensen til 2. divisjon faller bort.<\/p>\n","protected":false},"excerpt":{"rendered":"Det melder Os &amp; Fusaposten. Forrige uke ble det kjent at klubben fortsatt har store \u00f8konomiske utfordringer. I&hellip;\n","protected":false},"author":2,"featured_media":103562,"comment_status":"","ping_status":"","sticky":false,"template":"","format":"standard","meta":{"footnotes":""},"categories":[59],"tags":[36,92,6768,30,28,29,83,82,1510],"class_list":{"0":"post-103561","1":"post","2":"type-post","3":"status-publish","4":"format-standard","5":"has-post-thumbnail","7":"category-sport","8":"tag-art","9":"tag-fotball","10":"tag-lysekloster","11":"tag-no","12":"tag-norge","13":"tag-norway","14":"tag-sport","15":"tag-sports","16":"tag-story"},"share_on_mastodon":{"url":"https:\/\/pubeurope.com\/@no\/115657979298609862","error":""},"_links":{"self":[{"href":"https:\/\/www.europesays.com\/no\/wp-json\/wp\/v2\/posts\/103561","targetHints":{"allow":["GET"]}}],"collection":[{"href":"https:\/\/www.europesays.com\/no\/wp-json\/wp\/v2\/posts"}],"about":[{"href":"https:\/\/www.europesays.com\/no\/wp-json\/wp\/v2\/types\/post"}],"author":[{"embeddable":true,"href":"https:\/\/www.europesays.com\/no\/wp-json\/wp\/v2\/users\/2"}],"replies":[{"embeddable":true,"href":"https:\/\/www.europesays.com\/no\/wp-json\/wp\/v2\/comments?post=103561"}],"version-history":[{"count":0,"href":"https:\/\/www.europesays.com\/no\/wp-json\/wp\/v2\/posts\/103561\/revisions"}],"wp:featuredmedia":[{"embeddable":true,"href":"https:\/\/www.europesays.com\/no\/wp-json\/wp\/v2\/media\/103562"}],"wp:attachment":[{"href":"https:\/\/www.europesays.com\/no\/wp-json\/wp\/v2\/media?parent=103561"}],"wp:term":[{"taxonomy":"category","embeddable":true,"href":"https:\/\/www.europesays.com\/no\/wp-json\/wp\/v2\/categories?post=103561"},{"taxonomy":"post_tag","embeddable":true,"href":"https:\/\/www.europesays.com\/no\/wp-json\/wp\/v2\/tags?post=103561"}],"curies":[{"name":"wp","href":"https:\/\/api.w.org\/{rel}","templated":true}]}}