{"id":103572,"date":"2025-12-03T22:35:13","date_gmt":"2025-12-03T22:35:13","guid":{"rendered":"https:\/\/www.europesays.com\/no\/103572\/"},"modified":"2025-12-03T22:35:13","modified_gmt":"2025-12-03T22:35:13","slug":"her-feirer-barn-fra-34-land-gratulerer-aune","status":"publish","type":"post","link":"https:\/\/www.europesays.com\/no\/103572\/","title":{"rendered":"Her feirer barn fra 34 land: \u2013 Gratulerer Aune!"},"content":{"rendered":"<p data-testid=\"textWithMarkup-text\" data-v-ca17de6b=\"\" data-v-62d58f52=\"\">Det ble en flott feiring av Aune barneskoles 60 \u00e5rs jubileum onsdag kveld. N\u00e6r 700 voksne og over 400 barn, i tillegg til rundt 70 ansatte, fylte b\u00e5de skole og idrettshall.<\/p>\n<p data-testid=\"textWithMarkup-text\" data-v-ca17de6b=\"\" data-v-62d58f52=\"\">Ungene hadde laget utstillinger i alle klasserom, her fikk publikum lese fine tekster og se mannequinoppvisninger med tidsriktige kl\u00e6r fra perioden skolen har eksistert, de fikk se romraketter og mye mye mer p\u00e5 en utstilling som strakk seg gjennom hele skolen. <\/p>\n<p data-testid=\"textWithMarkup-text\" data-v-ca17de6b=\"\" data-v-62d58f52=\"\">I tillegg var det todelt forestilling i idrettshallen, der halve skolen fikk opptre i 25 minutter hver. <\/p>\n<p data-testid=\"textWithMarkup-text\" data-v-ca17de6b=\"\" data-v-62d58f52=\"\">Imponerende logistikk fra skolens ansatte gjorde at alt gikk p\u00e5 skinner. <\/p>\n<p data-testid=\"textWithMarkup-text\" data-v-ca17de6b=\"\" data-v-62d58f52=\"\">Tilslutt samlet alle seg foran hovedinngangen til skolen, og her sang alle skolens elever en sang med en flott tekst, som du kan h\u00f8re i videoen under. <\/p>\n<p data-testid=\"textWithMarkup-text\" data-v-ca17de6b=\"\" data-v-62d58f52=\"\">Flagg fra alle nasjoner som er representert ved skolen ble ogs\u00e5 b\u00e5ret inn av elever fra de forskjellige landene. <\/p>\n<p data-testid=\"textWithMarkup-text\" data-v-ca17de6b=\"\" data-v-62d58f52=\"\">Det ble en flott avslutning p\u00e5 en verdig kveld. <\/p>\n<p data-testid=\"textWithMarkup-text\" data-v-ca17de6b=\"\" data-v-62d58f52=\"\">Teksten p\u00e5 sangen kan du lese under videoen.<\/p>\n<p data-testid=\"textWithMarkup-markup\" data-v-62d58f52=\"\">Det finnes mange barn i andre land, som har ingenting, <\/p>\n<p data-testid=\"textWithMarkup-markup\" data-v-62d58f52=\"\">men gj\u00f8r s\u00e5 godt de kan.<\/p>\n<p data-testid=\"textWithMarkup-markup\" data-v-62d58f52=\"\">Og de dr\u00f8mmer om en verden der ingen v\u00e5pen slipper til, <\/p>\n<p data-testid=\"textWithMarkup-markup\" data-v-62d58f52=\"\">&#8211; at de har nok mat og leker hvor de vil.<\/p>\n<p data-testid=\"textWithMarkup-markup\" data-v-62d58f52=\"\">Vi har ingen tid \u00e5 miste. <\/p>\n<p data-testid=\"textWithMarkup-markup\" data-v-62d58f52=\"\">Det m\u00e5 gj\u00f8res noe n\u00e5. <\/p>\n<p data-testid=\"textWithMarkup-markup\" data-v-62d58f52=\"\">Strekke ut en h\u00e5nd og ikke bare se p\u00e5.<\/p>\n<p data-testid=\"textWithMarkup-markup\" data-v-62d58f52=\"\">Vi er barn fra forskjellige land som st\u00e5r sammen, <\/p>\n<p data-testid=\"textWithMarkup-markup\" data-v-62d58f52=\"\">og viser vi kan skape samhold om vi bare vil, <\/p>\n<p data-testid=\"textWithMarkup-markup\" data-v-62d58f52=\"\">&#8211; ingen grenser for hva vi f\u00e5r til.<\/p>\n<p data-testid=\"textWithMarkup-markup\" data-v-62d58f52=\"\">Og vi synger s\u00e5 h\u00f8yt som vi kan. <\/p>\n<p data-testid=\"textWithMarkup-markup\" data-v-62d58f52=\"\">Vi vil h\u00f8res i all verdens land. <\/p>\n<p data-testid=\"textWithMarkup-markup\" data-v-62d58f52=\"\">For vi har noe viktig \u00e5 si; <\/p>\n<p data-testid=\"textWithMarkup-markup\" data-v-62d58f52=\"\">Vi er barn som har mye \u00e5 gi \u2013 mye \u00e5 gi.<\/p>\n<p data-testid=\"textWithMarkup-markup\" data-v-62d58f52=\"\">I en liten by langt mot nord <\/p>\n<p data-testid=\"textWithMarkup-markup\" data-v-62d58f52=\"\">har vi samlet oss og synger h\u00f8yt i kor.<\/p>\n<p data-testid=\"textWithMarkup-markup\" data-v-62d58f52=\"\">For vi dr\u00f8mmer om en verden der alle barn kan le, <\/p>\n<p data-testid=\"textWithMarkup-markup\" data-v-62d58f52=\"\">&#8211; hvor vi har det trygt og krig har blitt til fred.<\/p>\n<p data-testid=\"textWithMarkup-markup\" data-v-62d58f52=\"\">Vi har ingen tid \u00e5 miste. Det m\u00e5 gj\u00f8res noe n\u00e5. <\/p>\n<p data-testid=\"textWithMarkup-markup\" data-v-62d58f52=\"\">Strekke ut en h\u00e5nd og ikke bare se p\u00e5.<\/p>\n<p data-testid=\"textWithMarkup-markup\" data-v-62d58f52=\"\">Vi er barn fra forskjellige land som st\u00e5r sammen, <\/p>\n<p data-testid=\"textWithMarkup-markup\" data-v-62d58f52=\"\">og viser vi kan skape samhold om vi bare vil, <\/p>\n<p data-testid=\"textWithMarkup-markup\" data-v-62d58f52=\"\">&#8211; ingen grenser for hva vi f\u00e5r til.<\/p>\n<p data-testid=\"textWithMarkup-markup\" data-v-62d58f52=\"\">Og vi synger s\u00e5 h\u00f8yt som vi kan. <\/p>\n<p data-testid=\"textWithMarkup-markup\" data-v-62d58f52=\"\">Vi vil h\u00f8res i all verdens land. <\/p>\n<p data-testid=\"textWithMarkup-markup\" data-v-62d58f52=\"\">For vi har noe viktig \u00e5 si; <\/p>\n<p data-testid=\"textWithMarkup-markup\" data-v-62d58f52=\"\">Vi er barn som har mye \u00e5 gi.<\/p>\n","protected":false},"excerpt":{"rendered":"Det ble en flott feiring av Aune barneskoles 60 \u00e5rs jubileum onsdag kveld. N\u00e6r 700 voksne og over&hellip;\n","protected":false},"author":2,"featured_media":103573,"comment_status":"","ping_status":"","sticky":false,"template":"","format":"standard","meta":{"footnotes":""},"categories":[12],"tags":[20,21,24,25,15,22,23,13,30,28,29,14,16,26,27,42,43,44,45],"class_list":{"0":"post-103572","1":"post","2":"type-post","3":"status-publish","4":"format-standard","5":"has-post-thumbnail","7":"category-verden","8":"tag-breaking-news","9":"tag-breakingnews","10":"tag-featured-news","11":"tag-featurednews","12":"tag-headlines","13":"tag-latest-news","14":"tag-latestnews","15":"tag-news","16":"tag-no","17":"tag-norge","18":"tag-norway","19":"tag-nyheter","20":"tag-overskrifter","21":"tag-top-stories","22":"tag-topstories","23":"tag-verden","24":"tag-world","25":"tag-world-news","26":"tag-worldnews"},"share_on_mastodon":{"url":"https:\/\/pubeurope.com\/@no\/115658026061322016","error":""},"_links":{"self":[{"href":"https:\/\/www.europesays.com\/no\/wp-json\/wp\/v2\/posts\/103572","targetHints":{"allow":["GET"]}}],"collection":[{"href":"https:\/\/www.europesays.com\/no\/wp-json\/wp\/v2\/posts"}],"about":[{"href":"https:\/\/www.europesays.com\/no\/wp-json\/wp\/v2\/types\/post"}],"author":[{"embeddable":true,"href":"https:\/\/www.europesays.com\/no\/wp-json\/wp\/v2\/users\/2"}],"replies":[{"embeddable":true,"href":"https:\/\/www.europesays.com\/no\/wp-json\/wp\/v2\/comments?post=103572"}],"version-history":[{"count":0,"href":"https:\/\/www.europesays.com\/no\/wp-json\/wp\/v2\/posts\/103572\/revisions"}],"wp:featuredmedia":[{"embeddable":true,"href":"https:\/\/www.europesays.com\/no\/wp-json\/wp\/v2\/media\/103573"}],"wp:attachment":[{"href":"https:\/\/www.europesays.com\/no\/wp-json\/wp\/v2\/media?parent=103572"}],"wp:term":[{"taxonomy":"category","embeddable":true,"href":"https:\/\/www.europesays.com\/no\/wp-json\/wp\/v2\/categories?post=103572"},{"taxonomy":"post_tag","embeddable":true,"href":"https:\/\/www.europesays.com\/no\/wp-json\/wp\/v2\/tags?post=103572"}],"curies":[{"name":"wp","href":"https:\/\/api.w.org\/{rel}","templated":true}]}}