{"id":103578,"date":"2025-12-03T22:45:14","date_gmt":"2025-12-03T22:45:14","guid":{"rendered":"https:\/\/www.europesays.com\/no\/103578\/"},"modified":"2025-12-03T22:45:14","modified_gmt":"2025-12-03T22:45:14","slug":"nesten-vondt-a-se-pa","status":"publish","type":"post","link":"https:\/\/www.europesays.com\/no\/103578\/","title":{"rendered":"\u2013 Nesten vondt \u00e5 se p\u00e5"},"content":{"rendered":"\n<p class=\"_lead_o9xde_2 _lead_xtcu6_50 layout-component text-serif-m layout-normal text-serif-l layout-component layout-wide layout-padded _wide_17hqh_1 layout-padded\">Naboen ble kledd totalt nakne. Sverige kollapset. Reaksjonene hagler.<\/p>\n<p> <img class=\"_image_qp4xg_65 layout-component layout-wide\" data-fullscreen- data-track-element-type=\"Article image fullscreen\" data-track-name=\"ImageFullscreen\" fetchpriority=\"high\" decoding=\"sync\" loading=\"eager\" height=\"102\" itemprop=\"image\"  src=\"https:\/\/www.europesays.com\/no\/wp-content\/uploads\/2025\/12\/489ec89b67a79c35faf5d438c2549778.jpg\"  style=\"object-position:50% 50%;aspect-ratio:1.75;height:auto;object-fit:cover;width:100%\" width=\"102\"\/>  <\/p>\n<ul aria-hidden=\"true\" class=\"_images_1uft6_111\">\n<li><a class=\"_link_1uft6_116\" href=\"https:\/\/www.vg.no\/forfatter\/jostein-overvik\" style=\"z-index:2\" title=\"Jostein Overvik\" rel=\"nofollow noopener\" target=\"_blank\"><img alt=\"Bilde av Jostein Overvik\" class=\"_image_1uft6_93\" fetchpriority=\"low\" loading=\"lazy\" decoding=\"async\" itemprop=\"image\"  src=\"https:\/\/www.europesays.com\/no\/wp-content\/uploads\/2025\/12\/1764801913_555_9167fa6a-7320-4d6f-b3c9-6c4ecb8beb8c\"  width=\"480\"\/><\/a><\/li>\n<li><a class=\"_link_1uft6_116\" href=\"https:\/\/www.vg.no\/forfatter\/jens-friberg\" style=\"z-index:1\" title=\"Jens Friberg\" rel=\"nofollow noopener\" target=\"_blank\"><img alt=\"Bilde av Jens Friberg\" class=\"_image_1uft6_93\" fetchpriority=\"low\" loading=\"lazy\" decoding=\"async\" itemprop=\"image\"  src=\"https:\/\/www.europesays.com\/no\/wp-content\/uploads\/2025\/12\/1764801913_879_d5a4433c-4b68-4c86-a3bf-a19d98457272\"  width=\"480\"\/><\/a><\/li>\n<\/ul>\n<p>Rapporterer fra Dortmund Oppdatert onsdag 3. desember kl. 22:55     <\/p>\n<p class=\"_paragraph_o9xde_4 _paragraph_xtcu6_10 layout-component text-serif-m layout-normal text-serif-m layout-padded\">\u2013 Det har nesten v\u00e6rt vondt \u00e5 se p\u00e5, sier tidligere landslagskaptein Stine Oftedal Dahmke, n\u00e5 TV3-ekspert, i pausen.<\/p>\n<p class=\"_paragraph_o9xde_4 _paragraph_xtcu6_10 layout-component text-serif-m layout-normal text-serif-m layout-padded\"><strong class=\"_strong_o9xde_25\">Norge vant den st\u00f8rste seieren over Sverige i VM noen gang. 13-m\u00e5lsseieren er den fjerde st\u00f8rste over svenskene gjennom 143 landskamper siden 1946.<\/strong><\/p>\n<p class=\"_paragraph_o9xde_4 _paragraph_xtcu6_10 layout-component text-serif-m layout-normal text-serif-m layout-padded\">\u2013 Det er litt trist \u00e5 se at det er s\u00e5 stor forskjell, sier Oftedal etter kamp.<\/p>\n<p class=\"_paragraph_o9xde_4 _paragraph_xtcu6_10 layout-component text-serif-m layout-normal text-serif-m layout-padded\">\u2013 Noe av det verste jeg har sett, sier ekspertkollega Ole Erevik.<\/p>\n<p class=\"_paragraph_o9xde_4 _paragraph_xtcu6_10 layout-component text-serif-m layout-normal text-serif-m layout-padded\">\u2013 Pinlig, sier Sveriges Linn Blohm til svensk Viaplay.<\/p>\n<p class=\"_paragraph_o9xde_4 _paragraph_xtcu6_10 layout-component text-serif-m layout-normal text-serif-m layout-padded\">\u2013 Ja, sier Filippa Id\u00e9hn til VG \u2013 p\u00e5 sp\u00f8rsm\u00e5l om dette var ydmykende.<\/p>\n<p class=\"_paragraph_o9xde_4 _paragraph_xtcu6_10 layout-component text-serif-m layout-normal text-serif-m layout-padded\">\u2013 Det var ikke noe s\u00e6rlig. 13 m\u00e5l er jo ydmykende. Norge er utrolig gode, og vi vet det er slik om vi ikke spiller v\u00e5r beste kamp. Det er ikke f\u00f8rste gang, sier Sverige-kaptein Jamina Roberts til VG.<\/p>\n<p class=\"_paragraph_o9xde_4 _paragraph_xtcu6_10 layout-component text-serif-m layout-normal text-serif-m layout-padded\">\u2013 En j\u00e6vla d\u00e5rlig drittkamp. De bedriver en helt annen idrett, sier Nathalie Hagman til Aftonbladet.<\/p>\n<p class=\"_paragraph_o9xde_4 _paragraph_xtcu6_10 layout-component text-serif-m layout-normal text-serif-m layout-padded\">Slik reageres det i Sverige:<\/p>\n<p class=\"_paragraph_o9xde_4 _paragraph_xtcu6_10 layout-component text-serif-m layout-normal text-serif-m layout-padded\">H\u00e5ndballjentene ledet 24\u201311 allerede ved pause i WestfalenhalleWestfalenhalleKapasitet 12.000 tilskuere.. Den klassiske h\u00e5ndballarenaen hadde 10.000 tomme seter, men har neppe sett et bedre kvinnelag noensinne.<\/p>\n<p class=\"_paragraph_o9xde_4 _paragraph_xtcu6_10 layout-component text-serif-m layout-normal text-serif-m layout-padded\">\u2013 Det er total utklassing, sier ekspertkommentator Gunnar Pettersen p\u00e5 TV 3.<\/p>\n<p class=\"_paragraph_o9xde_4 _paragraph_xtcu6_10 layout-component text-serif-m layout-normal text-serif-m layout-padded\">\u2013 Det var over all forventning at vi skulle ha en s\u00e5 stor ledelse til pause, sier Stine Skogrand til VG.<\/p>\n<p class=\"_paragraph_o9xde_4 _paragraph_xtcu6_10 layout-component text-serif-m layout-normal text-serif-m layout-padded\">\u2013  At vi skulle komme s\u00e5 godt ut av f\u00f8rste omgang, det er jeg litt overrasket over, sier Katrine Lunde.<\/p>\n<p class=\"_paragraph_o9xde_4 _paragraph_xtcu6_10 layout-component text-serif-m layout-normal text-serif-m layout-padded\">Svenskene kom fra et blytungt tap for Brasil. Men her ble alt enda verre. <\/p>\n<p class=\"_paragraph_o9xde_4 _paragraph_xtcu6_10 layout-component text-serif-m layout-normal text-serif-m layout-padded\">Sverige slo Norge i fjor\u00e5rets OL-\u00e5pning, men falt gjennom i fjor\u00e5rets EM.<\/p>\n<p class=\"_paragraph_o9xde_4 _paragraph_xtcu6_10 layout-component text-serif-m layout-normal text-serif-m layout-padded\">\u2013 En veldig bra omgang. Vi skal gj\u00f8re en ny str\u00e5lende omgang, lovte Ingvild Bakkerud i pausen.<\/p>\n<p class=\"_paragraph_o9xde_4 _paragraph_xtcu6_10 layout-component text-serif-m layout-normal text-serif-m layout-padded\">Forsvarsgiganten markerte seg fem dundrende scoringer i kontringsspillet.<\/p>\n<p><img alt=\"BLYTUNGT: De svenske keeperne Johanna Bundsen og Filippa Id\u00e9hn.  Foto: Beate Oma Dahle \/ NTB\" class=\"_image_qp4xg_65 layout-component layout-normal\" data-fullscreen- data-track-element-type=\"Article image fullscreen\" data-track-name=\"ImageFullscreen\" decoding=\"async\" loading=\"lazy\" height=\"5333\" itemprop=\"image\"  src=\"https:\/\/www.europesays.com\/no\/wp-content\/uploads\/2025\/12\/eb638302-7712-4820-81fa-c78708c1c3d5\"  style=\"object-position:0% 0%\" width=\"8000\"\/>BLYTUNGT: De svenske keeperne Johanna Bundsen og Filippa Id\u00e9hn.  Foto: Beate Oma Dahle \/ NTBSt\u00f8rste seire over Sverige<\/p>\n<p class=\"_paragraph_o9xde_4 _paragraph_xtcu6_10 _paragraph_16v91_10 layout-component text-serif-m layout-normal text-sans-m layout-padded\">17 m\u00e5l: 36\u201319 (2021)<\/p>\n<p class=\"_paragraph_o9xde_4 _paragraph_xtcu6_10 _paragraph_16v91_10 layout-component text-serif-m layout-normal text-sans-m layout-padded\">14 m\u00e5l: 32\u201318 (2011)<\/p>\n<p class=\"_paragraph_o9xde_4 _paragraph_xtcu6_10 _paragraph_16v91_10 layout-component text-serif-m layout-normal text-sans-m layout-padded\">14 m\u00e5l: 28\u201314 (1992)<\/p>\n<p>Vis mer<\/p>\n<p class=\"_paragraph_o9xde_4 _paragraph_xtcu6_10 layout-component text-serif-m layout-normal text-serif-m layout-padded\">Katrine Lunde fortsatte storspillet fra de f\u00f8rste VM-kampene.<\/p>\n<p class=\"_paragraph_o9xde_4 _paragraph_xtcu6_10 layout-component text-serif-m layout-normal text-serif-m layout-padded\">Henny Reistad scoret sitt m\u00e5l nummer 500 for Norge.<\/p>\n<p class=\"_paragraph_o9xde_4 _paragraph_xtcu6_10 layout-component text-serif-m layout-normal text-serif-m layout-padded\">Stine Skogrand satte inn fire m\u00e5l etter \u00e5 ha scoret bare tre i gruppespillet.<\/p>\n<p class=\"_paragraph_o9xde_4 _paragraph_xtcu6_10 layout-component text-serif-m layout-normal text-serif-m layout-padded\">Anniken Wollik scoret akrobtaisk fra venstrekanten.<\/p>\n<p class=\"_paragraph_o9xde_4 _paragraph_xtcu6_10 layout-component text-serif-m layout-normal text-serif-m layout-padded\">Omtrent alt lykkes, mens Sverige gikk i oppl\u00f8sning i Dortmund.<\/p>\n<p class=\"_paragraph_o9xde_4 _paragraph_xtcu6_10 layout-component text-serif-m layout-normal text-serif-m layout-padded\">\u2013 Det svinger bra dette her, mente Ole Gustav Gjekstad.<\/p>\n<p class=\"_paragraph_o9xde_4 _paragraph_xtcu6_10 layout-component text-serif-m layout-normal text-serif-m layout-padded\">Han satte inn fem nye spillere etter hvilen.<\/p>\n<p class=\"_paragraph_o9xde_4 _paragraph_xtcu6_10 layout-component text-serif-m layout-normal text-serif-m layout-padded\">Det ga en en mer varierende start p\u00e5 2. omgang. Kampen om VM-poengene var avsluttet for lengst.<\/p>\n<p>VG-b\u00f8rsen<\/p>\n<p class=\"_paragraph_o9xde_4 _paragraph_xtcu6_10 _paragraph_16v91_10 layout-component text-serif-m layout-normal text-sans-m layout-padded\">Katrine Lunde 8<\/p>\n<p class=\"_paragraph_o9xde_4 _paragraph_xtcu6_10 _paragraph_16v91_10 layout-component text-serif-m layout-normal text-sans-m layout-padded\">Eli Marie Raasok 6<\/p>\n<p class=\"_paragraph_o9xde_4 _paragraph_xtcu6_10 _paragraph_16v91_10 layout-component text-serif-m layout-normal text-sans-m layout-padded\">Veronica Kristiansen 5<\/p>\n<p class=\"_paragraph_o9xde_4 _paragraph_xtcu6_10 _paragraph_16v91_10 layout-component text-serif-m layout-normal text-sans-m layout-padded\">Maren Aardahl 7<\/p>\n<p class=\"_paragraph_o9xde_4 _paragraph_xtcu6_10 _paragraph_16v91_10 layout-component text-serif-m layout-normal text-sans-m layout-padded\">Stine Skogrand 7<\/p>\n<p class=\"_paragraph_o9xde_4 _paragraph_xtcu6_10 _paragraph_16v91_10 layout-component text-serif-m layout-normal text-sans-m layout-padded\">Live Rushfeldt Deila 5<\/p>\n<p class=\"_paragraph_o9xde_4 _paragraph_xtcu6_10 _paragraph_16v91_10 layout-component text-serif-m layout-normal text-sans-m layout-padded\">Nora M\u00f8rk 6<\/p>\n<p class=\"_paragraph_o9xde_4 _paragraph_xtcu6_10 _paragraph_16v91_10 layout-component text-serif-m layout-normal text-sans-m layout-padded\">Malin Aune 5<\/p>\n<p class=\"_paragraph_o9xde_4 _paragraph_xtcu6_10 _paragraph_16v91_10 layout-component text-serif-m layout-normal text-sans-m layout-padded\">Kristine Breist\u00f8l 6<\/p>\n<p class=\"_paragraph_o9xde_4 _paragraph_xtcu6_10 _paragraph_16v91_10 layout-component text-serif-m layout-normal text-sans-m layout-padded\">Vilde Ingstad 6<\/p>\n<p class=\"_paragraph_o9xde_4 _paragraph_xtcu6_10 _paragraph_16v91_10 layout-component text-serif-m layout-normal text-sans-m layout-padded\">Selma Henriksen 5<\/p>\n<p class=\"_paragraph_o9xde_4 _paragraph_xtcu6_10 _paragraph_16v91_10 layout-component text-serif-m layout-normal text-sans-m layout-padded\"><strong class=\"_strong_o9xde_25\">Ingvild Bakkerud BB 9<\/strong><\/p>\n<p class=\"_paragraph_o9xde_4 _paragraph_xtcu6_10 _paragraph_16v91_10 layout-component text-serif-m layout-normal text-sans-m layout-padded\">Henny Reistad 7<\/p>\n<p class=\"_paragraph_o9xde_4 _paragraph_xtcu6_10 _paragraph_16v91_10 layout-component text-serif-m layout-normal text-sans-m layout-padded\">Emilie Hovden 6<\/p>\n<p class=\"_paragraph_o9xde_4 _paragraph_xtcu6_10 _paragraph_16v91_10 layout-component text-serif-m layout-normal text-sans-m layout-padded\">Thale Rushfeldt Deila 6<\/p>\n<p class=\"_paragraph_o9xde_4 _paragraph_xtcu6_10 _paragraph_16v91_10 layout-component text-serif-m layout-normal text-sans-m layout-padded\">Anniken Wollik 5<\/p>\n<p class=\"_paragraph_o9xde_4 _paragraph_xtcu6_10 _paragraph_16v91_10 layout-component text-serif-m layout-normal text-sans-m layout-padded\">Ole Gustav Gjekstad (trener) 9<\/p>\n<p class=\"_paragraph_o9xde_4 _paragraph_xtcu6_10 _paragraph_16v91_10 layout-component text-serif-m layout-normal text-sans-m layout-padded\"><strong class=\"_strong_o9xde_25\">Norske m\u00e5l:<\/strong> Bakkerud 6, Reistad 6, Skogrand 4, Breist\u00f8l 4, M\u00f8rk 3, Hovden 3, Ingstad 3, Aune 2, Kristiansen 2, Aardahl 2, Thale Rushfeldt Deila 2, Wollik 2.<\/p>\n<p>Vis mer<\/p>\n<p class=\"_paragraph_o9xde_4 _paragraph_xtcu6_10 layout-component text-serif-m layout-normal text-serif-m layout-padded\">Nora M\u00f8rk leverte fine pasninger og Kristine Breist\u00f8l leverte fine fulltreff. <\/p>\n<p class=\"_paragraph_o9xde_4 _paragraph_xtcu6_10 layout-component text-serif-m layout-normal text-serif-m layout-padded\">Men 2. omgang ble en nedtur, i alle fall i forhold til den f\u00f8rste.<\/p>\n<p class=\"_paragraph_o9xde_4 _paragraph_xtcu6_10 layout-component text-serif-m layout-normal text-serif-m layout-padded\">Norge fortsetter VM fredag kveld. Da er Tsjekkia motstander (kl. 20.30 TV3 \/ Viaplay). Tsjekkia tapte onsdag 28\u201325 for Angola.<\/p>\n<p class=\"_paragraph_o9xde_4 _paragraph_xtcu6_10 layout-component text-serif-m layout-normal text-serif-m layout-padded\">Rettelse: I en tidligere versjon av denne saken sto det at 13 m\u00e5l er det meste Norge har sl\u00e5tt Sverige med i mesterskap. 36\u201319 i OLs bronsefinale i 2021 er den st\u00f8rste norske seieren over Sverige noen gang. Rettet 3. desember kl. 22.37.<\/p>\n","protected":false},"excerpt":{"rendered":"Naboen ble kledd totalt nakne. Sverige kollapset. Reaksjonene hagler. Rapporterer fra Dortmund Oppdatert onsdag 3. desember kl. 22:55&hellip;\n","protected":false},"author":2,"featured_media":103579,"comment_status":"","ping_status":"","sticky":false,"template":"","format":"standard","meta":{"footnotes":""},"categories":[5],"tags":[20,21,24,25,105,9443,15,19,1528,22,23,17,18,13,30,28,29,14,16,26,27],"class_list":{"0":"post-103578","1":"post","2":"type-post","3":"status-publish","4":"format-standard","5":"has-post-thumbnail","7":"category-overskrifter","8":"tag-breaking-news","9":"tag-breakingnews","10":"tag-featured-news","11":"tag-featurednews","12":"tag-handball","13":"tag-handball-vm","14":"tag-headlines","15":"tag-hovedoppslag","16":"tag-kvinnelandslaget-handball","17":"tag-latest-news","18":"tag-latestnews","19":"tag-main-news","20":"tag-mainnews","21":"tag-news","22":"tag-no","23":"tag-norge","24":"tag-norway","25":"tag-nyheter","26":"tag-overskrifter","27":"tag-top-stories","28":"tag-topstories"},"share_on_mastodon":{"url":"https:\/\/pubeurope.com\/@no\/115658065857396455","error":""},"_links":{"self":[{"href":"https:\/\/www.europesays.com\/no\/wp-json\/wp\/v2\/posts\/103578","targetHints":{"allow":["GET"]}}],"collection":[{"href":"https:\/\/www.europesays.com\/no\/wp-json\/wp\/v2\/posts"}],"about":[{"href":"https:\/\/www.europesays.com\/no\/wp-json\/wp\/v2\/types\/post"}],"author":[{"embeddable":true,"href":"https:\/\/www.europesays.com\/no\/wp-json\/wp\/v2\/users\/2"}],"replies":[{"embeddable":true,"href":"https:\/\/www.europesays.com\/no\/wp-json\/wp\/v2\/comments?post=103578"}],"version-history":[{"count":0,"href":"https:\/\/www.europesays.com\/no\/wp-json\/wp\/v2\/posts\/103578\/revisions"}],"wp:featuredmedia":[{"embeddable":true,"href":"https:\/\/www.europesays.com\/no\/wp-json\/wp\/v2\/media\/103579"}],"wp:attachment":[{"href":"https:\/\/www.europesays.com\/no\/wp-json\/wp\/v2\/media?parent=103578"}],"wp:term":[{"taxonomy":"category","embeddable":true,"href":"https:\/\/www.europesays.com\/no\/wp-json\/wp\/v2\/categories?post=103578"},{"taxonomy":"post_tag","embeddable":true,"href":"https:\/\/www.europesays.com\/no\/wp-json\/wp\/v2\/tags?post=103578"}],"curies":[{"name":"wp","href":"https:\/\/api.w.org\/{rel}","templated":true}]}}