{"id":103586,"date":"2025-12-03T22:59:20","date_gmt":"2025-12-03T22:59:20","guid":{"rendered":"https:\/\/www.europesays.com\/no\/103586\/"},"modified":"2025-12-03T22:59:20","modified_gmt":"2025-12-03T22:59:20","slug":"flest-elbiler-pa-norske-veier","status":"publish","type":"post","link":"https:\/\/www.europesays.com\/no\/103586\/","title":{"rendered":"Flest elbiler p\u00e5 norske veier"},"content":{"rendered":"<p class=\"kicker text-red color_mobile_text-red\" style=\"\">Bilparken:<\/p>\n<p>  N\u00e5 er ogs\u00e5 diesel passert.<\/p>\n<p>\n    N\u00e5 er det flere elbiler enn dieselbiler p\u00e5 norske veier. I fjor ble bensinbilene passert. Foto: Annika Byrde\/NTB\n  <\/p>\n<p>(Elbil24): I september i fjor tok elbilene igjen bensinbilene, og Elbilforeningen melder at det akkurat i dag ble flere elbiler enn dieselbiler p\u00e5 norske veier.<\/p>\n<p>\u2212 Dette er en bra dag. Vi feirer at det likevel <a href=\"https:\/\/www.elbil24.no\/nyheter\/senker-momsgrensa-fra-nyttar\/83930683\" rel=\"nofollow noopener\" target=\"_blank\">ikke blir full moms p\u00e5 elbiler i 2027<\/a> samtidig med at vi kvitterer for at elbilene har sl\u00e5tt dieselbilene p\u00e5 norske veier, sier Christina Bu, generalsekret\u00e6r i Norsk elbilforening.<\/p>\n<p>Med momsendringene som i dag ble vedtatt \u00e5 gjelde fra nytt\u00e5r har det v\u00e6rt god fart i elbilsalget de siste ukene, med <a href=\"https:\/\/www.elbil24.no\/nyheter\/storeslem-til-tesla-eier-ikke-skam\/83921318\" rel=\"nofollow noopener\" target=\"_blank\">ny novemberrekord sist m\u00e5ned<\/a>.<\/p>\n<p>    <a itemprop=\"url\" href=\"https:\/\/www.elbil24.no\/pro\/flere-lar-deg-slippe-moms\/83931048\" rel=\"nofollow noopener\" target=\"_blank\"><\/p>\n<p>      <img loading=\"lazy\" decoding=\"async\" src=\"https:\/\/www.europesays.com\/no\/wp-content\/uploads\/2025\/12\/83932801.webp\" width=\"980\" height=\"441\" title=\"Flere lar deg slippe moms\" alt=\"\" class=\"lazyload\" style=\"--aspect-ratio-image: 2.22; \"\/><\/p>\n<p>        Flere lar deg slippe moms<\/p>\n<p>    <\/a><\/p>\n<p>918\u00a0000 elbiler\t<\/p>\n<p>Beregningene fra Elbilforeningen er at det n\u00e5 er 918\u00a0000 elbiler p\u00e5 norske veier, som alts\u00e5 er s\u00e5 vidt flere enn dieselbilene.<\/p>\n<p>Som du ser av grafikken over, har det v\u00e6rt solgt sv\u00e6rt f\u00e5 dieselbiler de siste \u00e5ra, og if\u00f8lge Elbilforeningen vrakes det n\u00e5 flere dieselbiler enn det blir solgt nye.<\/p>\n<p>Det samme gjelder bensinbilene, som det n\u00e5 er under 700\u00a0000 av p\u00e5 norske veier.<\/p>\n<p>F\u00e6rrest i Finnmark\t<\/p>\n<p>P\u00e5 fylkesoversikten er det Oslo som har den h\u00f8yeste elbilbestanden p\u00e5 45 prosent. Dernest f\u00f8lger Akerhus, Vestland, Rogaland og \u00d8stfold med 39\/38\/35 og 31 prosent elbilandel.<\/p>\n<p>    <a itemprop=\"url\" href=\"https:\/\/www.elbil24.no\/pro\/ti-nye-elbiler-til-norge-i-november\/83912960\" rel=\"nofollow noopener\" target=\"_blank\"><\/p>\n<p>      <img loading=\"lazy\" decoding=\"async\" src=\"https:\/\/www.europesays.com\/no\/wp-content\/uploads\/2025\/12\/83913161.webp\" width=\"980\" height=\"441\" title=\"Ti nye elbiler til Norge i november\" alt=\"\" class=\"lazyload\" style=\"--aspect-ratio-image: 2.22; \"\/><\/p>\n<p>        Ti nye elbiler til Norge i november<\/p>\n<p>    <\/a><\/p>\n<p>Telemark var fylket med h\u00f8yest elbilandel i nysalget i november \u2013 hele 99,7 prosent. B\u00e5de Vestland, Rogaland og Vestfold hadde ogs\u00e5 99 prosent elbilandel eller h\u00f8yere.<\/p>\n<p>I Finnmark er det bare 11 prosent av bilparken som er elektrisk, men ogs\u00e5 der selges det elbiler som aldri f\u00f8r, med markedsandel p\u00e5 89,5 prosent i november.<\/p>\n<p>    Fylkesoversikt<\/p>\n<tr>\n<td>\n                Fylke\n                <\/td>\n<td>\n                Elbilandel i bestand per 30.11.2025\n                <\/td>\n<td>\n                Nybilsalg november 2025\n                <\/td>\n<td>\n<\/td>\n<\/tr>\n<tr>\n<td>Oslo<\/td>\n<td>45 %<\/td>\n<td>95,0%<\/td>\n<td\/><\/tr>\n<tr>\n<td>Akershus<\/td>\n<td>39 %<\/td>\n<td>97,3%<\/td>\n<td\/><\/tr>\n<tr>\n<td>Vestland<\/td>\n<td>38 %<\/td>\n<td>99,5%<\/td>\n<td\/><\/tr>\n<tr>\n<td>Rogaland<\/td>\n<td>35 %<\/td>\n<td>99,0%<\/td>\n<td\/><\/tr>\n<tr>\n<td>\u00d8stfold<\/td>\n<td>31 %<\/td>\n<td>98,0%<\/td>\n<td\/><\/tr>\n<tr>\n<td>Tr\u00f8ndelag<\/td>\n<td>31 %<\/td>\n<td>98,2%<\/td>\n<td\/><\/tr>\n<tr>\n<td>Vestfold<\/td>\n<td>30 %<\/td>\n<td>99,3%<\/td>\n<td\/><\/tr>\n<tr>\n<td>Agder<\/td>\n<td>29 %<\/td>\n<td>96,8%<\/td>\n<td\/><\/tr>\n<tr>\n<td>Buskerud<\/td>\n<td>29 %<\/td>\n<td>95,8%<\/td>\n<td\/><\/tr>\n<tr>\n<td>Telemark<\/td>\n<td>27 %<\/td>\n<td>99,7%<\/td>\n<td\/><\/tr>\n<tr>\n<td>M\u00f8re og Romsdal<\/td>\n<td>27 %<\/td>\n<td>98,5%<\/td>\n<td\/><\/tr>\n<tr>\n<td>Nordland<\/td>\n<td>21 %<\/td>\n<td>98,2%<\/td>\n<td\/><\/tr>\n<tr>\n<td>Troms<\/td>\n<td>20 %<\/td>\n<td>96,2%<\/td>\n<td\/><\/tr>\n<tr>\n<td>Innlandet<\/td>\n<td>18 %<\/td>\n<td>96,9%<\/td>\n<td\/><\/tr>\n<tr>\n<td>Finnmark<\/td>\n<td>11 %<\/td>\n<td>89,5%<\/td>\n<td\/><\/tr>\n","protected":false},"excerpt":{"rendered":"Bilparken: N\u00e5 er ogs\u00e5 diesel passert. N\u00e5 er det flere elbiler enn dieselbiler p\u00e5 norske veier. I fjor&hellip;\n","protected":false},"author":2,"featured_media":103587,"comment_status":"","ping_status":"","sticky":false,"template":"","format":"standard","meta":{"footnotes":""},"categories":[5],"tags":[20,21,267,24,25,15,19,22,23,17,18,13,30,28,29,14,16,9692,26,27],"class_list":{"0":"post-103586","1":"post","2":"type-post","3":"status-publish","4":"format-standard","5":"has-post-thumbnail","7":"category-overskrifter","8":"tag-breaking-news","9":"tag-breakingnews","10":"tag-elbil","11":"tag-featured-news","12":"tag-featurednews","13":"tag-headlines","14":"tag-hovedoppslag","15":"tag-latest-news","16":"tag-latestnews","17":"tag-main-news","18":"tag-mainnews","19":"tag-news","20":"tag-no","21":"tag-norge","22":"tag-norway","23":"tag-nyheter","24":"tag-overskrifter","25":"tag-statistikk","26":"tag-top-stories","27":"tag-topstories"},"share_on_mastodon":{"url":"https:\/\/pubeurope.com\/@no\/115658121345433554","error":""},"_links":{"self":[{"href":"https:\/\/www.europesays.com\/no\/wp-json\/wp\/v2\/posts\/103586","targetHints":{"allow":["GET"]}}],"collection":[{"href":"https:\/\/www.europesays.com\/no\/wp-json\/wp\/v2\/posts"}],"about":[{"href":"https:\/\/www.europesays.com\/no\/wp-json\/wp\/v2\/types\/post"}],"author":[{"embeddable":true,"href":"https:\/\/www.europesays.com\/no\/wp-json\/wp\/v2\/users\/2"}],"replies":[{"embeddable":true,"href":"https:\/\/www.europesays.com\/no\/wp-json\/wp\/v2\/comments?post=103586"}],"version-history":[{"count":0,"href":"https:\/\/www.europesays.com\/no\/wp-json\/wp\/v2\/posts\/103586\/revisions"}],"wp:featuredmedia":[{"embeddable":true,"href":"https:\/\/www.europesays.com\/no\/wp-json\/wp\/v2\/media\/103587"}],"wp:attachment":[{"href":"https:\/\/www.europesays.com\/no\/wp-json\/wp\/v2\/media?parent=103586"}],"wp:term":[{"taxonomy":"category","embeddable":true,"href":"https:\/\/www.europesays.com\/no\/wp-json\/wp\/v2\/categories?post=103586"},{"taxonomy":"post_tag","embeddable":true,"href":"https:\/\/www.europesays.com\/no\/wp-json\/wp\/v2\/tags?post=103586"}],"curies":[{"name":"wp","href":"https:\/\/api.w.org\/{rel}","templated":true}]}}