{"id":103594,"date":"2025-12-03T23:27:08","date_gmt":"2025-12-03T23:27:08","guid":{"rendered":"https:\/\/www.europesays.com\/no\/103594\/"},"modified":"2025-12-03T23:27:08","modified_gmt":"2025-12-03T23:27:08","slug":"sande-pa-sunnmore-er-skatteparadis-kommunedirektoren-vil-avslutte-ordninga-nrk-more-og-romsdal-lokale-nyheter-tv-og-radio","status":"publish","type":"post","link":"https:\/\/www.europesays.com\/no\/103594\/","title":{"rendered":"Sande p\u00e5 Sunnm\u00f8re er skatteparadis \u2013 kommunedirekt\u00f8ren vil avslutte ordninga \u2013 NRK M\u00f8re og Romsdal \u2013 Lokale nyheter, TV og radio"},"content":{"rendered":"<p>Sande p\u00e5 Sunnm\u00f8re har dei siste tre \u00e5ra framst\u00e5tt som eit skatteparadis, <a href=\"https:\/\/www.nrk.no\/mr\/sande-kommune-blir-sor-noregs-forste-skatteparadis-med-kutt-i-formuesskatten-etter-modell-fra-bo-1.16183467\" ec-id=\"pp:article:1.16183467\" ec-name=\"etter at dei reduserte den kommunale delen av formuesskatten\" rel=\"nofollow noopener\" target=\"_blank\">etter at dei reduserte den kommunale delen av formuesskatten<\/a>.<\/p>\n<p><strong>Halsebakk-familien valde \u00e5 ikkje flytte til Sveits, men til Sands\u00f8ya. Det er eit lite samfunn i Sande med under 200 innbyggarar og ingen fastlandssamband.<\/strong><\/p>\n<p>Der st\u00e5r dei blant anna bak hotellsatsinga Rosenlund Hamn, der Anja Halsebakk er hotellsjef. Ho meiner familien har bidratt med mykje.<\/p>\n<p>\u2013 Vi har jo bygd hotell, laga konferansesenter, f\u00e5tt nye betongbrygger og ordna med bunker. Vi har fiksa litt p\u00e5 puben, ogs\u00e5 er det idrettshallen, d\u00e5, seier ho.<\/p>\n<p>    <img alt=\"En person st\u00e5r i et rom med store vinduer som gir utsikt mot et naturskj\u00f8nt landskap. Rommet inneholder en seng med hvit senget\u00f8y og vegger med trepanel. Personen har langt h\u00e5r og b\u00e6rer en genser. Det er pent og moderne interi\u00f8r i rommet.\"  loading=\"lazy\"\/><img alt=\"En person med langt h\u00e5r st\u00e5r utenfor en glassbygning. Hun har p\u00e5 seg en brun genser med dekorative blomster. Bakgrunnen viser en rolig gate med bygninger og julelys. Refleksjoner av andre personer kan sees i glasset.\"  loading=\"lazy\"\/><\/p>\n<p>Anja Halsebakk er sjef for det nye hotellet Rosenlund Hamn.<\/p>\n<p>Remi Sagen<\/p>\n<p>Far hennar er Roger Halsebakk, gr\u00fcnder av br\u00f8nnb\u00e5tselskapet S\u00f8lvtrans. Familien har dei siste \u00e5ra investert stort p\u00e5 \u00f8ya kor han har vakse opp.<\/p>\n<p><strong>Dei likar d\u00e5rleg at det kan bli slutt p\u00e5 skattefordelane som kommunen har blitt kjent for &#8211; <a href=\"https:\/\/www.nrk.no\/nordland\/bo-og-ordforer-sture-pedersen-med-nye-planer-for-a-senke-skatten-1.16006006\" ec-id=\"pp:article:1.16006006\" ec-name=\"etter \u00e5 ha plukka opp ideen fr\u00e5 B\u00f8 i Vester\u00e5len.\" rel=\"nofollow noopener\" target=\"_blank\">etter \u00e5 ha plukka opp ideen fr\u00e5 B\u00f8 i Vester\u00e5len.<\/a><\/strong><\/p>\n<p>\u2013 Det tenkjer eg er som eit skikkeleg bananskal \u00e5 tr\u00e5kke p\u00e5. For det f\u00f8rste, folk med kapital som far min, vil flytte tilbake igjen til \u00c5lesund. Ogs\u00e5 blir det stopp i utviklinga her, seier Halsebakk.<\/p>\n<p><img decoding=\"async\"   src=\"data:image\/gif;base64,R0lGODlhAQABAIAAAAAAAP\/\/\/yH5BAEAAAAALAAAAAABAAEAAAIBRAA7\" loading=\"eager\" alt=\"Bilde av en maritim scene med flere fjell og \u00f8yer i horisonten. Havet ligger stille under en skyet himmel. Lyset har en gyllen tone, som peker ut konturene av landskapet. Ingen mennesker er synlige i bildet.\" title=\"Foto: Remi Sagen \/ NRK\"\/><\/p>\n<p class=\"\">Sands\u00f8ya og Voksa i Sande kommune.<\/p>\n<p>Foto: Remi Sagen \/ NRK<\/p>\n<p>Oppsving etter skattekutt<\/p>\n<p>Onsdag kom skattelistene for fjor\u00e5ret.<\/p>\n<p>Der kan ein sj\u00e5 at rike personar har sl\u00e5tt seg ned og satsa i Sande etter at kommunen lokka med l\u00e5gare formuesskatt for tre \u00e5r sidan. Det har blitt oppsving i aktivitet og tilflytting av folk.<\/p>\n<p>\u2013 Eg er ganske overtydd om at dette er eit stor pluss for Sande-samfunnet. Det er s\u00e5 mykje som er ordna opp i som vi aldri hadde kunna prioritert i budsjett og \u00f8konomiplana, seier ordf\u00f8rar Dag Arne Vaagen (H).<\/p>\n<p>    <img alt=\"Vaagen p\u00e5 ferja.\"  loading=\"lazy\"\/><img alt=\"Bildet viser en vei med et skilt merket &quot;Sands\u00f8y&quot; langs en \u00e5pen, fjellfylt landskap. Flere boliger er plassert p\u00e5 bakken, omkranset av gr\u00f8nne skogomr\u00e5der. Himmelen er delvis overskyet, og det er en rolig atmosf\u00e6re i omr\u00e5det. Bildet fanger det vare landskapet i en dal med h\u00f8yder i bakgrunnen.\"  loading=\"lazy\"\/><\/p>\n<p>Ordf\u00f8rar Dag Arne Vaagen m\u00e5 ta ferja for \u00e5 kome seg til Sands\u00f8ya.<\/p>\n<p>Likevel er kommunen p\u00e5 den ber\u00f8mte Robek-lista, alts\u00e5 st\u00e5r kommune\u00f8konomien til stryk.<\/p>\n<p>\u2013 Vi har behov for \u00e5 finne dei inntektene vi kan f\u00e5. Ogs\u00e5 ser vi at vi f\u00e5r ei avkorting i inntektsutjamninga til kommunen, fordi vi har redusert promillen p\u00e5 skatt, seier kommunedirekt\u00f8r Renathe Rossi Aglen.<\/p>\n<p><img decoding=\"async\"   src=\"data:image\/gif;base64,R0lGODlhAQABAIAAAAAAAP\/\/\/yH5BAEAAAAALAAAAAABAAEAAAIBRAA7\" loading=\"eager\" alt=\"En person st\u00e5r foran Sande R\u00e5dhus, kledd i en lys genser og m\u00f8rke bukser. Hun gestikulerer med hendene i en samtale. R\u00e5dhuset er synlig i bakgrunnen med store vinduer og dets navn tydelig vist. Omr\u00e5det har velpleide busker og gruslagt sti.\" title=\"Foto: Remi Sagen \/ NRK\"\/><\/p>\n<p class=\"\">Renathe Rossi Aglen er kommunedirekt\u00f8r i Sande p\u00e5 S\u00f8re Sunnm\u00f8re, der det bur ca. 2400 innbyggarar.<\/p>\n<p>Foto: Remi Sagen \/ NRK<\/p>\n<p>Derfor vil ho heile skatteordninga til livs.<\/p>\n<p>\u2013 Det er b\u00e5de pluss- og minussider med ei slik ordning, men eg ser ikkje at vi har mykje anna val. Mi oppg\u00e5ve er \u00e5 forvalte kommune\u00f8konomien og s\u00f8rge for at den kjem alle til gode, seier Aglen.<\/p>\n<p>Ny dyr fleirbrukshall<\/p>\n<p>Halsebakk-familien har ogs\u00e5 g\u00e5tt inn med millionar til den nye fleirbrukshallen som er under bygging p\u00e5 Sands\u00f8ya, eit gj\u00e6vt prosjekt for eit s\u00e5 lite samfunn.<\/p>\n<p><strong>Ordf\u00f8raren vil tvihalde p\u00e5 den l\u00e5ge formuesskatten, for \u00e5 sikre at ting skjer og at folk vil bu her. Han trur det er fleirtal for \u00e5 forbli eit skatteparadis.<\/strong><\/p>\n<p>\u2013 Eg trur ikkje dette bygget hadde kome utan denne ordninga. Slik eg ser det s\u00e5 er det ein m\u00e5tte tape av inntekter verdt det, seier ordf\u00f8rar Dag Arne Vaagen.<\/p>\n<p>Saka skal avgjerast i kommunestyret neste veke.<\/p>\n<p><img decoding=\"async\"   src=\"data:image\/gif;base64,R0lGODlhAQABAIAAAAAAAP\/\/\/yH5BAEAAAAALAAAAAABAAEAAAIBRAA7\" loading=\"eager\" alt=\"En person st\u00e5r foran en byggeplass med en moderne bygning til h\u00f8yre. Omr\u00e5det er preget av grus og uferdige strukturer. Bakgrunnen viser gr\u00f8nne \u00e5ser under en delvis skyet himmel. Det er skilt og byggeutstyr synlig i omr\u00e5det.\" title=\"Foto: Remi Sagen \/ NRK\"\/><\/p>\n<p class=\"\">Den nye hallen p\u00e5 Sands\u00f8ya skal innehalde idrettshall, klatrehall og padelbane.<\/p>\n<p>Foto: Remi Sagen \/ NRK<\/p>\n<p>Publisert<\/p>\n<p>03.12.2025, kl. 21.37<\/p>\n<p>Oppdatert<\/p>\n<p>03.12.2025, kl. 21.56<\/p>\n","protected":false},"excerpt":{"rendered":"Sande p\u00e5 Sunnm\u00f8re har dei siste tre \u00e5ra framst\u00e5tt som eit skatteparadis, etter at dei reduserte den kommunale&hellip;\n","protected":false},"author":2,"featured_media":103595,"comment_status":"","ping_status":"","sticky":false,"template":"","format":"standard","meta":{"footnotes":""},"categories":[5],"tags":[20,21,24,25,15,19,22,23,17,18,13,30,28,29,14,16,26,27],"class_list":{"0":"post-103594","1":"post","2":"type-post","3":"status-publish","4":"format-standard","5":"has-post-thumbnail","7":"category-overskrifter","8":"tag-breaking-news","9":"tag-breakingnews","10":"tag-featured-news","11":"tag-featurednews","12":"tag-headlines","13":"tag-hovedoppslag","14":"tag-latest-news","15":"tag-latestnews","16":"tag-main-news","17":"tag-mainnews","18":"tag-news","19":"tag-no","20":"tag-norge","21":"tag-norway","22":"tag-nyheter","23":"tag-overskrifter","24":"tag-top-stories","25":"tag-topstories"},"share_on_mastodon":{"url":"https:\/\/pubeurope.com\/@no\/115658230530117391","error":""},"_links":{"self":[{"href":"https:\/\/www.europesays.com\/no\/wp-json\/wp\/v2\/posts\/103594","targetHints":{"allow":["GET"]}}],"collection":[{"href":"https:\/\/www.europesays.com\/no\/wp-json\/wp\/v2\/posts"}],"about":[{"href":"https:\/\/www.europesays.com\/no\/wp-json\/wp\/v2\/types\/post"}],"author":[{"embeddable":true,"href":"https:\/\/www.europesays.com\/no\/wp-json\/wp\/v2\/users\/2"}],"replies":[{"embeddable":true,"href":"https:\/\/www.europesays.com\/no\/wp-json\/wp\/v2\/comments?post=103594"}],"version-history":[{"count":0,"href":"https:\/\/www.europesays.com\/no\/wp-json\/wp\/v2\/posts\/103594\/revisions"}],"wp:featuredmedia":[{"embeddable":true,"href":"https:\/\/www.europesays.com\/no\/wp-json\/wp\/v2\/media\/103595"}],"wp:attachment":[{"href":"https:\/\/www.europesays.com\/no\/wp-json\/wp\/v2\/media?parent=103594"}],"wp:term":[{"taxonomy":"category","embeddable":true,"href":"https:\/\/www.europesays.com\/no\/wp-json\/wp\/v2\/categories?post=103594"},{"taxonomy":"post_tag","embeddable":true,"href":"https:\/\/www.europesays.com\/no\/wp-json\/wp\/v2\/tags?post=103594"}],"curies":[{"name":"wp","href":"https:\/\/api.w.org\/{rel}","templated":true}]}}