{"id":103610,"date":"2025-12-04T00:38:20","date_gmt":"2025-12-04T00:38:20","guid":{"rendered":"https:\/\/www.europesays.com\/no\/103610\/"},"modified":"2025-12-04T00:38:20","modified_gmt":"2025-12-04T00:38:20","slug":"farmen-kjendis-aktuelle-henriette-lien-kjopte-dumtelefon-etter-innspillingen","status":"publish","type":"post","link":"https:\/\/www.europesays.com\/no\/103610\/","title":{"rendered":"Farmen kjendis-aktuelle Henriette Lien &#8211; Kj\u00f8pte dumtelefon etter innspillingen"},"content":{"rendered":"<p class=\"kicker \" style=\"\">Farmen kjendis<\/p>\n<p>  \u00c5 leve hundre \u00e5r tilbake i tid gjorde noe med Henriette Lien.<\/p>\n<p>\n    YOGAL\u00c6RER: Henriette Lien gjorde brakdebut som Ninni i \u00abHotel C\u00e6sar\u00bb &#8211; siden har hun jobbet som yogal\u00e6rer og foredragsholder. Foto: Andreas Fadum \/ Se og h\u00f8r\n  <\/p>\n<p>Henriette Lien (55) ble rikskjendis over natten da hun spilte unge, vakre Ninni i \u00abHotel C\u00e6sar\u00bb, Norges aller f\u00f8rste egenproduserte s\u00e5peserie, som kom p\u00e5 TV 2 i 1998.\u00a0<\/p>\n<p>Som kona til patriark Georg Anker-Hansen skapte hun drama fra f\u00f8rste sekund da hun kom inn i rikmannsfamilien, med sin fortid som eskortepike, som det ble omtalt som den gangen woke fortsatt var et ukjent fenomen.<\/p>\n<p><a href=\"https:\/\/www.kk.no\/underholdning\/da-er-katta-ute-av-sekken\/83908633\" rel=\"nofollow noopener\" target=\"_blank\">Nylig kom nyheten om at Lien gj\u00f8r comeback i tv-ruta: Hun er nemlig blant deltakerne i TV 2 programmet \u00abFarmen kjendis\u00bb, som har premiere 6. januar p\u00e5 ny\u00e5ret.<\/a><\/p>\n<p>    <a itemprop=\"url\" href=\"https:\/\/www.kk.no\/samliv\/midtveis-i-livet-bor-du-stille-mannen-din-tre-sporsmal-og-svaret-bor-vaere-ja-pa-alle-tre\/82163258\" rel=\"nofollow noopener\" target=\"_blank\"><\/p>\n<p>      <img loading=\"lazy\" decoding=\"async\" src=\"https:\/\/www.europesays.com\/no\/wp-content\/uploads\/2025\/12\/1764808695_236_82172055.webp\" width=\"980\" height=\"441\" title=\"- Midtveis i livet b\u00f8r du stille mannen din tre sp\u00f8rsm\u00e5l. Og svaret b\u00f8r v\u00e6re ja p\u00e5 alle tre\" alt=\"\" class=\"lazyload\" style=\"--aspect-ratio-image: 2.22; \"\/><\/p>\n<p>        &#8211; Midtveis i livet b\u00f8r du stille mannen din tre sp\u00f8rsm\u00e5l. Og svaret b\u00f8r v\u00e6re ja p\u00e5 alle tre<\/p>\n<p>    <\/a><\/p>\n<p>Savner dette\t<\/p>\n<p>I \u00abFarmen kjendis\u00bb er konseptet at deltakerne skal leve slik vi gjorde for hundre \u00e5r siden her til lands: Et liv med mye fysisk arbeid og mat fra markens gr\u00f8de &#8211; det vil si null sukker, men rikelig med havregr\u00f8t og poteter.<\/p>\n<p>Og om noen skulle v\u00e6re tvil: Null scrolling.<\/p>\n<p>N\u00e5 viser det seg at det nettopp er det mobilfrie livet Lien savner fra innspillingen, som ble gjort tidligere i \u00e5r, p\u00e5 Farmen-g\u00e5rden p\u00e5 Mons\u00f8ya i S\u00f8gne-skj\u00e6rg\u00e5rden i Kristiansand.<\/p>\n<p>    <a itemprop=\"url\" href=\"https:\/\/www.kk.no\/livet\/jeg-matte-ringe-til-presten-og-si-at-bryllupet-var-avlyst\/83932830\" rel=\"nofollow noopener\" target=\"_blank\"><\/p>\n<p>      <img loading=\"lazy\" decoding=\"async\" src=\"https:\/\/www.europesays.com\/no\/wp-content\/uploads\/2025\/12\/83913551.webp\" width=\"980\" height=\"441\" title=\"- Jeg m\u00e5tte ringe til presten og si at bryllupet var avlyst\" alt=\"\" class=\"lazyload\" style=\"--aspect-ratio-image: 2.22; \"\/><\/p>\n<p>        &#8211; Jeg m\u00e5tte ringe til presten og si at bryllupet var avlyst<\/p>\n<p>    <\/a><\/p>\n<p> &#8211; Det var ro. Tilstedev\u00e6relse. N\u00e6rv\u00e6r\t<\/p>\n<p>Nylig delte hun et innlegg i sosiale medier der hun forteller at hun har byttet ut smartelefonen med en dumtelefon.<\/p>\n<p>&#8211; Fra i dag av har jeg bestemt meg for \u00e5 leve et liv med en ekstremt begrenset tilgang til smarttelefon, fordi jeg lengter etter noe av det jeg opplevde i min tid p\u00e5 Farmen, forteller hun p\u00e5 Instagram.\u00a0<\/p>\n<p>Hun vil nemlig ha mer av det hun fikk under innspillingen:\u00a0<\/p>\n<p>&#8211; Det var ro. Tilstedev\u00e6relse. N\u00e6rv\u00e6r.\u00a0<\/p>\n<p>          <img loading=\"lazy\" decoding=\"async\" src=\"https:\/\/www.europesays.com\/no\/wp-content\/uploads\/2025\/12\/83933850.webp\" width=\"686\" height=\"508\" title=\"SKJERMFRITT: P\u00e5 \u00abFarmen kjendis\u00bb er det egenmelket melk som gjelder - mengder med havregr\u00f8t og skjermfri tilv\u00e6relse. Foto: TV 2\" alt=\"\" class=\"\" style=\"--aspect-ratio-image: 1.35; \"\/><\/p>\n<p>\n          SKJERMFRITT: P\u00e5 \u00abFarmen kjendis\u00bb er det egenmelket melk som gjelder &#8211; mengder med havregr\u00f8t og skjermfri tilv\u00e6relse. Foto: TV 2\n      <\/p>\n<p>At det blir tungvint uten mobil, er hun klar over &#8211; men Lien har bestemt seg for \u00e5 ta de utfordringene som f\u00f8lger med.<\/p>\n<p>N\u00e5r hun n\u00e5 g\u00e5r ut av d\u00f8ra har hun heller med seg en notatbok, bok og strikket\u00f8y i vesken.<\/p>\n<p>    <a itemprop=\"url\" href=\"https:\/\/www.kk.no\/underholdning\/na-skal-hun-gjore-dette\/83931212\" rel=\"nofollow noopener\" target=\"_blank\"><\/p>\n<p>      <img loading=\"lazy\" decoding=\"async\" src=\"https:\/\/www.europesays.com\/no\/wp-content\/uploads\/2025\/12\/83931226.webp\" width=\"980\" height=\"441\" title=\"N\u00e5 skal hun gj\u00f8re dette\" alt=\"\" class=\"lazyload\" style=\"--aspect-ratio-image: 2.22; \"\/><\/p>\n<p>        N\u00e5 skal hun gj\u00f8re dette<\/p>\n<p>    <\/a><\/p>\n<p>&#8211; En f\u00f8lelse jeg ikke vil glemme\t<\/p>\n<p>Femten minutter p\u00e5 mac\u00b4en hjemme, er det eneste hun skal tillate seg \u00e5 v\u00e6re p\u00e5 sosiale medier i l\u00f8pet av en dag, forteller Lien videre og avslutter innlegget slik:\u00a0<\/p>\n<p>&#8211; Jeg vet at jeg kommer til \u00e5 bli rastl\u00f8s. At jeg vil angre innimellom. At jeg vil \u00e5pne en skjerm bare fordi det er lett og \u00abbehagelig\u00bb. At jeg vil f\u00f8le meg ensom i dette dumtelefonprosjektet, blant alle smarttelefonmenneskene. Men jeg har v\u00e6rt s\u00e5 heldig \u00e5 nylig f\u00e5 gjenoppleve hvordan det er \u00e5 leve uten telefon &#8211; en f\u00f8lelse jeg ikke vil glemme igjen. En opplevelse jeg unner hvert eneste menneske p\u00e5 denne jorden \u00e5 f\u00e5 kjenne.<\/p>\n","protected":false},"excerpt":{"rendered":"Farmen kjendis \u00c5 leve hundre \u00e5r tilbake i tid gjorde noe med Henriette Lien. YOGAL\u00c6RER: Henriette Lien gjorde&hellip;\n","protected":false},"author":2,"featured_media":103611,"comment_status":"","ping_status":"","sticky":false,"template":"","format":"standard","meta":{"footnotes":""},"categories":[58],"tags":[71,9467,12633,4016,30,28,29,72],"class_list":{"0":"post-103610","1":"post","2":"type-post","3":"status-publish","4":"format-standard","5":"has-post-thumbnail","7":"category-underholdning","8":"tag-entertainment","9":"tag-farmen-kjendis","10":"tag-henriette-lien","11":"tag-livet","12":"tag-no","13":"tag-norge","14":"tag-norway","15":"tag-underholdning"},"share_on_mastodon":{"url":"https:\/\/pubeurope.com\/@no\/115658510034759119","error":""},"_links":{"self":[{"href":"https:\/\/www.europesays.com\/no\/wp-json\/wp\/v2\/posts\/103610","targetHints":{"allow":["GET"]}}],"collection":[{"href":"https:\/\/www.europesays.com\/no\/wp-json\/wp\/v2\/posts"}],"about":[{"href":"https:\/\/www.europesays.com\/no\/wp-json\/wp\/v2\/types\/post"}],"author":[{"embeddable":true,"href":"https:\/\/www.europesays.com\/no\/wp-json\/wp\/v2\/users\/2"}],"replies":[{"embeddable":true,"href":"https:\/\/www.europesays.com\/no\/wp-json\/wp\/v2\/comments?post=103610"}],"version-history":[{"count":0,"href":"https:\/\/www.europesays.com\/no\/wp-json\/wp\/v2\/posts\/103610\/revisions"}],"wp:featuredmedia":[{"embeddable":true,"href":"https:\/\/www.europesays.com\/no\/wp-json\/wp\/v2\/media\/103611"}],"wp:attachment":[{"href":"https:\/\/www.europesays.com\/no\/wp-json\/wp\/v2\/media?parent=103610"}],"wp:term":[{"taxonomy":"category","embeddable":true,"href":"https:\/\/www.europesays.com\/no\/wp-json\/wp\/v2\/categories?post=103610"},{"taxonomy":"post_tag","embeddable":true,"href":"https:\/\/www.europesays.com\/no\/wp-json\/wp\/v2\/tags?post=103610"}],"curies":[{"name":"wp","href":"https:\/\/api.w.org\/{rel}","templated":true}]}}