{"id":103618,"date":"2025-12-04T01:08:24","date_gmt":"2025-12-04T01:08:24","guid":{"rendered":"https:\/\/www.europesays.com\/no\/103618\/"},"modified":"2025-12-04T01:08:24","modified_gmt":"2025-12-04T01:08:24","slug":"gratis-barnehage-og-bustadstotte-lokkar-tilflyttarar-til-kystkommunen-bremanger-nrk-vestland","status":"publish","type":"post","link":"https:\/\/www.europesays.com\/no\/103618\/","title":{"rendered":"Gratis barnehage og bustadst\u00f8tte lokkar tilflyttarar til kystkommunen Bremanger \u2013 NRK Vestland"},"content":{"rendered":"<p>Saka oppsummert<\/p>\n<ul>\n<li>Bremanger kommune har for f\u00f8rste gong p\u00e5 10 \u00e5r opplevd auke i folketalet, med 31 nye innbyggjarar dei siste tre kvartala.<\/li>\n<li>Kommunen tilbyr \u00f8konomiske fordelar som 200.000 kroner i bustadst\u00f8tte, 30.000 i l\u00f8nstillegg, gratis barnehageplass og fritidskort for barn og ungdom.<\/li>\n<li>Tiltaka er ein del av prosjektet \u00abGode Bremanger\u00bb, som skal gjere kommunen meir attraktiv for tilflyttarar.<\/li>\n<li>Store inntekter fr\u00e5 vasskraft, vindkraft og havbruk gjer det mogleg for kommunen \u00e5 bruke 10 millionar kroner \u00e5rleg p\u00e5 prosjektet.<\/li>\n<li>Distriktssenteret rosar Bremanger for \u00e5 vere eit f\u00f8rebilete p\u00e5 korleis ein kan snu fr\u00e5flytting til tilflytting. .<\/li>\n<\/ul>\n<p>Oppsummeringa er laga av ei KI-teneste fr\u00e5 OpenAI. Innhaldet er kvalitetssikra av NRK sine journalistar f\u00f8r publisering.<\/p>\n<p>Sambuarane Ann-Helen Tvedt Ekanger (32) og Erlend Steen Frimannslund (32) angrar ikkje eit sekund p\u00e5 at dei braut opp fr\u00e5 eit trygt liv i Stavanger for \u00e5 sl\u00e5 seg ned i utkantkommunen Bremanger.<\/p>\n<p>Ein kommune med knapt 3400 innbyggjarar som har hatt samanhengande nedgang i folketalet i 10 \u00e5r.<\/p>\n<p>Med store inntekter fr\u00e5 vasskraft, vindkraft og havbruk har kommunen \u00f8konomiske musklar, men har mangla folka. No brukar dei litt av inntektene fr\u00e5 naturressursane p\u00e5 \u00e5 lokka tilflyttarar, og f\u00e5r skryt fr\u00e5 det nasjonale Distriktssenteret for m\u00e5ten dei jobbar p\u00e5.<\/p>\n<p><img decoding=\"async\"   src=\"data:image\/gif;base64,R0lGODlhAQABAIAAAAAAAP\/\/\/yH5BAEAAAAALAAAAAABAAEAAAIBRAA7\" loading=\"eager\" alt=\"Ann-Helen Tvedt Ekanger (32) og Erlend Steen Frimannslund (32) \" title=\"Foto: B\u00e5rd Siem \/ NRK\"\/><\/p>\n<p class=\"\">Sambuarparet Ann-Helen Tvedt Ekanger (32) og Erlend Steen Frimannslund (32) har nyleg flytta til Bremanger. Noko som er \u00f8konomisk lukrativt. <\/p>\n<p>Foto: B\u00e5rd Siem \/ NRK<\/p>\n<p>F\u00f8ler seg velkomne<\/p>\n<p><strong>I 2015 var det 3890 innbyggarar i kommunen, mot knapt 3400 i fjor. Men no har trenden endeleg snudd. Dei tre siste kvartala har folketalet auka med 31 personar.<\/strong><\/p>\n<p>\u2013 Vi f\u00f8ler oss veldig velkomne. Tiltaka fr\u00e5 kommunen var ein medverkande grunn til at vi valde \u00e5 flytte hit no, seier Erlend Frimannslund.<\/p>\n<p>Han har f\u00e5tt jobb som fagleiar p\u00e5 det kommunale Hamretunet bufellesskap for psykisk utviklingshemma i Svelgen.\n<\/p>\n<p><img decoding=\"async\"   src=\"data:image\/gif;base64,R0lGODlhAQABAIAAAAAAAP\/\/\/yH5BAEAAAAALAAAAAABAAEAAAIBRAA7\" loading=\"eager\" alt=\"Erlend Frimannslund saman med dottera Pernille\" title=\"Foto: Privat\"\/><\/p>\n<p class=\"\">Pernille (2) saman med pappa Erlend Steen Frimannslund p\u00e5 sm\u00e5b\u00e5thamna. <\/p>\n<p>Foto: Privat<\/p>\n<p>30.000 i l\u00f8nstillegg<\/p>\n<p>32-\u00e5ringen starta i den nye jobben for tre veker sidan og har f\u00e5tt eit l\u00f8nstillegg p\u00e5 30.000 kroner fordi han kom flyttande til Bremanger. I tillegg har dei f\u00e5tt gratis barnehageplass for dottera.<\/p>\n<p>Sambuar Ann-Helen tek snart til i ny jobb p\u00e5 Nordfjordeid, men f\u00e5r arbeidsstad Svelgen i Bremanger neste \u00e5r.<\/p>\n<p>I dag leiger dei eit hus i Davik i Bremanger. Bestemmer dei seg for \u00e5 kj\u00f8pe, vil dei f\u00e5 200.000 i tilskot fr\u00e5 kommunen.\n<\/p>\n<p><img decoding=\"async\"   src=\"data:image\/gif;base64,R0lGODlhAQABAIAAAAAAAP\/\/\/yH5BAEAAAAALAAAAAABAAEAAAIBRAA7\" loading=\"eager\" alt=\"Erlend Frimannslund i leik med dottera Pernille\" title=\"Foto: Privat\"\/><\/p>\n<p class=\"\">N\u00e6rleik til naturen er noko b\u00e5de far og dotter set pris p\u00e5. <\/p>\n<p>Foto: Privat<\/p>\n<p>F\u00e5r hjelp av \u00abGode Bremanger\u00bb<\/p>\n<p>Politikarane opplever nedgangen i folketalet s\u00e5 negativt at dei bestemte seg for \u00e5 ta grep. Nyleg starta dei prosjektet \u00abGode Bremanger\u00bb for \u00e5 snu utviklinga.<\/p>\n<p>Eit tilflyttarkontor og ein bemanningsbase er oppretta for \u00e5 hjelpe folk \u00e5 finne og velje Bremanger.<\/p>\n<p>I prosjektet inng\u00e5r st\u00f8tte p\u00e5 200.000 kroner ved kj\u00f8p av bustad, l\u00f8nstilskot p\u00e5 30.000, gratis barnehageplass og gratis fritidskort for barn og ungdom.<\/p>\n<p>Vil vere attraktiv<\/p>\n<p><img decoding=\"async\"   src=\"data:image\/gif;base64,R0lGODlhAQABAIAAAAAAAP\/\/\/yH5BAEAAAAALAAAAAABAAEAAAIBRAA7\" loading=\"eager\" alt=\"Ordf\u00f8rar Anne Kristin F\u00f8rde i Bremanger\" title=\"Foto: B\u00e5rd Siem \/ NRK\"\/><\/p>\n<p class=\"\">Ordf\u00f8rar Anne Kristin F\u00f8rde (Ap) er glad for at det endeleg er folketalsvekst i kommunen. <\/p>\n<p>Foto: B\u00e5rd Siem \/ NRK<\/p>\n<p>\u2013 Vi jobbar for \u00e5 gjere oss attraktive gjennom fleire tiltak og viser kva vi har \u00e5 by p\u00e5, seier ordf\u00f8rar Anne Kristin F\u00f8rde (Ap).<\/p>\n<p>Fr\u00e5 ordf\u00f8rarkontoret ser ho ut mot fjellheimen der kraftinntektene kjem fr\u00e5.<\/p>\n<p>Ho meiner \u00abGode Bremanger\u00bb gir resultat.<\/p>\n<p>\u2013 Eg trur tiltaka vi har sett inn er ei viktig \u00e5rsak til folketalsveksten, seier ordf\u00f8raren.<\/p>\n<p>Kommunen slit med mangel p\u00e5 arbeidskraft, spesielt innan pleie- og omsorgssektoren.<\/p>\n<p>\u2013 Hos oss finst det b\u00e5de jobb og bustader, seier ordf\u00f8raren.\n<\/p>\n<p><img decoding=\"async\"   src=\"data:image\/gif;base64,R0lGODlhAQABAIAAAAAAAP\/\/\/yH5BAEAAAAALAAAAAABAAEAAAIBRAA7\" loading=\"eager\" alt=\"Guleslettene vindkraftverk i Bremanger og Kinn kommunar.\" title=\"Foto: Oddmund Reis\u00e6ter Haugen \/ NRK\"\/><\/p>\n<p class=\"\">Guleslettene vindkraftverk i Bremanger har gjeve store inntekter til kommunen. <\/p>\n<p>Foto: Oddmund Reis\u00e6ter Haugen \/ NRK<\/p>\n<p>KS: \u2013 F\u00e5 kan gjere som Bremanger<\/p>\n<p>Marit Mellingen, direkt\u00f8r i Distriktssenteret i Sogndal, meiner \u00abGode Bremanger\u00bb er eit lysande eksempel p\u00e5 korleis det kan gjerast.<\/p>\n<p>\u2013 Bremanger har jobba systematisk over tid med \u00e5 lage gode lokalsamfunn. Dette er viktig b\u00e5de for \u00e5 hindre fr\u00e5flytting og f\u00e5 tilflytting, seier ho.\n<\/p>\n<p><img decoding=\"async\"   src=\"data:image\/gif;base64,R0lGODlhAQABAIAAAAAAAP\/\/\/yH5BAEAAAAALAAAAAABAAEAAAIBRAA7\" loading=\"eager\" alt=\"Marit Mellingen\" title=\"Foto: Ingeborg Grindheim Slinde \/ NRK\"\/><\/p>\n<p class=\"\">Marit Mellingen, direkt\u00f8r i Distriktssenteret i Sogndal, meiner \u00abGode Bremanger\u00bb er eit lysande eksempel p\u00e5 korleis det kan gjerast.<\/p>\n<p>Foto: Ingeborg Grindheim Slinde \/ NRK<\/p>\n<p>Mellingen meiner \u00f8konomiske personretta tiltak er viktig, men at det er minst like viktig \u00e5 legge til rette for opne og gode lokalsamfunn.<\/p>\n<p>\u2013 Bremanger er god ogs\u00e5 p\u00e5 dette, seier ho.<\/p>\n<p>Kommunar som ikkje har \u00f8konomi til \u00e5 bruke pengar p\u00e5 personretta tiltak kan likevel vere attraktive, meiner Mellingen.<\/p>\n<p>Styreleiar i kommunane sin interesseorganisasjon KS, Gunn Marit Helgesen, peikar p\u00e5 at f\u00e5 kommunar kan gjere som Bremanger. Seks av 10 kommunar gjekk med underskog i 2024.<\/p>\n<p>\u2013 Det vanlege i Kommune-Noreg er kutt, avvikling av velferdstilbod og nedbemanning. Sv\u00e6rt f\u00e5 kommunar kan tilby ordningar som Bremanger gjer, seier ho. <\/p>\n<p><img decoding=\"async\"   src=\"data:image\/gif;base64,R0lGODlhAQABAIAAAAAAAP\/\/\/yH5BAEAAAAALAAAAAABAAEAAAIBRAA7\" loading=\"eager\" alt=\"Gunn Marit Helgesen\" title=\"Foto: William Jobling \/ NRK\"\/><\/p>\n<p class=\"\">Styreleiar i kommunane sin interesseorganisasjon KS, Gunn Marit Helgesen, peikar p\u00e5 at Bremanger er ein av f\u00e5 norske kommunar med god \u00f8konomi. <\/p>\n<p>Foto: William Jobling \/ NRK<\/p>\n<p>Kostar 10 millionar i \u00e5ret<\/p>\n<p>\u00abGode Bremanger\u00bb kostar kommunen opp mot 10 millionar kroner i \u00e5ret. Men kostnadene g\u00e5r fint fordi kommunen f\u00e5r inn over 100 millionar kroner i \u00e5ret fr\u00e5 naturressursane sine.<\/p>\n<p>Det gjeld hovudsakleg inntekter fr\u00e5 vass \u2013 og vindkraft og pengar fr\u00e5 fiskeoppdrett via havbruksfondet.<\/p>\n<p>Administrasjonssjef i kommunen, Tom Joensen, peikar p\u00e5 at 100 millionar kroner er ein kjempestor sum for vesle Bremanger.<\/p>\n<p>\u2013 Vi kunne aldri ha drive kommunen som i dag med inntekter berre fr\u00e5 skatt og rammeoverf\u00f8ringar. \u00abGode Bremanger\u00bb ville heller ikkje blitt noko av, seier han.<\/p>\n<p>Publisert<\/p>\n<p>03.12.2025, kl. 15.56<\/p>\n","protected":false},"excerpt":{"rendered":"Saka oppsummert Bremanger kommune har for f\u00f8rste gong p\u00e5 10 \u00e5r opplevd auke i folketalet, med 31 nye&hellip;\n","protected":false},"author":2,"featured_media":103619,"comment_status":"","ping_status":"","sticky":false,"template":"","format":"standard","meta":{"footnotes":""},"categories":[10],"tags":[20,21,24,25,15,22,23,13,30,28,29,14,16,26,27],"class_list":{"0":"post-103618","1":"post","2":"type-post","3":"status-publish","4":"format-standard","5":"has-post-thumbnail","7":"category-norge","8":"tag-breaking-news","9":"tag-breakingnews","10":"tag-featured-news","11":"tag-featurednews","12":"tag-headlines","13":"tag-latest-news","14":"tag-latestnews","15":"tag-news","16":"tag-no","17":"tag-norge","18":"tag-norway","19":"tag-nyheter","20":"tag-overskrifter","21":"tag-top-stories","22":"tag-topstories"},"share_on_mastodon":{"url":"https:\/\/pubeurope.com\/@no\/115658627736244197","error":""},"_links":{"self":[{"href":"https:\/\/www.europesays.com\/no\/wp-json\/wp\/v2\/posts\/103618","targetHints":{"allow":["GET"]}}],"collection":[{"href":"https:\/\/www.europesays.com\/no\/wp-json\/wp\/v2\/posts"}],"about":[{"href":"https:\/\/www.europesays.com\/no\/wp-json\/wp\/v2\/types\/post"}],"author":[{"embeddable":true,"href":"https:\/\/www.europesays.com\/no\/wp-json\/wp\/v2\/users\/2"}],"replies":[{"embeddable":true,"href":"https:\/\/www.europesays.com\/no\/wp-json\/wp\/v2\/comments?post=103618"}],"version-history":[{"count":0,"href":"https:\/\/www.europesays.com\/no\/wp-json\/wp\/v2\/posts\/103618\/revisions"}],"wp:featuredmedia":[{"embeddable":true,"href":"https:\/\/www.europesays.com\/no\/wp-json\/wp\/v2\/media\/103619"}],"wp:attachment":[{"href":"https:\/\/www.europesays.com\/no\/wp-json\/wp\/v2\/media?parent=103618"}],"wp:term":[{"taxonomy":"category","embeddable":true,"href":"https:\/\/www.europesays.com\/no\/wp-json\/wp\/v2\/categories?post=103618"},{"taxonomy":"post_tag","embeddable":true,"href":"https:\/\/www.europesays.com\/no\/wp-json\/wp\/v2\/tags?post=103618"}],"curies":[{"name":"wp","href":"https:\/\/api.w.org\/{rel}","templated":true}]}}