{"id":103622,"date":"2025-12-04T01:19:11","date_gmt":"2025-12-04T01:19:11","guid":{"rendered":"https:\/\/www.europesays.com\/no\/103622\/"},"modified":"2025-12-04T01:19:11","modified_gmt":"2025-12-04T01:19:11","slug":"norge-inngar-forsvarsavtale-med-storbritannia","status":"publish","type":"post","link":"https:\/\/www.europesays.com\/no\/103622\/","title":{"rendered":"Norge inng\u00e5r forsvarsavtale med Storbritannia"},"content":{"rendered":"\n<ul class=\"_list_o9xde_3 _list_64s2r_85 _unordered_o9xde_106 text-sans-m\">\n<li class=\"_item_o9xde_30\">Norge og Storbritannia skal signere en omfattende forsvarsavtale for tettere milit\u00e6rt samarbeid.<\/li>\n<li class=\"_item_o9xde_30\">Britiske marineinfanterister vil f\u00e5 en st\u00f8rre rolle i Norges forsvar.<\/li>\n<li class=\"_item_o9xde_30\">De to landene vil samarbeide om nye fregatter, forh\u00e5ndslagring av materiell, og felles droneprosjekter.<\/li>\n<li class=\"_item_o9xde_30\">Avtalen skal styrke forsvaret mot potensielle trusler som Russland og Kina.<\/li>\n<\/ul>\n<p>Vis mer <\/p>\n<p class=\"_paragraph_o9xde_4 _paragraph_xtcu6_10 layout-component text-serif-m layout-normal text-serif-m layout-padded\">\u2013 Vi g\u00e5r inn i en tid med mye sterkere integrasjon i forsvarssatsingen med v\u00e5re n\u00e6re allierte i Europa, sier St\u00f8re til VG.<\/p>\n<p class=\"_paragraph_o9xde_4 _paragraph_xtcu6_10 layout-component text-serif-m layout-normal text-serif-m layout-padded\">Torsdag skal Norge undertegne en forsvarsavtale med Storbritannia her i London, som benevnes som \u00abden mest omfattende forsvars-samarbeidsavtale\u00bb mellom de to landene i nyere tid.<\/p>\n<p>Droner<\/p>\n<p class=\"_paragraph_o9xde_4 _paragraph_xtcu6_10 layout-component text-serif-m layout-normal text-serif-m layout-padded\">Her er noen hovedpunkter:<\/p>\n<p class=\"_paragraph_o9xde_4 _paragraph_xtcu6_10 layout-component text-serif-m layout-normal text-serif-m layout-padded\">Et sentralt punkt i avtalen g\u00e5r ut p\u00e5 at britiske styrker skal f\u00e5 en st\u00f8rre rolle i forsvaret av Norge.<\/p>\n<ul class=\"_list_o9xde_3 _list_xtcu6_9 _unordered_o9xde_106 layout-component text-serif-m layout-normal text-serif-m layout-padded\">\n<li class=\"_item_o9xde_30\">Fremover skal britiske marineinfanteristermarineinfanterister Marineinfanterister er soldater som er spesialtrent for \u00e5 operere b\u00e5de til lands og til sj\u00f8s, ofte i forbindelse med amfibiske operasjoner., UK Royal Marines, ha en st\u00f8rre grad av tilstedev\u00e6relse i Norge.<\/li>\n<li class=\"_item_o9xde_30\">I forlengelsen vil Norge og Storbritannia vurdere muligheten for \u00e5 forh\u00e5ndslagre britisk forsvarsmateriell og ammunisjon p\u00e5 norsk jord.<\/li>\n<li class=\"_item_o9xde_30\">De to landene vil ogs\u00e5 vurdere behovet for \u00e5 opprette fasiliteter for \u00e5 kunne ta imot britiske styrker i Norge.<\/li>\n<li class=\"_item_o9xde_30\">Samarbeid om kj\u00f8p og drift av nye fregatter fregatterFregatter er krigsskip som er designet for \u00e5 beskytte andre skip og utf\u00f8re antiub\u00e5toperasjoner., hurtig forsterkning av Norge i krise og krig og felles droneprosjekter i nordomr\u00e5dene st\u00e5r sentralt i samarbeidet.<\/li>\n<\/ul>\n<p><img alt=\"Foto: Helge Mikalsen \/ VG\" class=\"_image_qp4xg_65 layout-component layout-normal\" data-fullscreen- data-track-element-type=\"Article image fullscreen\" data-track-name=\"ImageFullscreen\" decoding=\"async\" loading=\"lazy\" height=\"4688\" itemprop=\"image\"  src=\"https:\/\/www.europesays.com\/no\/wp-content\/uploads\/2025\/12\/34dc22d7-854d-42ad-b89d-8d0831aefcc9\"  style=\"object-position:0% 0%\" width=\"7040\"\/>Foto: Helge Mikalsen \/ VG<\/p>\n<p class=\"_paragraph_o9xde_4 _paragraph_xtcu6_10 layout-component text-serif-m layout-normal text-serif-m layout-padded\">\u2013 Vi skal \u00e5pne Norge for britiske soldater, v\u00e5pen og ammunisjon. Er det en erkjennelse av at v\u00e5rt eget forsvar ikke klarer \u00e5 forsvare landet v\u00e5rt i en f\u00f8rstefase hvis vi blir angrepet?<\/p>\n<p class=\"_paragraph_o9xde_4 _paragraph_xtcu6_10 layout-component text-serif-m layout-normal text-serif-m layout-padded\">\u2013 Det har v\u00e6rt en linje i norsk forsvarspolitikk i flere generasjoner, som handler om v\u00e5r evne til \u00e5 forsvare Norge og rask tilgang p\u00e5 alliert hjelp. I dag er vi i en situasjon hvor vi samarbeider tett med Storbritannia, Frankrike og Tyskland hvor de er mer til stede i v\u00e5re omr\u00e5der, sier St\u00f8re.<\/p>\n<p class=\"_paragraph_o9xde_4 _paragraph_xtcu6_10 layout-component text-serif-m layout-normal text-serif-m layout-padded\">\u2013 Er det noen annen trussel enn Russland som dere ser for dere kan angripe Norge?<\/p>\n<p class=\"_paragraph_o9xde_4 _paragraph_xtcu6_10 layout-component text-serif-m layout-normal text-serif-m layout-padded\">\u2013 Det milit\u00e6re trusselbildet handler i v\u00e5re omr\u00e5der om mer enn Russland, men i v\u00e5re etterretningsrapporter er det Russland og Kina som utgj\u00f8r en trussel mot Norge.<\/p>\n<p class=\"_paragraph_o9xde_4 _paragraph_xtcu6_10 layout-component text-serif-m layout-normal text-serif-m layout-padded\">\u2013 M\u00e5let er at Norge og Storbritannia skal knyttes enda tettere sammen milit\u00e6rt for \u00e5 styrke NATOs nordlige flanke og tilstedev\u00e6relse i Nord-Atlanteren. Det vil gi \u00f8kt sikkerhet for Norge, Storbritannia og v\u00e5re allierte i en urolig tid, sier St\u00f8re.<\/p>\n<p>Signering<\/p>\n<p class=\"_paragraph_o9xde_4 _paragraph_xtcu6_10 layout-component text-serif-m layout-normal text-serif-m layout-padded\">Avtalen skal signeres av forsvarsminister Sandvik og den britiske forsvarsministeren John Healey n\u00e5r de to m\u00f8tes i London torsdag.<\/p>\n<p class=\"_paragraph_o9xde_4 _paragraph_xtcu6_10 layout-component text-serif-m layout-normal text-serif-m layout-padded\">Det skjer samme dag som statsminister <a href=\"https:\/\/www.vg.no\/tag\/jonas-gahr-stoere?utm_source=vg-article&amp;utm_medium=auto-tagger&amp;utm_campaign=y51Lve\" class=\"_link_o9xde_39\" rel=\"nofollow noopener\" target=\"_blank\">Jonas Gahr St\u00f8re<\/a> m\u00f8ter Storbritannias statsminister Keir Starmer til politiske samtaler og markering av det n\u00e6re bilaterale forholdet.<\/p>\n<p><img alt=\"Starmer p\u00e5 Kystvaktskipet Jan Mayen i mai.  Foto: Hallgeir V\u00e5genes \/ VG\" class=\"_image_qp4xg_65 layout-component layout-normal\" data-fullscreen- data-track-element-type=\"Article image fullscreen\" data-track-name=\"ImageFullscreen\" decoding=\"async\" loading=\"lazy\" height=\"4000\" itemprop=\"image\"  src=\"https:\/\/www.europesays.com\/no\/wp-content\/uploads\/2025\/12\/c2833c55-ff0d-49d4-be65-8aadeed9b8a7\"  style=\"object-position:0% 0%\" width=\"6000\"\/>Starmer p\u00e5 Kystvaktskipet Jan Mayen i mai.  Foto: Hallgeir V\u00e5genes \/ VG<\/p>\n<p class=\"_paragraph_o9xde_4 _paragraph_xtcu6_10 layout-component text-serif-m layout-normal text-serif-m layout-padded\">\u2212 Norge og Storbritannia deler sterke b\u00e5nd og felles sikkerhetsinteresser. Vi har et n\u00e6rt forsvarssamarbeid som strekker seg fra andre verdenskrig og fram til i dag. Med denne avtalen styrker vi samarbeidet v\u00e5rt ytterligere innen alle forsvarsdomener, fra havbunnen og opp til verdensrommet, sier forsvarsminister Tore O. Sandvik i en pressemelding:<\/p>\n<p class=\"_paragraph_o9xde_4 _paragraph_xtcu6_10 layout-component text-serif-m layout-normal text-serif-m layout-padded\">\u2212 Britiske marineinfanterister har lang tradisjon for \u00e5 \u00f8ve p\u00e5 vinteroperasjoner med sj\u00f8- og amfibiestyrker i Indre Troms. Fremover vil de ogs\u00e5 \u00f8ve i Norge utenom vinteren. Gjennom \u00e5 v\u00e6re mer til stede i Norge vil de britiske marineinfanteristene bli knyttet tettere inn i forsvaret av Norge, og de vil kunne komme oss raskt til unnsetning dersom en krise- eller krigssituasjon skulle oppst\u00e5, fremholder han.<\/p>\n<p class=\"_paragraph_o9xde_4 _paragraph_xtcu6_10 layout-component text-serif-m layout-normal text-serif-m layout-padded\">Et annet sentralt samarbeidsomr\u00e5de handler om \u00e5 utvikle og ta i bruk avanserte autonome systemerautonome systemerAutonome systemer er teknologiske systemer som kan operere selvstendig uten direkte menneskelig kontroll, ofte ved hjelp av kunstig intelligens. og droner som kan operere side om side med andre fart\u00f8yer og patruljere havomr\u00e5der i nord.<\/p>\n<p>Antiub\u00e5t<\/p>\n<p class=\"_paragraph_o9xde_4 _paragraph_xtcu6_10 layout-component text-serif-m layout-normal text-serif-m layout-padded\">Blant annet vil de to landene bruke erfaringer fra Ukraina til \u00e5 utvikle og anskaffe lavkostnadsdroner som kan brukes til overv\u00e5kning av aktivitet i Nord-Atlanteren og nordomr\u00e5dene.<\/p>\n<p class=\"_paragraph_o9xde_4 _paragraph_xtcu6_10 layout-component text-serif-m layout-normal text-serif-m layout-padded\">Norge og Storbritannia g\u00e5r ogs\u00e5 sammen for \u00e5 bygge opp felleskapasiteter for antiub\u00e5toperasjonerantiub\u00e5toperasjonerAntiub\u00e5toperasjoner er milit\u00e6re operasjoner som har som m\u00e5l \u00e5 oppdage, spore og bekjempe fiendtlige ub\u00e5ter. i Nord-Atlanteren og nordomr\u00e5dene. Bakgrunnen for dette er at begge landene skal anskaffe s\u00e5 identiske fregatter som mulig.<\/p>\n<p class=\"_paragraph_o9xde_4 _paragraph_xtcu6_10 layout-component text-serif-m layout-normal text-serif-m layout-padded\">\u2212Vi g\u00e5r inn for \u00e5 knytte den norske og britiske marinen tettere sammen enn noen gang. M\u00e5let er blant annet at vi skal utvikle en kombinert norsk-britisk fregattfl\u00e5te som kan operere helt s\u00f8ml\u00f8st sammen. Det inneb\u00e6rer blant annet at vi vil dele p\u00e5 fart\u00f8yer, besetninger og teknologi. I tillegg vil den norske og britiske marinen seile og \u00f8ve enda mer sammen i v\u00e5re felles n\u00e6romr\u00e5der, sier Sandvik.<\/p>\n<p class=\"_paragraph_o9xde_4 _paragraph_xtcu6_10 layout-component text-serif-m layout-normal text-serif-m layout-padded\">\u2013 Det er ikke veldig realistisk at Russland skal angripe NATO-landet Norge?<\/p>\n<p><img alt=\"Foto: Hallgeir V\u00e5genes \/ VG\" class=\"_image_qp4xg_65 layout-component layout-normal\" data-fullscreen- data-track-element-type=\"Article image fullscreen\" data-track-name=\"ImageFullscreen\" decoding=\"async\" loading=\"lazy\" height=\"4000\" itemprop=\"image\"  src=\"https:\/\/www.europesays.com\/no\/wp-content\/uploads\/2025\/12\/4e09c86f-21cc-43c9-b809-cf38e43ebaed\"  style=\"object-position:0% 0%\" width=\"6000\"\/>Foto: Hallgeir V\u00e5genes \/ VG<\/p>\n<p class=\"_paragraph_o9xde_4 _paragraph_xtcu6_10 layout-component text-serif-m layout-normal text-serif-m layout-padded\">\u2013 Vi ser ikke at det er et aktuelt trusselbilde rettet mot Norge, men n\u00e5r Russland har angrepet et naboland s\u00e5 brutalt som i Ukraina, s\u00e5 m\u00e5 vi ta det p\u00e5 alvor. De driver ogs\u00e5 mange ulike aksjoner, sabotasje, sammensatte trusler, digitale angrep og aggressiv etterretning. Det gj\u00f8r samarbeidet med Storbritannia desto viktigere, sier St\u00f8re.<\/p>\n<p class=\"_paragraph_o9xde_4 _paragraph_xtcu6_10 layout-component text-serif-m layout-normal text-serif-m layout-padded\">Den nye avtalen har f\u00e5tt navnet <a href=\"http:\/\/www.lunnahouse.co.uk\/\" class=\"_link_o9xde_39\" rel=\"nofollow noopener\" target=\"_blank\">\u00abLunna House\u00bb<\/a>. Den er oppkalt etter huset Shetlandsgjengen  Shetlandsgjengen Shetlandsgjengen var en norsk motstandsgruppe under andre verdenskrig som opererte fra Shetland og utf\u00f8rte hemmelige operasjoner mot det okkuperte Norge.brukte som hovedbase under andre verdenskrig. Fra basen p\u00e5 Shetland deltok Shetlandsgjengen i den norske motstandskampen og utf\u00f8rte operasjoner inn mot det okkuperte Norge. Organisasjonen ble i hovedsak ledet av britiske Special Operations Executive Special Operations Executive SOE var en britisk organisasjon under andre verdenskrig som utf\u00f8rte hemmelige operasjoner og st\u00f8ttet motstandsbevegelser i okkuperte land.(SOE) i n\u00e6rt samarbeid med norske myndigheter og den norske marinen, skriver regjeringen i pressemeldingen.<\/p>\n","protected":false},"excerpt":{"rendered":"Norge og Storbritannia skal signere en omfattende forsvarsavtale for tettere milit\u00e6rt samarbeid. Britiske marineinfanterister vil f\u00e5 en st\u00f8rre&hellip;\n","protected":false},"author":2,"featured_media":103623,"comment_status":"","ping_status":"","sticky":false,"template":"","format":"standard","meta":{"footnotes":""},"categories":[10],"tags":[20,21,24,25,15,201,2375,22,23,13,30,4081,28,29,14,16,26,27],"class_list":{"0":"post-103622","1":"post","2":"type-post","3":"status-publish","4":"format-standard","5":"has-post-thumbnail","7":"category-norge","8":"tag-breaking-news","9":"tag-breakingnews","10":"tag-featured-news","11":"tag-featurednews","12":"tag-headlines","13":"tag-jonas-gahr-store","14":"tag-keir-starmer","15":"tag-latest-news","16":"tag-latestnews","17":"tag-news","18":"tag-no","19":"tag-nordomradene","20":"tag-norge","21":"tag-norway","22":"tag-nyheter","23":"tag-overskrifter","24":"tag-top-stories","25":"tag-topstories"},"share_on_mastodon":{"url":"https:\/\/pubeurope.com\/@no\/115658671151121789","error":""},"_links":{"self":[{"href":"https:\/\/www.europesays.com\/no\/wp-json\/wp\/v2\/posts\/103622","targetHints":{"allow":["GET"]}}],"collection":[{"href":"https:\/\/www.europesays.com\/no\/wp-json\/wp\/v2\/posts"}],"about":[{"href":"https:\/\/www.europesays.com\/no\/wp-json\/wp\/v2\/types\/post"}],"author":[{"embeddable":true,"href":"https:\/\/www.europesays.com\/no\/wp-json\/wp\/v2\/users\/2"}],"replies":[{"embeddable":true,"href":"https:\/\/www.europesays.com\/no\/wp-json\/wp\/v2\/comments?post=103622"}],"version-history":[{"count":0,"href":"https:\/\/www.europesays.com\/no\/wp-json\/wp\/v2\/posts\/103622\/revisions"}],"wp:featuredmedia":[{"embeddable":true,"href":"https:\/\/www.europesays.com\/no\/wp-json\/wp\/v2\/media\/103623"}],"wp:attachment":[{"href":"https:\/\/www.europesays.com\/no\/wp-json\/wp\/v2\/media?parent=103622"}],"wp:term":[{"taxonomy":"category","embeddable":true,"href":"https:\/\/www.europesays.com\/no\/wp-json\/wp\/v2\/categories?post=103622"},{"taxonomy":"post_tag","embeddable":true,"href":"https:\/\/www.europesays.com\/no\/wp-json\/wp\/v2\/tags?post=103622"}],"curies":[{"name":"wp","href":"https:\/\/api.w.org\/{rel}","templated":true}]}}