{"id":103624,"date":"2025-12-04T01:30:21","date_gmt":"2025-12-04T01:30:21","guid":{"rendered":"https:\/\/www.europesays.com\/no\/103624\/"},"modified":"2025-12-04T01:30:21","modified_gmt":"2025-12-04T01:30:21","slug":"steinar-suvatne-tilgir-nrk-venn-etter-podkastglipp","status":"publish","type":"post","link":"https:\/\/www.europesays.com\/no\/103624\/","title":{"rendered":"Steinar Suvatne tilgir NRK-venn etter podkastglipp"},"content":{"rendered":"<p>    Tar likevel til seg kritikk for selvskryt.\u00a0\u00a0<\/p>\n<p>\n        Steinar Suvatne satte kaffen i halsen da han h\u00f8rte det feilpubliserte lydklippet fra NRK.<br \/>\n        Foto: Mats Greger\n    <\/p>\n<p class=\"font-weight-bold m-font-weight-bold\" data-lab-font_weight=\"font-weight-bold\">\u2013 Jeg satte kaffen i halsen.<\/p>\n<p>Det sier Nettavisen-journalist Steinar Suvatne til Journalisten etter at \u00abbakromspraten\u00bb i NRK-podkasten Kommentert ble publisert ved en feil. <\/p>\n<p>Mandag kunne <a href=\"https:\/\/www.vartoslo.no\/anbefalt-eivind-traedal-eivind-waage\/nrk-glipp-gikk-pa-lufta-kom-med-sterke-negative-karakteristikker-om-mdg-traedal\/1053291\" rel=\"nofollow noopener\" target=\"_blank\">V\u00e5rt Oslo fortelle om NRK-glippen<\/a>, der det<br \/>\nblant annet kommer kritikk mot MDG-politiker Eivind Tr\u00e6dal. <\/p>\n<p>Men kanskje mer pikant, er kilen som blir sl\u00e5tt ned mellom<br \/>\nto gode venner. <\/p>\n<p>Suvatne-parodi <\/p>\n<p>For i den feilpubliserte praten mellom Tone Sofie Aglen, Lars<br \/>\nNehru Sand og programleder Eivind Waage som p\u00e5gikk i rundt syv minutter, kommer de tre ogs\u00e5 med solid kritikk av podkasten til Nettavisen-profilene Steinar Suvatne og<br \/>\nJ\u00f8rgen Gilbrant. <\/p>\n<p>At duoen skryter av seg selv i podkasten, er det ingen tvil<br \/>\nom, sl\u00e5r NRK-journalistene fast. Aglen sier at Gilbrant og Suvatne er ekstreme, mens Nehru Sand forteller at han ikke<br \/>\nengang orker \u00e5 h\u00f8re p\u00e5.<\/p>\n<p>Det er etter dette at programleder Waage setter inn dolkest\u00f8tet. <\/p>\n<p>Waage er nemlig en god venn av Suvatne, men sistnevnte\u00a0f\u00e5r passet p\u00e5skrevet n\u00e5r programlederen tydelig parodierer en<br \/>\nSuvatne som usjenert koketterer rundt stor arbeidsbyrde:<\/p>\n<p class=\"font-weight-bold m-font-weight-bold\" data-lab-font_weight=\"font-weight-bold\">\u2013 Vi har v\u00e6rt p\u00e5 telefonen i hele dag, sier Waage<br \/>\nmed tjukk s\u00f8rlandsdialekt. <\/p>\n<p class=\"font-weight-normal m-font-weight-normal\" data-lab-font_weight=\"font-weight-normal\">Senere skal ogs\u00e5 Suvatne selv <a href=\"https:\/\/www.nettavisen.no\/nyheter\/nrk-podkast-avpublisert-harselerte-med-mdg-profil-eivind-tradal\/s\/5-95-2757209\" rel=\"nofollow noopener\" target=\"_blank\">dekke saken i Nettavisen<\/a>, der<br \/>\ndet i slutten av teksten blir orientert om at han var venn med Waage. <\/p>\n<p>Tilgir<\/p>\n<p class=\"italic m-italic\" data-lab-italic=\"italic\">\u2013 Kan du tilgi Eivind Waage? <\/p>\n<p>\u2013 Selvf\u00f8lgelig b\u00e5de kan og har jeg tilgitt min<br \/>\nveldig gode venn Eivind Waage, sier Suvatne n\u00e5r Journalisten ringer.<\/p>\n<p>Det er faktisk ikke f\u00f8rste gangen han blir parodiert av<br \/>\nvennen, opplyser han, men det var likevel noe overraskende at han skulle bli<br \/>\npresentert for nettopp denne parodien via NRKs radio-app. <\/p>\n<p class=\"font-weight-bold m-font-weight-bold\" data-lab-font_weight=\"font-weight-bold\">\u2013 Eivind er en godt voksen mann, han n\u00e6rmer seg<br \/>\n50, s\u00e5 jeg er faktisk imponert over at han holder en ungdommelig humor ved<br \/>\nlike, sier Suvatne. <\/p>\n<p class=\"font-weight-bold m-font-weight-bold\" data-lab-font_weight=\"font-weight-bold\">Waage har ogs\u00e5 ringt febrilsk for \u00e5 be om unnskyldning, men det<br \/>\ntok lang tid f\u00f8r Suvatne til slutt tok telefonen. <\/p>\n<p>\u2013 Helt p\u00e5 ekte, s\u00e5 har vi aldri v\u00e6rt lei oss, men<br \/>\njeg har hatt det litt moro med \u00e5 la Eivind svette. De kunne sagt styggere ting<br \/>\nenn dette.\u00a0<\/p>\n<p>Waage sier til Journalisten at han er veldig glad for \u00e5 bli tilgitt.\u00a0<\/p>\n<p>\u2013 Steinar er en av mine aller beste venner. N\u00e5 er kanskje stillingen 1-1 etter at han skrev en forferdelig sak om sommerfesten jeg arrangerte for NRK. Han skrev at \u00abmens det ligger m\u00f8rke skyer over den norske mediehimmelen, koser de statsansatte seg med alkorabatt p\u00e5 Salt\u00bb.\u00a0<\/p>\n<p>Slutter \u00e5 skryte<\/p>\n<p>Duoen fra Nettavisen har n\u00e5 spilt inn et tilsvar til<br \/>\nKommentert, og har ogs\u00e5 kommet med sitt syn p\u00e5 saken i sin egen podkast.\u00a0<\/p>\n<p>J\u00f8rgen Gilbrant, som selvsagt ogs\u00e5 er med i<br \/>\ntelefonsamtalen, legger til at kritikken som kom i bakromspraten faktisk var relativt<br \/>\ngod. <\/p>\n<p>\u2013 Det kjipeste var vel at Lars Nehru Sand ikke<br \/>\norker \u00e5 h\u00f8re p\u00e5 oss. NRK-kommentatorene kunne hatt godt av \u00e5 h\u00f8re litt p\u00e5, s\u00e5<br \/>\nkunne de l\u00e6rt litt. Men vi ser at de har et poeng, sier han. <\/p>\n<p>For kritikken rundt selvskryt tar de til seg, og de lover at de<br \/>\n\u00e5 skal slutte \u00e5 skryte. <\/p>\n<p class=\"font-weight-bold m-font-weight-bold\" data-lab-font_weight=\"font-weight-bold\">\u2013 Vi skal bli de beste i Norge til ikke \u00e5 skryte,<br \/>\nsl\u00e5r Suvatne fast.<\/p>\n<p>I en sms til Journalisten som blir sendt etter intervjuet med Suvatne og Gilbrant, understreker Suvatne at han fortsatt er venn med Waage: <\/p>\n<p class=\"font-weight-bold m-font-weight-bold\" data-lab-font_weight=\"font-weight-bold\">\u00abEivind er en av de rauseste og beste folkene jeg vet om.<br \/>\nHan har laget middag til meg i \u00e5revis, alltid skrytt, alltid stilt opp. Jeg<br \/>\ninspirerte ham til \u00e5 ta steget bort fra skinny jeans. Og han har inspirert meg<br \/>\np\u00e5 s\u00e5 mange vis. Jeg er \u2013 og vil alltid v\u00e6re \u2013 veldig glad i Eivind\u00bb, skriver<br \/>\nhan.<\/p>\n<p class=\"font-weight-normal m-font-weight-normal\" data-lab-font_weight=\"font-weight-normal\">Rett f\u00f8r publisering ringer Waage for \u00e5 fortelle\u00a0han hadde bedre kontakt med Suvatne f\u00f8r han traff J\u00f8rgen Gilbrant.<\/p>\n<p class=\"italic m-italic\" data-lab-italic=\"italic\">Til orientering:\u00a0Journalisten-journalist Mats Greger og Eivind<br \/>\nWaage er tidligere kollegaer fra Oslo kommune og har hatt et vennskapelig<br \/>\nforhold. Selv om kontakten har blitt mindre med tiden, skyldes det ikke parodiering.\u00a0<\/p>\n","protected":false},"excerpt":{"rendered":"Tar likevel til seg kritikk for selvskryt.\u00a0\u00a0 Steinar Suvatne satte kaffen i halsen da han h\u00f8rte det feilpubliserte&hellip;\n","protected":false},"author":2,"featured_media":103625,"comment_status":"","ping_status":"","sticky":false,"template":"","format":"standard","meta":{"footnotes":""},"categories":[10],"tags":[20,21,24,25,15,22,23,13,30,28,29,14,16,26,27],"class_list":{"0":"post-103624","1":"post","2":"type-post","3":"status-publish","4":"format-standard","5":"has-post-thumbnail","7":"category-norge","8":"tag-breaking-news","9":"tag-breakingnews","10":"tag-featured-news","11":"tag-featurednews","12":"tag-headlines","13":"tag-latest-news","14":"tag-latestnews","15":"tag-news","16":"tag-no","17":"tag-norge","18":"tag-norway","19":"tag-nyheter","20":"tag-overskrifter","21":"tag-top-stories","22":"tag-topstories"},"share_on_mastodon":{"url":"https:\/\/pubeurope.com\/@no\/115658714224283137","error":""},"_links":{"self":[{"href":"https:\/\/www.europesays.com\/no\/wp-json\/wp\/v2\/posts\/103624","targetHints":{"allow":["GET"]}}],"collection":[{"href":"https:\/\/www.europesays.com\/no\/wp-json\/wp\/v2\/posts"}],"about":[{"href":"https:\/\/www.europesays.com\/no\/wp-json\/wp\/v2\/types\/post"}],"author":[{"embeddable":true,"href":"https:\/\/www.europesays.com\/no\/wp-json\/wp\/v2\/users\/2"}],"replies":[{"embeddable":true,"href":"https:\/\/www.europesays.com\/no\/wp-json\/wp\/v2\/comments?post=103624"}],"version-history":[{"count":0,"href":"https:\/\/www.europesays.com\/no\/wp-json\/wp\/v2\/posts\/103624\/revisions"}],"wp:featuredmedia":[{"embeddable":true,"href":"https:\/\/www.europesays.com\/no\/wp-json\/wp\/v2\/media\/103625"}],"wp:attachment":[{"href":"https:\/\/www.europesays.com\/no\/wp-json\/wp\/v2\/media?parent=103624"}],"wp:term":[{"taxonomy":"category","embeddable":true,"href":"https:\/\/www.europesays.com\/no\/wp-json\/wp\/v2\/categories?post=103624"},{"taxonomy":"post_tag","embeddable":true,"href":"https:\/\/www.europesays.com\/no\/wp-json\/wp\/v2\/tags?post=103624"}],"curies":[{"name":"wp","href":"https:\/\/api.w.org\/{rel}","templated":true}]}}