{"id":103630,"date":"2025-12-04T01:48:13","date_gmt":"2025-12-04T01:48:13","guid":{"rendered":"https:\/\/www.europesays.com\/no\/103630\/"},"modified":"2025-12-04T01:48:13","modified_gmt":"2025-12-04T01:48:13","slug":"tunge-danske-aktorer-vil-investere-i-kjernekraft","status":"publish","type":"post","link":"https:\/\/www.europesays.com\/no\/103630\/","title":{"rendered":"Tunge danske akt\u00f8rer vil investere i kjernekraft"},"content":{"rendered":"<p>    Tunge akt\u00f8rer fra n\u00e6ringsliv og akademia har g\u00e5tt sammen i Kernekraftsalliancen. De kjemper for kjernekraft i Danmark.<\/p>\n<p>\n        I Sverige planlegger Vattenfall \u00e5 ha tre til fem sm\u00e5 modul\u00e6re reaktorer (SMR) i drift ved Ringhals p\u00e5 V\u00e4r\u00f6halv\u00f8ya i midten av 2030-\u00e5rene. Interessen har forplantet seg til Danmark.<br \/>\n        GE-Hitachi\n    <\/p>\n<p>Startskuddet gikk i april, da Erhvervslivets T\u00e6nketank presenterte nye analyser av kjernekraft, st\u00f8ttet av Novo Nordisk Fonden. Der ble kjernekraft lansert som et mulig svar p\u00e5 b\u00e5de klimautfordringer og h\u00f8ye kraftpriser, og som et supplement til vind og sol.<\/p>\n<p>Senere i 2025 har arbeidet tatt form som\u00a0Kernekraftsalliancen\u00a0\u2013 et samarbeid mellom tunge akt\u00f8rer i dansk n\u00e6ringsliv, fagbevegelse og forskningsmilj\u00f8er. Alliansen f\u00e5r n\u00e5 bred omtale i danske medier og trekkes aktivt inn i den energipolitiske debatten.<\/p>\n<p>Blant deltakerne i Kernekraftsalliancen\u00a0er arbeidsgiverorganisasjonen\u00a0Dansk Industri, fagforeningen Dansk Metal, Novo Nordisk Fonden, DTU Nuclear Energy, Aarhus Universitet, bransjeorganisasjonene\u00a0Landbrug &amp; F\u00f8devarer\u00a0og\u00a0Erhvervslivets T\u00e6nketank og industriselskaper som\u00a0Topsoe,\u00a0Schneider Electric DK\u00a0og\u00a0Kalundborg Refinery.<\/p>\n<p>I tillegg deltar teknologiselskaper som\u00a0Copenhagen Atomics, r\u00e5dgiverfirmaet\u00a0Cowi\u00a0og ingeni\u00f8rforeningen\u00a0IDA\u00a0som observat\u00f8rer.<\/p>\n<p>Stabil kraftproduksjon<\/p>\n<p>Alliansen argumenterer for at vind- og solkraft trenger en stabil kraftproduksjon i ryggen n\u00e5r det verken bl\u00e5ser eller er sol \u2013 og at kjernekraft b\u00f8r spille den rollen. Samtidig mener akt\u00f8rene at Europa m\u00e5 investere b\u00e5de i fornybar energi og kjernekraft for \u00e5 f\u00e5 ned str\u00f8mprisene og redusere avhengigheten av tredjeland.<\/p>\n<p>\u2013 Det fine med kjernekraft er at n\u00e5r kapitalkostnadene f\u00f8rst er tatt, blir energien veldig billig. Det er akkurat det industrien ettersp\u00f8r: Konkurransedyktig, stabil og sikker energi, sier Troels Ranis, viseadministrerende direkt\u00f8r i Dansk Industri, til avisen\u00a0<a href=\"https:\/\/borsen.dk\/nyheder\/politik\/tunge-aktorer-stempler-fuldtonet-ind-i-atomkraft-danmark-bor-droppe-modstand\" target=\"_blank\" rel=\"nofollow noopener\">B\u00f8rsen<\/a>.<\/p>\n<p>N\u00e6ringslivet er delt<\/p>\n<p>Selv om Kernekraftsalliancen samler tunge akt\u00f8rer, er dansk n\u00e6ringsliv langt fra samlet.<\/p>\n<p>Arbeidsgiverorganisasjonen\u00a0Dansk Erhverv\u00a0har uttalt at de gjerne vil fjerne s\u00e6rforbudet mot kjernekraft og la ulike teknologier vurderes p\u00e5 like vilk\u00e5r. Likevel er budskapet tydelig skeptisk til atomkraft som l\u00f8sning i Danmark n\u00e5.<\/p>\n<p>\u2013 Kjernekraft er verken konkurransedyktig eller meningsfull i dansk sammenheng innen en overskuelig framtid, sier Ulrich Bang, viseadministrerende direkt\u00f8r i Dansk Erhverv, if\u00f8lge nyhetsbyr\u00e5et Ritzau.<\/p>\n<p>Dermed st\u00e5r to tunge deler av dansk n\u00e6ringsliv mot hverandre:P\u00e5 den ene siden en allianse som aktivt vil investere i kjernekraft, p\u00e5 den andre siden en arbeidsgiverorganisasjon som mener teknologien fortsatt ikke l\u00f8nner seg i Danmark.<\/p>\n<p>        <a itemprop=\"url\" class=\"\" href=\"https:\/\/www.abcnyheter.no\/nyheter\/tsjekkia-planlegger-to-nye-reaktorer-til-19-milliarder-dollar\/1290190\" data-k5a-url=\"https:\/\/www.abcnyheter.no\/a\/1290190\" rel=\"nofollow noopener\" target=\"_blank\"><\/p>\n<p>            Tsjekkia planlegger to nye reaktorer til 19 milliarder dollar<\/p>\n<p itemprop=\"section\" class=\"section\" data-tag=\"nyheter\">nyheter<\/p>\n<p>        <\/a><\/p>\n<p class=\"font-weight-bold m-font-weight-bold\" data-lab-font_weight=\"font-weight-bold\">Atomavfall: <a href=\"https:\/\/www.abcnyheter.no\/nyheter\/atomavfall-hvor-farlig-er-det-egentlig\/1293817\" rel=\"nofollow noopener\" target=\"_blank\">Hvor farlig er det egentlig?<\/a><\/p>\n<p>Endret opinion<\/p>\n<p>Danmark har siden 1985 hatt en politisk beslutning om at atomkraft ikke skal inng\u00e5 i landets energiplanlegging. Vedtaket kom etter sterk folkelig motstand og uro rundt kjernekraftulykker p\u00e5 1970- og 80-tallet.<\/p>\n<p>Forbudet er senere fulgt opp i lovverket, blant annet i den danske elloven, som i praksis stenger for nye kjernekraftverk uten omfattende lovendringer.<\/p>\n<p>Samtidig er bildet i ferd med \u00e5 endre seg:<\/p>\n<ul>\n<li>\n<p>En meningsm\u00e5ling gjennomf\u00f8rt av <a href=\"https:\/\/voxmeter.dk\/maaling-to-ud-af-fem-vil-indfoere-atomkraft-i-danmark\/\" target=\"_blank\" rel=\"nofollow noopener\">Voxmeter<\/a> for nyhetsbyr\u00e5et Ritzau v\u00e5ren 2025 viser at\u00a040,7 prosent\u00a0av danskene er enige eller helt enige i at Danmark b\u00f8r innf\u00f8re kjernekraft. Rundt en fjerdedel er klart imot.<\/p>\n<\/li>\n<li>\n<p>Flere partier, blant dem\u00a0Det Konservative Folkeparti,\u00a0Dansk Folkeparti\u00a0og\u00a0Liberal Alliance, vil ta kjernekraftdebatten opp p\u00e5 nytt.<\/p>\n<\/li>\n<li>\n<p>Statsminister\u00a0Mette Frederiksen (S)\u00a0har uttalt at hun er \u00e5pen for \u00e5 se p\u00e5 om forbudet b\u00f8r mildnes.<\/p>\n<\/li>\n<\/ul>\n<p>Kernekraftsalliancen legger ytterligere press p\u00e5 denne debatten, ved \u00e5 vise at sterke \u00f8konomiske akt\u00f8rer \u00f8nsker at kjernekraft faktisk skal vurderes som del av energimiksen \u2013 ikke bare diskuteres prinsipielt.<\/p>\n<p>Strid om hva kjernekraft vil koste<\/p>\n<p>        <a itemprop=\"url\" class=\"\" href=\"https:\/\/www.abcnyheter.no\/nyheter\/vil-ha-40-slike-kjernekraftverk-i-norge\/1288343\" data-k5a-url=\"https:\/\/www.abcnyheter.no\/a\/1288343\" rel=\"nofollow noopener\" target=\"_blank\"><\/p>\n<p>            Vil ha 40 slike kjernekraftverk i Norge<\/p>\n<p itemprop=\"section\" class=\"section\" data-tag=\"nyheter\">nyheter<\/p>\n<p>        <\/a><\/p>\n<p>Parallelt med den politiske og n\u00e6ringspolitiske diskusjonen p\u00e5g\u00e5r en faglig strid om hvor dyr kjernekraft vil bli i Danmark.<\/p>\n<p>En mye omtalt <a href=\"https:\/\/www.sciencedirect.com\/science\/article\/pii\/S0306261924010882\" target=\"_blank\" rel=\"nofollow noopener\">studie<\/a> fra\u00a0Aalborg universitet\u00a0\u2013 f\u00f8rst publisert i notatet \u00abFakta om atomkraft i Danmark\u00bb og senere i tidsskriftet\u00a0Applied Energy\u00a0\u2013 konkluderer med at kjernekraft vil bli dyrere enn et energisystem basert p\u00e5 sol og vind.<\/p>\n<p>I modellen legger Aalborg-gruppen inn\u00a0variable driftskostnader p\u00e5 15 euro per MWh\u00a0for kjernekraft, et niv\u00e5 som ligger betydelig over anslagene i mange internasjonale studier. Nettopp dette kostnadstallet er avgj\u00f8rende for at kjernekraft kommer d\u00e5rligere ut enn sol og vind i de danske beregningene.<\/p>\n<p>Tre forskere ved\u00a0NTNU i Trondheim\u00a0har svart med en egen analyse. De bruker den samme modellen, men justerer flere forutsetninger \u2013 blant annet niv\u00e5et p\u00e5 driftskostnadene. I deres beregninger blir et dansk kraftsystem med kjernekraft i gjennomsnitt rundt\u00a00,8 prosent billigere\u00a0enn et rent sol- og vindbasert system.<\/p>\n<p>NTNU-professor\u00a0Jonas Kristiansen N\u00f8land\u00a0har <a href=\"https:\/\/www.nyteknik.se\/energi\/danska-forskare-utelamnade-central-uppgift-om-karnkraft-vetat-sedan-april\/4412903\" target=\"_blank\" rel=\"nofollow noopener\">kritisert<\/a>\u00a0Aalborg-studien for det han beskriver som selektiv bruk av h\u00f8ye kostnadstall og manglende \u00e5penhet om n\u00f8kkelparametere i modellen. Aalborg-forskerne avviser p\u00e5 sin side at det er gjort faglige feil, og fastholder konklusjonen om at kjernekraft vil v\u00e6re dyrere enn et system basert p\u00e5 fornybare alternativer.<\/p>\n<p class=\"font-weight-bold m-font-weight-bold\" data-lab-font_weight=\"font-weight-bold\">Les ogs\u00e5: <a href=\"https:\/\/www.abcnyheter.no\/nyheter\/google-gjenapner-50-ar-gammelt-kjernekraftverk\/1269608\" rel=\"nofollow noopener\" target=\"_blank\">Google gjen\u00e5pner 50 \u00e5r gammelt kjernekraftverk<\/a><\/p>\n","protected":false},"excerpt":{"rendered":"Tunge akt\u00f8rer fra n\u00e6ringsliv og akademia har g\u00e5tt sammen i Kernekraftsalliancen. De kjemper for kjernekraft i Danmark. I&hellip;\n","protected":false},"author":2,"featured_media":103631,"comment_status":"","ping_status":"","sticky":false,"template":"","format":"standard","meta":{"footnotes":""},"categories":[12],"tags":[20,21,24,25,15,22,23,13,30,28,29,14,16,26,27,42,43,44,45],"class_list":{"0":"post-103630","1":"post","2":"type-post","3":"status-publish","4":"format-standard","5":"has-post-thumbnail","7":"category-verden","8":"tag-breaking-news","9":"tag-breakingnews","10":"tag-featured-news","11":"tag-featurednews","12":"tag-headlines","13":"tag-latest-news","14":"tag-latestnews","15":"tag-news","16":"tag-no","17":"tag-norge","18":"tag-norway","19":"tag-nyheter","20":"tag-overskrifter","21":"tag-top-stories","22":"tag-topstories","23":"tag-verden","24":"tag-world","25":"tag-world-news","26":"tag-worldnews"},"share_on_mastodon":{"url":"https:\/\/pubeurope.com\/@no\/115658784935274075","error":""},"_links":{"self":[{"href":"https:\/\/www.europesays.com\/no\/wp-json\/wp\/v2\/posts\/103630","targetHints":{"allow":["GET"]}}],"collection":[{"href":"https:\/\/www.europesays.com\/no\/wp-json\/wp\/v2\/posts"}],"about":[{"href":"https:\/\/www.europesays.com\/no\/wp-json\/wp\/v2\/types\/post"}],"author":[{"embeddable":true,"href":"https:\/\/www.europesays.com\/no\/wp-json\/wp\/v2\/users\/2"}],"replies":[{"embeddable":true,"href":"https:\/\/www.europesays.com\/no\/wp-json\/wp\/v2\/comments?post=103630"}],"version-history":[{"count":0,"href":"https:\/\/www.europesays.com\/no\/wp-json\/wp\/v2\/posts\/103630\/revisions"}],"wp:featuredmedia":[{"embeddable":true,"href":"https:\/\/www.europesays.com\/no\/wp-json\/wp\/v2\/media\/103631"}],"wp:attachment":[{"href":"https:\/\/www.europesays.com\/no\/wp-json\/wp\/v2\/media?parent=103630"}],"wp:term":[{"taxonomy":"category","embeddable":true,"href":"https:\/\/www.europesays.com\/no\/wp-json\/wp\/v2\/categories?post=103630"},{"taxonomy":"post_tag","embeddable":true,"href":"https:\/\/www.europesays.com\/no\/wp-json\/wp\/v2\/tags?post=103630"}],"curies":[{"name":"wp","href":"https:\/\/api.w.org\/{rel}","templated":true}]}}