{"id":103632,"date":"2025-12-04T01:55:24","date_gmt":"2025-12-04T01:55:24","guid":{"rendered":"https:\/\/www.europesays.com\/no\/103632\/"},"modified":"2025-12-04T01:55:24","modified_gmt":"2025-12-04T01:55:24","slug":"hva-skjedde-med-rinkeby-i-sverige","status":"publish","type":"post","link":"https:\/\/www.europesays.com\/no\/103632\/","title":{"rendered":"Hva skjedde med Rinkeby i Sverige?"},"content":{"rendered":"<p>HRS har fulgt Rinkeby med interesse siden begynnelsen av 2000-tallet, da vi s\u00e5 p\u00e5 bydelen som et slags case for hvordan h\u00f8y ikke-vestlig innvandring kan p\u00e5virke et samfunn. Utviklingen ble imidlertid verre enn vi hadde forestilte oss.<\/p>\n<p>Ikke minst gjorde ungdommer i bydelen tidlig oppr\u00f8r. De viste sin misn\u00f8ye med tilv\u00e6relsen med oppt\u00f8yer, brannbomber og steinkasting. I <a href=\"https:\/\/www.rights.no\/2010\/06\/hett-i-det-svenske-hus\/\" target=\"_blank\" rel=\"noopener nofollow\">2010 rapporterte<\/a> vi om ungdommer som tente p\u00e5 skolen, biblioteket, og den lokale politistasjonen og en bank ble utsatt for h\u00e6rverk og p\u00e5tent, i tillegg til at kj\u00f8ret\u00f8y, s\u00f8ppel og annet som det var mulig \u00e5 f\u00e5 fyr p\u00e5, brant p\u00e5 forskjellige steder. Brannmannskapene slapp ikke til da omkring 60 ungdommer aktivt forhindret slukkearbeidet. \u00abDet eneste som synes slukket i Sverige er det politiske lederskapet\u00bb, konstatert vi t\u00f8rt.<\/p>\n<p>Men heller ikke i medieredaksjonene var lyset p\u00e5. Svenske medier gjorde det de kunne for \u00e5 \u00abforst\u00e5\u00bb og \u00abunnskylde\u00bb disse ungdommene. De hadde jo innvandrerbakgrunn, stakkars, s\u00e5 det var \u00abutenforskap\u00bb \u2013 skapt av den hvite majoriteten \u2013 i tillegg til at \u00abfattigdommen\u00bb var utbredt \u2013 siden de stakkars innvandrerne m\u00e5tte ta til takke med d\u00e5rlig betalte jobber. Dette kan mest av alt kalles bullshit. For man tok ikke tak i de reelle problemene, da man rett og slett ikke inns\u00e5 hva problemene var.<\/p>\n<p>For Rinkeby utviklet seg mer og mer som en slag isolert \u00f8y i Sverige \u2013 og det er den enda.<\/p>\n<p>Og det var i Rinkeby gjengene Shottaz og D\u00f8dspatruljen ble f\u00f8dt. Og det var her beboerne ble vitne til en krig som til tider fikk blod til \u00e5 flyte i gatene. Rinkeby ble sentral i gjengenes kamp om narkotikamarkedene i Sverige.<\/p>\n<p>Provosert<\/p>\n<p>Det er mange \u00e5r siden det var noe hvit, svensk majoritet i Rinkeby, og arbeidsplassene i bydelen forsvant omtrent like raskt som de ble anlagt p\u00e5 grunn av kriminalitet og utrygghet.<\/p>\n<p>Norske medier brydde seg heller ikke nevneverdig om hva som foregikk i en bydel som Rinkeby, i alle fall ikke f\u00f8r dav\u00e6rende statsr\u00e5d Sylvi Listhaug (FrP) bes\u00f8kte bydelen (i 2017). Men da var norsk MSM mest interessert i \u00e5 slenge <a href=\"https:\/\/www.rights.no\/2017\/08\/motbydelig-sex-trakassering-av-sylvi-listhaug\/\" target=\"_blank\" rel=\"noopener nofollow\">dritt om Listhaug<\/a>, og mente at hun hadde \u00abfordommer\u00bb og at hennes tilstedev\u00e6relse var \u00abprovoserende\u00bb.<\/p>\n<p>I slutten av februar i \u00e5r bes\u00f8kte en annen statsr\u00e5d Rinkeby, nemlig den svenske integreringsminister Mats Persson (L). Men \u2013 i motsetning til Listhaug \u2013 hadde Persson \u00abkledd seg for anledningen\u00bb, og da med skuddsikkert vest. (Det samme gjorde ellers den svenske innenriksminister Ander Ygeman under sitt bes\u00f8k i bydelen i 2016, men han representerer jo sosialdemokratene s\u00e5 det fikk ingen oppmerksomhet.)<\/p>\n<p>Perssons skuddsikre vakte derimot medienes oppmerksomhet. Det skapte \u00absterke reaksjoner\u00bb kunne <a href=\"https:\/\/www.aftonbladet.se\/nyheter\/a\/Xj25zB\/mats-persson-hade-skottsaker-vast-i-rinkeby-far-hard-kritik\" target=\"_blank\" rel=\"noopener nofollow\">Aftonbladet<\/a> fortelle med referanse til en anonym kilde:<\/p>\n<p style=\"padding-left: 40px;\">\u2013 Jeg synes det er usmakelig. Hadde han bare hatt p\u00e5 seg sivile kl\u00e6r, ville ingen ha brydd seg, ingen vet hvem han er. N\u00e5 var det som om han pr\u00f8vde \u00e5 gj\u00f8re seg selv til et m\u00e5l.<\/p>\n<p>Nei, \u00abingen\u00bb i Rinkeby vet hvem han er, og neppe heller s\u00e5 mange andre i det svenske samfunnet, om personene s\u00e5 er i regjering eller annet. De har nok med seg selv, ikke minst fordi de har selvisolert seg fra det \u00f8vrige Sverige og Vesten med.<\/p>\n<p>\u00abDem\u00bb og \u00aboss\u00bb<\/p>\n<p>I flere ti\u00e5r har alts\u00e5 Rinkeby, bare 14 kilometer nord for Stockholm sentrum, hatt et tvilsomt rykte som en av de t\u00f8ffeste ghettoene i Sverige, et omr\u00e5de med en av de h\u00f8yeste drapsratene i landet og en av de st\u00f8rste konsentrasjonene av somaliere. For eksempel var det i 2021 n\u00e6rmest daglige skytinger. Da ble ni unge menn, de fleste med somalisk opprinnelse, drept i byen.<\/p>\n<p>Det er ogs\u00e5 den bydelen i Stockholm kommune hvor innbyggerne er fattigst.<\/p>\n<p>Hver innbygger i Rinkeby hadde en gjennomsnittlig inntekt p\u00e5 217.000 kroner i fjor. <a href=\"https:\/\/www.akersposten.no\/vestkantfolk-tjener-klart-mest-her-er-oversikten\/s\/5-142-101522\" target=\"_blank\" rel=\"noopener nofollow\">Til sammenligning<\/a> var gjennomsnittsinntekten p\u00e5 innvandrertette S\u00f8ndre Nordstrand i Oslo p\u00e5 410.000 kroner i 2020 (litt lavere l\u00e5 det p\u00e5 Stovner, Alna og Grorud, lavest p\u00e5 Stovner med 391.000 kroner).<\/p>\n<p>S\u00e5, ja visst er det et \u00abdem\u00bb og \u00aboss\u00bb, skapt av et sl\u00f8vt og selvgodt politisk lederskap innen innvandringspolitikken.<\/p>\n<p>Av Sveriges omtrent ti millioner innbyggere er mer enn to millioner f\u00f8dt utenfor landets grenser, ikke minst i MENAPT-land som Somalia, Syria, Afghanistan og Irak.<\/p>\n<p>De ti st\u00f8rste innvandrergruppene (alts\u00e5 innvandrere uten etterkommere) i Sverige fordelte seg slik i 2024 sammenlignet med 1990:<\/p>\n<p>\u00a0<\/p>\n<p><img loading=\"lazy\" decoding=\"async\" class=\"aligncenter wp-image-138447\" src=\"https:\/\/www.europesays.com\/no\/wp-content\/uploads\/2025\/12\/Skjermbilde-2025-12-03-kl.-12.07.29.png\" alt=\"\" width=\"908\" height=\"501\" data-wp-pid=\"138447\"  \/><\/p>\n<p>Som vi ser har veksten v\u00e6rt enorm for en rekke av innvandrergruppene \u2013 med unntak av \u00abde hvite finnene\u00bb som forlater Sverige. Nedgangen er p\u00e5 41 prosent (89.749 f\u00e6rre i perioden). H\u00f8yest er veksten for Eritrea med en \u00f8kning p\u00e5 9.280 prosent, deretter Afghanistan p\u00e5 8.611 prosent, og Syria p\u00e5 4.213 prosent.<\/p>\n<p>Lille Mogadishu<\/p>\n<p>Mange av de i overkant av 74.000 somalierne i Sverige bor som nevnt i Rinkeby som har ca. 19.000 innbyggere. Lokalbefolkningen har gitt bydelen kallenavnet \u00abLille Mogadishu\u00bb med direkte referanse til Somalias hovedstad. Akkurat det forst\u00e5r den danske avisen <a href=\"https:\/\/www.berlingske.dk\/internationalt\/en-minister-besoegte-rinkeby-ifoert-skudsikker-vest-paa-torvet-taler-de-somalisk-og-de-svenske-butikker-er-vaek\" target=\"_blank\" rel=\"noopener nofollow\">Berlingske<\/a> godt, som bes\u00f8kte bydelen nylig. De er der p\u00e5 en l\u00f8rdag, da det er en byfestival.<\/p>\n<p class=\"ArticleBody_paragraphNode__womVb\" style=\"padding-left: 40px;\">P\u00e5 en parkeringsplass er det matboder, og luktene av mat fra Tyrkia, Mexico og Somalia konkurrerer med hverandre.<\/p>\n<p class=\"ArticleBody_paragraphNode__womVb\" style=\"padding-left: 40px;\">Orkestre fra Brasil, Tyrkia, Hellas og Somalia spiller p\u00e5 scenen. Og mens den svenske folkemusikken ikke tiltrekker seg mange, f\u00e5r en \u00f8stafrikansk sanger satt i gang en dansefest foran scenen.<\/p>\n<p class=\"ArticleBody_paragraphNode__womVb\" style=\"padding-left: 40px;\">Det yrer av kvinner som bruker sl\u00f8r og har ansikter dekket til p\u00e5 forskjellige m\u00e5ter. Noen av de somaliske kvinnene bruker Khimar-skjerf, et tradisjonelt hodeplagg fra hjemlandet. Flere menn har tatt p\u00e5 seg Khofia, en sylindrisk hatt med m\u00f8nstre, som er popul\u00e6r blant spesielt eldre somaliske menn.<\/p>\n<p>De aller fleste p\u00e5 denne festivalen er somaliere. Og Berlingske registrerer at det ikke er noen puber p\u00e5 torvet. Ingen dyre kaffebarer. Ingen sykler. Ingen av de klassiske store supermarkedene.<\/p>\n<p>Er dette begynnelsen p\u00e5 Det Nye Sverige? Men n\u00e5 er det n\u00e6rmere to \u00e5r siden det sist var skyting i bydelen. Har Rinkeby tatt aff\u00e6re?<\/p>\n<p>Politiet tilbake<\/p>\n<p class=\"ArticleBody_paragraphNode__womVb\">I seks \u00e5r var Rinkeby og omr\u00e5det rundt uten egen sentral politistasjon.<\/p>\n<p class=\"ArticleBody_paragraphNode__womVb\">Politiet trakk seg rett og slett tilbake da det ble gjort stadige fors\u00f8k p\u00e5 \u00e5 sprenge lokalene deres, skudd ble avfyrt mot patruljer i bydelen, og steinkasting var en tilbakevendende del av politibetjentenes hverdag.<\/p>\n<p>Men n\u00e5 har politiet vendt tilbake, selv om de slet med \u00e5 i det hele tatt f\u00e5 noen fra anleggsbransjen til \u00e5 legge inn anbud. Det var for <a href=\"https:\/\/www.rights.no\/2017\/03\/tor-ikke-bygge-politistasjon-i-rinkeby\/\" target=\"_blank\" rel=\"noopener nofollow\">farlig \u00e5 bygge stasjonen<\/a>.<\/p>\n<p class=\"ArticleBody_paragraphNode__womVb\">Rundt 300 ansatte jobber i en gr\u00e5 bygning i flere etasjer som er kledd i tykke st\u00e5lplater som t\u00e5ler eksplosjoner, det er skuddsikre vinduer og utallige kameraer som overv\u00e5ker hver krik og krok rundt stasjonen. If\u00f8lge Berlingske ligner bygningen mest om et fort midt i et svensk boligomr\u00e5de.\u00a0<\/p>\n<p>Politistasjonen styres av Rissa Seidou. Hun er av gambisk opprinnelse, men vokst opp i Frankrike. Utover \u00e5 v\u00e6re politi er Seidou kjent for \u00e5 v\u00e6re frittalende og legger ikke mye imellom n\u00e5r problemer skal kommuniseres. Ei heller n\u00e5r hun m\u00f8ter kriminelle. Selv mener Seidou at hennes gambiske utseende er en medvirkende faktor til at hun slipper unna med \u00e5 snakke sv\u00e6rt s\u00e5 direkte til folk, folk som ellers ikke er kjent for \u00e5 stole p\u00e5 politiet.<\/p>\n<p>Nettopp at det er s\u00e5 mange ulike innvandrere i bydelen er ,if\u00f8lge Seidou, i seg selv en utfordring, og politiets arbeid handler derfor ikke minst om \u00e5 gj\u00f8re det klart for alle hva som aksepteres og ikke. Klar tale er enklest for alle, fastsl\u00e5r Seidou. Det kan v\u00e6re at Seidou er <a href=\"https:\/\/www.rights.no\/2018\/03\/en-annerledes-paskekrim-sosionomer-kverker-politiet\/\" target=\"_blank\" rel=\"noopener nofollow\">politiledelse av \u00abden gamle typen\u00bb<\/a> \u2013 som vi i dag mangler, i alle fall i Norge.<\/p>\n<p>Og visstnok tok lokalbefolkningen imot politiet med n\u00e6rmest jubel, i alle fall den delen av befolkningen som \u00f8nsker fred og ro, og plass til \u00e5 leve livene sine. Om enn disse livene fortsatt ligner mest p\u00e5 livene fra opprinnelseslandet.\u00a0<\/p>\n<p>Sveriges skyld<\/p>\n<p>N\u00e5r beboerne selv skal forklare hva som gikk galt i Rinkeby er det typisk \u00abSverige\u00bb sin skyld. Det\u00a0tilbakevendende tema er at Sverige overlot Rinkeby til seg selv og de kriminelle. P\u00e5 \u00e9n m\u00e5te er det sant, men den samme lokalbefolkningen ser ikke ut til \u00e5 forst\u00e5 at de selv har et stort ansvar for hvordan bydelen utvikler seg.<\/p>\n<p>Somaliske Iman Elmi jobber som sosialr\u00e5dgiver i Rinkeby, hvor hun ogs\u00e5 bor med sine to halvvoksne s\u00f8nner.<\/p>\n<p style=\"padding-left: 40px;\">\u00a0\u2013 P\u00e5 den tiden var det som om Sverige forlot oss \u2013 overlot oss til oss selv. Politistasjonen ble stengt, og alle offentlige myndigheter stengte kontorene sine og trakk seg ut, til og med de store dagligvarebutikkene forsvant, beskriver Elmi til Berlingske, og fortsetter:<\/p>\n<p style=\"padding-left: 40px;\">\u00a0\u2013 Sverige etterlot en by og en gruppe borgere som var helt alene med de problemer som eksisterte. Arbeidsledigheten var h\u00f8y, og jeg husker en gruppe unge mennesker som var dypt frustrerte over sine fremtidsutsikter. Jeg tenker det var naturlig at frustrasjonene m\u00e5tte f\u00e5 utl\u00f8p. Det var den gang da steinkasting ble en stor greie i Rinkeby. Biler ble brent ned, og vi satt igjen med en veldig vanskelig situasjon. Det var ikke gode tider i Rinkeby.<\/p>\n<p>Samme opplevelse har somaliske Mohammed Hagi Farah (73), som har bodd i omr\u00e5det siden midten av 1990-tallet. \u00abP\u00e5 2010-tallet var det tydelig at situasjonen i Rinkeby var i ferd med \u00e5 komme ut av kontroll. Det var som om Sverige lot oss ligge bakp\u00e5 \u2013 trakk oss ut. Vi fikk ingen st\u00f8tte, selv om vi tryglet om det, og s\u00e5 gikk det i nedoverbakke\u00bb, sier Farah og viser til alle brannene, blant annet da 100 biler ble satt i brann p\u00e5 bare \u00e9n natt. \u00abVi f\u00f8lte at ingen ville hjelpe oss, at vi var nesten alene\u00bb, konkluderer han.<\/p>\n<p>Farah mener at det var beboere selv som klarte \u00e5 f\u00e5 bydelen ut av den verste situasjonen, da de gikk ut i gatene og pr\u00f8vde \u00e5 f\u00e5 roet ned stemningen. Kanskje det var noe de burde tenkt p\u00e5 tidligere?<\/p>\n<p>N\u00e5 er alts\u00e5 b\u00e5de staten, politiet og myndighetene tilbake \u2013 og if\u00f8lge politiet er det bare \u00e9n ting som fungerer: Knallhard styring. Politiets hovedregel er \u00e5 ikke gi de kriminelle fred.<\/p>\n<p>Og kanskje er det slik at aldri s\u00e5 galt, s\u00e5 er det godt for noe: I dag skal beboerne i Rinkeby ha h\u00f8yere tillit til politiet. S\u00e5 roen synes \u00e5 ha senket seg i Rinkeby, i alle fall p\u00e5 overflaten. Men den er fortsatt som en isolert \u00f8y i Stockholm \u2013 og en \u00ab\u00f8y\u00bb med d\u00e5rlig rykte. Forklaringen fra ulike er at det grunnleggende problemet er at altfor mange mennesker ikke \u00f8nsker \u00e5 v\u00e6re en del av Sverige.<\/p>\n","protected":false},"excerpt":{"rendered":"HRS har fulgt Rinkeby med interesse siden begynnelsen av 2000-tallet, da vi s\u00e5 p\u00e5 bydelen som et slags&hellip;\n","protected":false},"author":2,"featured_media":103633,"comment_status":"","ping_status":"","sticky":false,"template":"","format":"standard","meta":{"footnotes":""},"categories":[12],"tags":[20,21,24,25,15,22,23,13,30,28,29,14,16,26,27,42,43,44,45],"class_list":{"0":"post-103632","1":"post","2":"type-post","3":"status-publish","4":"format-standard","5":"has-post-thumbnail","7":"category-verden","8":"tag-breaking-news","9":"tag-breakingnews","10":"tag-featured-news","11":"tag-featurednews","12":"tag-headlines","13":"tag-latest-news","14":"tag-latestnews","15":"tag-news","16":"tag-no","17":"tag-norge","18":"tag-norway","19":"tag-nyheter","20":"tag-overskrifter","21":"tag-top-stories","22":"tag-topstories","23":"tag-verden","24":"tag-world","25":"tag-world-news","26":"tag-worldnews"},"share_on_mastodon":{"url":"https:\/\/pubeurope.com\/@no\/115658812683157245","error":""},"_links":{"self":[{"href":"https:\/\/www.europesays.com\/no\/wp-json\/wp\/v2\/posts\/103632","targetHints":{"allow":["GET"]}}],"collection":[{"href":"https:\/\/www.europesays.com\/no\/wp-json\/wp\/v2\/posts"}],"about":[{"href":"https:\/\/www.europesays.com\/no\/wp-json\/wp\/v2\/types\/post"}],"author":[{"embeddable":true,"href":"https:\/\/www.europesays.com\/no\/wp-json\/wp\/v2\/users\/2"}],"replies":[{"embeddable":true,"href":"https:\/\/www.europesays.com\/no\/wp-json\/wp\/v2\/comments?post=103632"}],"version-history":[{"count":0,"href":"https:\/\/www.europesays.com\/no\/wp-json\/wp\/v2\/posts\/103632\/revisions"}],"wp:featuredmedia":[{"embeddable":true,"href":"https:\/\/www.europesays.com\/no\/wp-json\/wp\/v2\/media\/103633"}],"wp:attachment":[{"href":"https:\/\/www.europesays.com\/no\/wp-json\/wp\/v2\/media?parent=103632"}],"wp:term":[{"taxonomy":"category","embeddable":true,"href":"https:\/\/www.europesays.com\/no\/wp-json\/wp\/v2\/categories?post=103632"},{"taxonomy":"post_tag","embeddable":true,"href":"https:\/\/www.europesays.com\/no\/wp-json\/wp\/v2\/tags?post=103632"}],"curies":[{"name":"wp","href":"https:\/\/api.w.org\/{rel}","templated":true}]}}