{"id":103634,"date":"2025-12-04T01:56:16","date_gmt":"2025-12-04T01:56:16","guid":{"rendered":"https:\/\/www.europesays.com\/no\/103634\/"},"modified":"2025-12-04T01:56:16","modified_gmt":"2025-12-04T01:56:16","slug":"norge-og-storbritannia-signerer-historisk-forsvarsavtale-i-london","status":"publish","type":"post","link":"https:\/\/www.europesays.com\/no\/103634\/","title":{"rendered":"Norge og Storbritannia signerer historisk forsvarsavtale i London"},"content":{"rendered":"<p class=\"extendedContent hyperion-css-eyn926\" data-test-tag=\"lead-text\">Avtalen har f\u00e5tt navnet \u00abLunna House\u00bb og skal knytte de to landene enda sterkere sammen milit\u00e6rt. <\/p>\n<p><img decoding=\"async\" class=\"image-asset hyperion-css-u06ts1\" data-test-tag=\"image-asset\" src=\"https:\/\/www.europesays.com\/no\/wp-content\/uploads\/2025\/12\/c5489e4c-6a76-4af4-9204-758651d08dac\"  alt=\"Onsdag ettermiddag var St\u00f8re p\u00e5 vei til London for samtaler med Storbritannias statsminister Keir Starmer. \"  loading=\"eager\" fetchpriority=\"high\" style=\"aspect-ratio:2048 \/ 1366\"\/>Onsdag ettermiddag var St\u00f8re p\u00e5 vei til London for samtaler med Storbritannias statsminister Keir Starmer. Foto: Tomm W. Christiansen \/ Aftenposten<\/p>\n<p class=\"paywall hyperion-css-1j42uic\">Norges og Storbritannias forsvarsministre, Tore O. Sandvik (Ap) og John Healey, skal signere avtalen torsdag i London. Samme dag <a data-test-tag=\"internal-link\" href=\"https:\/\/www.aftenposten.no\/norge\/politikk\/i\/7pnXVW\/stoere-reiser-til-storbritannia-skal-moete-starmer\" class=\"hyperion-css-1raymq9\" rel=\"nofollow noopener\" target=\"\" aria-label=\"m\u00f8ter\" theme=\"breaking-short\">m\u00f8ter<\/a> statsminister Jonas Gahr St\u00f8re (Ap) Storbritannias statsminister Keir Starmer til politiske samtaler og en markering av samarbeidet mellom de to landene.<\/p>\n<p class=\"paywall hyperion-css-1j42uic\">Norge og Storbritannia har allerede et n\u00e6rt forsvarssamarbeid som strekker seg fra andre verdenskrig og frem til i dag, forteller Sandvik.<\/p>\n<p class=\"paywall hyperion-css-1j42uic\">\u2013 Med denne avtalen styrker vi samarbeidet v\u00e5rt ytterligere innen alle forsvarsdomener, fra havbunnen og opp til verdensrommet, sier Sandvik i en pressemelding fra Forsvarsdepartementet.<\/p>\n<p class=\"paywall hyperion-css-1j42uic\">Regjeringen kaller avtalen for \u00abhistorisk\u00bb i sin pressemelding.<\/p>\n<p>Norges forsvarsminister, Tore O. Sandvik og Storbrittanias forsvarsminister, John Healey, skal signere avtalen.<\/p>\n<p>1 av 2Foto: Lise \u00c5serud \/ NTB<\/p>\n<p class=\"paywall hyperion-css-1j42uic\">Lunna House-avtalen har f\u00e5tt navnet sitt etter huset marineavdelingen <a aria-label=\"Shetlandsgjengen\" class=\"breaking-short hyperion-css-1raymq9\" href=\"https:\/\/snl.no\/Shetlandsgjengen\" target=\"_blank\" rel=\"noopener nofollow noreferrer\" data-test-tag=\"external-link\">Shetlandsgjengen<\/a> brukte som hovedbase under andre verdenskrig.<\/p>\n<p class=\"paywall hyperion-css-1j42uic\">\u2013 M\u00e5let er at Norge og Storbritannia skal knyttes enda tettere sammen milit\u00e6rt for \u00e5 styrke Natos nordlige flanke og tilstedev\u00e6relse i Nord-Atlanteren. Det vil gi \u00f8kt sikkerhet for Norge, Storbritannia og v\u00e5re allierte i en urolig tid, sier St\u00f8re i pressemeldingen.<\/p>\n<p>Dette er avtalen<\/p>\n<p class=\"paywall hyperion-css-1j42uic\">Et viktig punkt i avtalen er at britiske styrker skal f\u00e5 en st\u00f8rre rolle i forsvaret av Norge. Blant annet vil britiske marineinfanteristermarineinfanteristerInfanteri er den delen av en milit\u00e6r organisasjon som i hovedsak kjemper p\u00e5 bakken., UK Royal Marines, ha en st\u00f8rre grad av tilstedev\u00e6relse i Norge. <\/p>\n<p class=\"paywall hyperion-css-1j42uic\">De vil ogs\u00e5 utvikle og ta i bruk avanserte autonome systemerautonome systemerMaskiner som styrer seg selv. og droner som kan operere side om side med andre fart\u00f8yer og patruljere havomr\u00e5der i nord. Et m\u00e5l er \u00e5 bedre overv\u00e5ke Nord-Atlanteren p\u00e5 grunn av \u00f8kt russisk milit\u00e6r aktivitet i omr\u00e5det.<\/p>\n<p class=\"paywall hyperion-css-1j42uic\">\u2013 Vi vet at Russland har kapasiteterkapasiteterKapasiteter i denne sammenhengen betyr et m\u00e5l p\u00e5 hvor stor evne man har til \u00e5 utf\u00f8re en oppgave. Kilde: FFI som kan utgj\u00f8re en strategisk trussel mot vestlig infrastruktur p\u00e5 havbunnen. Derfor vil vi fortsette \u00e5 videreutvikle v\u00e5re overv\u00e5kingskapasiteter i nord og f\u00f8lge med p\u00e5 utviklingen med et \u00e5rv\u00e5kent blikk, forklarer Sandvik.<\/p>\n<p><img decoding=\"async\" class=\"image-asset hyperion-css-u06ts1\" data-test-tag=\"image-asset\" src=\"https:\/\/www.europesays.com\/no\/wp-content\/uploads\/2025\/12\/88d4886f-9c30-4e83-83b8-04e5aa77b517\"  alt=\"Norge og Storbritannia skal anskaffe s\u00e5 like fregattfl\u00e5ter som mulig. Her er den norske fregatten KNM Thor Heyerdah til illustrasjon.\"  loading=\"eager\" fetchpriority=\"high\" style=\"aspect-ratio:2048 \/ 1365\"\/>Norge og Storbritannia skal anskaffe s\u00e5 like fregattfl\u00e5ter som mulig. Her er den norske fregatten KNM Thor Heyerdah til illustrasjon. Foto: Alexander Undrum Fathi \/ Forsvaret (arkiv)<\/p>\n<p class=\"paywall hyperion-css-1j42uic\">Avtalen sier ogs\u00e5 at de to landene skal g\u00e5 sammen for \u00e5 bygge felleskapasiteter for antiub\u00e5toperasjoner i Nord-Atlanteren og nordomr\u00e5dene. Det inneb\u00e6rer blant annet at landene skal anskaffe s\u00e5 like fregattfl\u00e5ter som mulig.<\/p>\n<p class=\"paywall hyperion-css-1j42uic\">\u2013 Vi g\u00e5r inn for \u00e5 knytte den norske og britiske marinen tettere sammen enn noen gang. M\u00e5let er blant annet at vi skal utvikle en kombinert norsk-britisk fregattfl\u00e5te som kan operere helt s\u00f8ml\u00f8st sammen, sier Sandvik. <\/p>\n<p class=\"paywall hyperion-css-1j42uic\">Norsk og britisk marine vil ogs\u00e5 \u00f8ve mer sammen i felles n\u00e6romr\u00e5der. <\/p>\n","protected":false},"excerpt":{"rendered":"Avtalen har f\u00e5tt navnet \u00abLunna House\u00bb og skal knytte de to landene enda sterkere sammen milit\u00e6rt. Onsdag ettermiddag&hellip;\n","protected":false},"author":2,"featured_media":103635,"comment_status":"","ping_status":"","sticky":false,"template":"","format":"standard","meta":{"footnotes":""},"categories":[10],"tags":[20,21,24,25,15,22,23,13,30,28,29,14,16,26,27],"class_list":{"0":"post-103634","1":"post","2":"type-post","3":"status-publish","4":"format-standard","5":"has-post-thumbnail","7":"category-norge","8":"tag-breaking-news","9":"tag-breakingnews","10":"tag-featured-news","11":"tag-featurednews","12":"tag-headlines","13":"tag-latest-news","14":"tag-latestnews","15":"tag-news","16":"tag-no","17":"tag-norge","18":"tag-norway","19":"tag-nyheter","20":"tag-overskrifter","21":"tag-top-stories","22":"tag-topstories"},"share_on_mastodon":{"url":"https:\/\/pubeurope.com\/@no\/115658816529922880","error":""},"_links":{"self":[{"href":"https:\/\/www.europesays.com\/no\/wp-json\/wp\/v2\/posts\/103634","targetHints":{"allow":["GET"]}}],"collection":[{"href":"https:\/\/www.europesays.com\/no\/wp-json\/wp\/v2\/posts"}],"about":[{"href":"https:\/\/www.europesays.com\/no\/wp-json\/wp\/v2\/types\/post"}],"author":[{"embeddable":true,"href":"https:\/\/www.europesays.com\/no\/wp-json\/wp\/v2\/users\/2"}],"replies":[{"embeddable":true,"href":"https:\/\/www.europesays.com\/no\/wp-json\/wp\/v2\/comments?post=103634"}],"version-history":[{"count":0,"href":"https:\/\/www.europesays.com\/no\/wp-json\/wp\/v2\/posts\/103634\/revisions"}],"wp:featuredmedia":[{"embeddable":true,"href":"https:\/\/www.europesays.com\/no\/wp-json\/wp\/v2\/media\/103635"}],"wp:attachment":[{"href":"https:\/\/www.europesays.com\/no\/wp-json\/wp\/v2\/media?parent=103634"}],"wp:term":[{"taxonomy":"category","embeddable":true,"href":"https:\/\/www.europesays.com\/no\/wp-json\/wp\/v2\/categories?post=103634"},{"taxonomy":"post_tag","embeddable":true,"href":"https:\/\/www.europesays.com\/no\/wp-json\/wp\/v2\/tags?post=103634"}],"curies":[{"name":"wp","href":"https:\/\/api.w.org\/{rel}","templated":true}]}}