{"id":103638,"date":"2025-12-04T02:03:29","date_gmt":"2025-12-04T02:03:29","guid":{"rendered":"https:\/\/www.europesays.com\/no\/103638\/"},"modified":"2025-12-04T02:03:29","modified_gmt":"2025-12-04T02:03:29","slug":"vaksine-skade-gunnveig-grodeland-gunnveig-grodeland-vitner-i-vaksine-soksmal-dette-har-vi-ikke-nok-kunnskap-om","status":"publish","type":"post","link":"https:\/\/www.europesays.com\/no\/103638\/","title":{"rendered":"Vaksine-skade, Gunnveig Gr\u00f8deland | Gunnveig Gr\u00f8deland vitner i vaksine-s\u00f8ksm\u00e5l: \u2013 Dette har vi ikke nok kunnskap om"},"content":{"rendered":"\n<p>OSLO TINGRETT (Nettavisen): Professoren ble landskjent under pandemien som en hyppig brukt vaksine-ekspert i mediene, og onsdag var hun innkalt som statens vitne.<\/p>\n<p>\u2013 Det er store forskjeller individuelt p\u00e5 hvordan vi f\u00e5r bivirkninger. Dette vet vi kun delvis om hvorfor. Vi kan ikke bare peke p\u00e5 et enkeltindivid og si \u00abdu vil f\u00e5 bivirkninger.\u00bb Dette har vi ikke nok kunnskap om i dag, sa hun innledningsvis.<\/p>\n<p>Saks\u00f8kt staten<\/p>\n<p>Onsdag er dag tre av saken mellom en 28 \u00e5r gammel kvinne og Staten ved Pasientskadenemnda. P\u00e5 tirsdag fortalte kvinnen hvordan AstraZeneca-vaksinen hun tok i mars 2021, endret livet hennes n\u00e6rmest p\u00e5 sekundet.<\/p>\n<p><b>Les sak fra dag \u00e9n:<\/b> <a href=\"https:\/\/www.nettavisen.no\/nyheter\/fikk-cfs-me-etter-koronavaksine-na-saksoker-hun-staten\/s\/5-95-2755771\" rel=\"Follow nofollow noopener\" target=\"_blank\">Hevder koronavaksine ga kronisk utmattelsessyndrom<\/a><\/p>\n<p>\u2013 Jeg fikk vaksinen p\u00e5 formiddagen og da jeg skulle hjem p\u00e5 ettermiddagen, s\u00e5 kjente jeg at noe var unormalt. I l\u00f8pet av natten fikk jeg en reaksjon jeg ikke forventet. Da jeg v\u00e5knet dagen etter var det som \u00e5 bli p\u00e5kj\u00f8rt av en lastebil, sa 28-\u00e5ringen i retten og hun fortsatte:<\/p>\n<p>\u2013 Tilstanden ble bare verre og verre de neste ukene. Jeg ble fullstendig sengeliggende.<\/p>\n<p><b>Les sak fra dag to: <\/b><a href=\"https:\/\/www.nettavisen.no\/nyheter\/saksoker-staten-etter-a-ha-tatt-astrazeneca-vaksinen\/s\/5-95-2757702\" rel=\"Follow nofollow noopener\" target=\"_blank\">Fikk AstraZeneca-vaksinen \u2013 s\u00e5 endret livet seg totalt<\/a><\/p>\n<p>4,5 \u00e5r senere klarer ikke kvinnen \u00e5 st\u00e5 i jobb, og hun har f\u00e5tt diagnosen .<\/p>\n<p>Hun mener derfor at staten er erstatningsansvarlig for vaksine-skader.<\/p>\n<p>Gr\u00f8deland i retten<\/p>\n<p>Professoren i immunologi fortalte at det er usikkerhet rundt dataene om varige bivirkninger etter AstraZeneca-vaksinen.<\/p>\n<p>\u2013 Stort sett er det enkeltindivider og det er et f\u00e5tall som har egenrapport om dette. Det er forel\u00f8pig ingen studier som har overbevist meg nok, sa hun da statens advokat, Anders Wyller, ville vite mer om tematikken.<\/p>\n<p><b>Les ogs\u00e5: <\/b><a href=\"https:\/\/www.nettavisen.no\/okonomi\/fire-ar-etter-hva-skjedde-med-de-revolusjonerende-mrna-vaksinene\/s\/5-95-2463729\" rel=\"Follow nofollow noopener\" target=\"_blank\">Nesten alle fikk \u00abrevolusjonerende\u00bb vaksiner \u2013 men s\u00e5 ble det stille<\/a><\/p>\n<p>\u2013 Er det uten verdi \u00e5 drive med egenrapportering?, spurte Wyller.<\/p>\n<p>\u2013 Ja, men det er en sannhet med modifikasjoner. Vi leter intuitivt som mennesker etter \u00e5rsaksforklaringer, og da \u00absauser\u00bb vi sammen forklaringer som at vi for eksempel har f\u00e5tt et stikk og at dette kan v\u00e6re skylden for bivirkningene, siden det ogs\u00e5 har st\u00e5tt om dette i mediene, svarte vaksine-eksperten.<\/p>\n<p>Gr\u00f8deland: \u2013 Naturlig \u00e5 lete etter \u00e5rsaker<\/p>\n<p>Til Nettavisen utdyper Gr\u00f8deland ytterligere:<\/p>\n<p>\u2013 Det er naturlig \u00e5 lete etter \u00e5rsaker. Det vil si at det selvsagt er noen ganger bivirkninger er helt reelle, men du f\u00e5r i tillegg den naturlige mekanismen hvor vi mennesker leter en \u00e5rsak, og plasserer flere p\u00e5 den \u00e5rsaken enn det det egentlig er dekning for. Det er problemet med denne egenrapporteringen, sier hun.<\/p>\n<p><b>Les ogs\u00e5: <\/b><a href=\"https:\/\/www.nettavisen.no\/koronavaksine\/vaksine\/covid\/studie-koronavaksinen-reddet-over-to-millioner-liv\/s\/5-95-2541376\" rel=\"Follow nofollow noopener\" target=\"_blank\">Studie: Koronavaksinen reddet over to millioner liv<\/a><\/p>\n<p>Og hun mener at pressen er med p\u00e5 \u00e5 forsterke dette:<\/p>\n<p>\u2013 Vi p\u00e5virkes ogs\u00e5 at det vi leser i mediene. Og n\u00e5r vi leser i mediene at bivirkninger av denne typen her er noe du kan f\u00e5 av vaksinen, og du kanskje kjenner deg litt igjen i symptomene, s\u00e5 gj\u00f8r det at \u00abkanskje jeg ogs\u00e5 fikk det av vaksinen,\u00bb legger Gr\u00f8deland til.<\/p>\n<p>\u2013 Forskningen har ikke kommet langt nok, sa du i retten. Hva er grunnen til det?<\/p>\n<p>\u2013 Ting tar tid. Ting er kompliserte. Som det kom fram i dag, s\u00e5 har vi forsket n\u00e5 siden 2009 p\u00e5 \u00e5 forst\u00e5 sammenhengen mellom , som ble brukt mot svineinfluensa, og narkolepsi. Studiene p\u00e5g\u00e5r enn\u00e5, selv om vi n\u00e6rmer oss et svar. Det er rett og slett s\u00e5 enkelt som at det er kompliserte prosesser, sier professoren.<\/p>\n<p>Medf\u00f8lelse for de som er rammet<\/p>\n<p>Hun har full forst\u00e5else for at n\u00e5r forskningen ikke kan gi klare svar, s\u00e5 er det t\u00f8ft for de som har blitt syke i etterkant.<\/p>\n<p>\u2013 Det er s\u00e5 synd, fordi jeg tenker at de individene som har disse plagene, de har dem jo. De opplever det, og det m\u00e5 vi ha enorm respekt for, sier Gr\u00f8deland til Nettavisen og legger til:<\/p>\n<p>\u2013 Det er en fare for at n\u00e5r det tar lang tid \u00e5 finne ut av \u00e5rsakssammenhenger, at de som opplever disse plagene, ikke f\u00f8ler at de blir prioritert. Jeg vil gjerne understreke at dette stemmer virkelig ikke. Man pr\u00f8ver \u00e5 finne \u00e5rsaker.<\/p>\n<p>    Vil du se neste video?<\/p>\n<p>    <a href=\"https:\/\/www.nettavisen.no\/fredrik-solvang\/jonas-gahr-store\/debatten\/fredrik-solvang-himler-av-jonas-gahr-store-men-i-alle\/v\/5-95-2751917\" class=\"recommend-poster\" data-adp-clicklabel=\"video-recommend\" data-adp-clickvalue=\"poster\" rel=\"nofollow noopener\" target=\"_blank\"><br \/>\n      <img decoding=\"async\" width=\"200\" height=\"200\" loading=\"lazy\" src=\"https:\/\/www.europesays.com\/no\/wp-content\/uploads\/2025\/11\/Solvang+bredde.jpg\" alt=\"\" class=\"brick-c-cFOWSL\" style=\"--brick-image-ratio: 200 \/ 200;\"\/><\/p>\n<p>Himler av St\u00f8re: \u2013 Men i alle\u20261:06<\/p>\n<p>    <\/a><\/p>\n<p>        P\u00e5 Rikshospitalet jobbes det med et forskningsprosjekt som skal kurere autoimmune sykdommer.<br \/>\n        Titalls nordmenn p\u00e5 sykehus<\/p>\n<p>\u2013 Du skriver i en rapport at det ble observert hodepine i flere uker etter AstraZeneca-vaksinen?, konfronterte kvinnens advokat, Kjell Inge Ambj\u00f8rndalen, Gr\u00f8deland med i retten.<\/p>\n<p>\u2013 Ja, det stemmer. Bivirkninger kan vare opptil et par dager, men igjen, vi mennesker er en heterogen gruppe og individer reagerer forskjellig. Derfor \u00f8nsker jeg mer forskning og ja, det lar seg gj\u00f8re, sa professoren.<\/p>\n<p>   <img decoding=\"async\" width=\"4129\" height=\"2460\" fetchpriority=\"low\"  loading=\"lazy\"  src=\"https:\/\/www.europesays.com\/no\/wp-content\/uploads\/2025\/12\/5_95_1792644+NTB_OuZC0jFyyfc.jpg\" alt=\"\" class=\"brick-c-cFOWSL\" style=\"--brick-image-ratio: 4129 \/ 2460;\"\/><\/p>\n<p>      STANSET: Norge stanset bruken av AstraZeneca-vaksinen etter sykehusinnleggelser og flere d\u00f8dsfall.<br \/>\n      Foto: Nick Potts (PA Photos)\n    <\/p>\n<p>Hun nevnte at et titalls nordmenn ble innlagt p\u00e5 sykehus etter \u00e5 ha f\u00e5tt AstraZeneca-vaksinen under pandemien.<\/p>\n<p>\u2013 Da ble det observert hodepine et par uker etter, faktisk, kunne professoren fortelle.<\/p>\n<p>Mer forskning om \u00ablong covid\u00bb<\/p>\n<p>Gr\u00f8deland fortalte at studiene om \u00ablong covid\u00bb har v\u00e6rt viktige, men gjentok at det er manglende forskning p\u00e5 feltet.<\/p>\n<p>\u2013 Her er det mye vi ikke vet. Det \u00e5 sette smitte eller vaksineringen som \u00e5rsak til bivirkninger er intuitivt. Alle individer m\u00e5 tas alvorlig, selvf\u00f8lgelig, men det m\u00e5 fortsatt studeres videre vitenskapelig og det jobber vi med, sa hun.<\/p>\n<p><b>Les ogs\u00e5:<\/b> <a href=\"https:\/\/www.nettavisen.no\/nyheter\/fhi-under-2-prosent-covid-smittede-ble-registrert-med-senfolger\/s\/5-95-2546484\" rel=\"Follow nofollow noopener\" target=\"_blank\">Nye funn om long covid: Rammer under to prosent<\/a><\/p>\n<p>Professoren p\u00e5pekte ogs\u00e5 at vaksiner vil gi bivirkninger.<\/p>\n<p>\u2013 Dette er for meg, som vaksine-forsker, viktig \u00e5 f\u00e5 fram. Derfor skal man bruke vaksiner, men n\u00e5r man trenger det.<\/p>\n<p>    Vil du se neste video?<\/p>\n<p>    <a href=\"https:\/\/www.nettavisen.no\/fredrik-solvang\/jonas-gahr-store\/debatten\/fredrik-solvang-himler-av-jonas-gahr-store-men-i-alle\/v\/5-95-2751917\" class=\"recommend-poster\" data-adp-clicklabel=\"video-recommend\" data-adp-clickvalue=\"poster\" rel=\"nofollow noopener\" target=\"_blank\"><br \/>\n      <img decoding=\"async\" width=\"200\" height=\"200\" loading=\"lazy\" src=\"https:\/\/www.europesays.com\/no\/wp-content\/uploads\/2025\/11\/Solvang+bredde.jpg\" alt=\"\" class=\"brick-c-cFOWSL\" style=\"--brick-image-ratio: 200 \/ 200;\"\/><\/p>\n<p>Himler av St\u00f8re: \u2013 Men i alle\u20261:06<\/p>\n<p>    <\/a><\/p>\n<p>        Mange sliter fortsatt med senf\u00f8lger etter covid-19. Anki Helgor (48) er \u00e9n av dem.<br \/>\n        Studie om komplisert hodepine<\/p>\n<p>Dag tre i tingretten startet med at overlege og forsker ved Oslo universitetssykehus (OUS), Anne Hege Aamodt, la fram en studie om <a href=\"https:\/\/neurologyopen.bmj.com\/content\/7\/2\/e001013\" rel=\"Follow nofollow noopener\" target=\"_blank\">nyoppst\u00e5tt komplisert hodepine etter covid-19-vaksine<\/a>.<\/p>\n<p>\u2013 Folk uten tidligere migrene, som var for gamle til \u00e5 f\u00e5 migrene, kom med henvendelser til oss. Da slo vi oss sammen i et forsker-nettverk, sa Aamodt om hvordan selve studien ble satt i gang.<\/p>\n<p>\u2013 Vi \u00f8nsket \u00e5 hjelpe folk som hadde f\u00e5tt nyoppst\u00e5tt migrene uten at de hadde det f\u00f8r. Vi ville hjelpe folk til \u00e5 f\u00e5 hodepinen bedre. Vi fikk stort sett henvendelser fra kolleger som hadde pasienter med kompliserte hodepiner, la hun til.<\/p>\n<p><b>Les ogs\u00e5:<\/b> <a href=\"https:\/\/www.nettavisen.no\/nyheter\/mystisk-hjernesykdom-rammer-stadig-flere-unge-mennesker\/s\/12-95-3424226552\" rel=\"Follow nofollow noopener\" target=\"_blank\">Mystisk hjernesykdom rammer stadig flere unge mennesker<\/a><\/p>\n<p>Aamodt nevnte ogs\u00e5 at de s\u00e5 andre plager som  og kognitive symptomer.<\/p>\n<p>\u2013 Dette var folk som stort sett som var veldig friske fra f\u00f8r av. Det var ressurssterke folk som trivdes i jobbene sine, sa eksperten i retten.<\/p>\n<p>Gr\u00f8deland om Aamodts studie<\/p>\n<p>Professoren fikk sp\u00f8rsm\u00e5l fra advokat Wyller om hva hennes tanker er om Aamodts studie.<\/p>\n<p>\u2013 Hadde de sammenlignet disse  med folk som faktisk har migrene\/hodepine f\u00f8r vaksine ble tatt, s\u00e5 hadde man kommet n\u00e6rmere en \u00e5rsakssammenheng, sa hun.<\/p>\n<p><b>Les ogs\u00e5:<\/b> <a href=\"https:\/\/www.nettavisen.no\/nyheter\/musk-sparket-smitteforskere-norsk-forsker-reagerer\/s\/5-95-2289476\" rel=\"Follow nofollow noopener\" target=\"_blank\">Musk sparket smitteforskere: \u2013 Total kunnskapsl\u00f8shet<\/a><\/p>\n<p>Gr\u00f8deland \u00f8nsket imidlertid forskningen velkommen og vil ha mer.<\/p>\n<p>\u2013 Det er mulig at jeg om ti \u00e5r st\u00e5r her og har endret standpunkt, sa hun i retten.<\/p>\n<p>    Vil du se neste video?<\/p>\n<p>    <a href=\"https:\/\/www.nettavisen.no\/fredrik-solvang\/jonas-gahr-store\/debatten\/fredrik-solvang-himler-av-jonas-gahr-store-men-i-alle\/v\/5-95-2751917\" class=\"recommend-poster\" data-adp-clicklabel=\"video-recommend\" data-adp-clickvalue=\"poster\" rel=\"nofollow noopener\" target=\"_blank\"><br \/>\n      <img decoding=\"async\" width=\"200\" height=\"200\" loading=\"lazy\" src=\"https:\/\/www.europesays.com\/no\/wp-content\/uploads\/2025\/11\/Solvang+bredde.jpg\" alt=\"\" class=\"brick-c-cFOWSL\" style=\"--brick-image-ratio: 200 \/ 200;\"\/><\/p>\n<p>Himler av St\u00f8re: \u2013 Men i alle\u20261:06<\/p>\n<p>    <\/a><\/p>\n<p>        Donald Trumps vaksine-sjef fikk gjennomg\u00e5 under en senatsh\u00f8ring torsdag.<br \/>\n        Folkehelseinstituttets forklaring<\/p>\n<p>Lege og seksjonssjef Lill-Iren Trogstad i FHI var ogs\u00e5 innkalt for \u00e5 forklare seg p\u00e5 statens vegne.<\/p>\n<p>\u2013 Vi har ikke nok svar p\u00e5 CFS\/ME i forbindelse med vaksine. Vi trenger mer studier, mer variert forskning, sa hun i retten.<\/p>\n<p>Trogstad fortalte at utvalget i studiene m\u00e5 v\u00e6re representativ i befolkningen.<\/p>\n<p>\u2013 P\u00e5 individniv\u00e5 har vi ingen  som viser \u00f8kt risiko for CFS\/ME med AstraZeneca-vaksinen.<\/p>\n<p><b>Les ogs\u00e5:<\/b> <a href=\"https:\/\/www.nettavisen.no\/nyheter\/sigrid-bratlie-slar-alarm-om-koronavirusets-opphav-hoyst-sannsynlig-fra-et-laboratorium\/f\/5-95-2439724\" rel=\"Follow nofollow noopener\" target=\"_blank\">\u2013 En varslet katastrofe<\/a><\/p>\n<p>Hun sa at det derfor er uklart i denne saken om kvinnen kan ha f\u00e5tt CFS\/ME av vaksinen.<\/p>\n<p>Trogstad sa at de tok rapportene om AstraZeneca, ogs\u00e5 det som kom fram i mediene under pandemien, sv\u00e6rt alvorlig.<\/p>\n<p>\u2013 Vi vaksinerte for \u00e5 beskytte, ikke \u00e5 p\u00e5f\u00f8re sykdom. Den 11. mars beordret vi full stans av vaksinen og den har ikke blitt brukt siden i Norge, sa FHI-toppen.<\/p>\n<p><b>Les ogs\u00e5:<\/b> <a href=\"https:\/\/www.nettavisen.no\/nyheter\/koronavaksinen-doblet-levetiden-til-kreftpasienter-svart-lovende\/s\/5-95-2696105\" rel=\"Follow nofollow noopener\" target=\"_blank\">Doblet levetiden til kreftsyke: \u2013 Aldri sett f\u00f8r<\/a><\/p>\n<p>Trogstad sa i retten at det er flere likheter mellom \u00ablong covid\u00bb og CFS\/ME, og at dette er noe som det fortsatt forskes p\u00e5. Hun nevnte flere studier som viser likhetstrekk.<\/p>\n<p>\u2013 S\u00f8vnforstyrrelser, smerter, utmattelse og nedsatt fysisk funksjon, var noe av det seksjonssjefen sa.<\/p>\n<p>Tirsdag kom dommen i en tilsvarende sak i Trondheim, og der vant <a href=\"https:\/\/www.nettavisen.no\/nyheter\/fikk-me-etter-koronavaksinen-vant-mot-staten-i-historisk-dom\/s\/5-95-2760952\" rel=\"Follow nofollow noopener\" target=\"_blank\">en hjelpepleier mot staten etter \u00e5 ha blitt alvorlig syk etter \u00e5 ha tatt Pfizer-vaksinen.<\/a><\/p>\n<p>I denne saken er det siste dag i retten torsdag, s\u00e5 skal en dom v\u00e6re klar innen to uker.<\/p>\n","protected":false},"excerpt":{"rendered":"OSLO TINGRETT (Nettavisen): Professoren ble landskjent under pandemien som en hyppig brukt vaksine-ekspert i mediene, og onsdag var&hellip;\n","protected":false},"author":2,"featured_media":103639,"comment_status":"","ping_status":"","sticky":false,"template":"","format":"standard","meta":{"footnotes":""},"categories":[10],"tags":[20,21,24,25,15,22,23,13,30,28,29,14,16,26,27],"class_list":{"0":"post-103638","1":"post","2":"type-post","3":"status-publish","4":"format-standard","5":"has-post-thumbnail","7":"category-norge","8":"tag-breaking-news","9":"tag-breakingnews","10":"tag-featured-news","11":"tag-featurednews","12":"tag-headlines","13":"tag-latest-news","14":"tag-latestnews","15":"tag-news","16":"tag-no","17":"tag-norge","18":"tag-norway","19":"tag-nyheter","20":"tag-overskrifter","21":"tag-top-stories","22":"tag-topstories"},"share_on_mastodon":{"url":"https:\/\/pubeurope.com\/@no\/115658844068272077","error":""},"_links":{"self":[{"href":"https:\/\/www.europesays.com\/no\/wp-json\/wp\/v2\/posts\/103638","targetHints":{"allow":["GET"]}}],"collection":[{"href":"https:\/\/www.europesays.com\/no\/wp-json\/wp\/v2\/posts"}],"about":[{"href":"https:\/\/www.europesays.com\/no\/wp-json\/wp\/v2\/types\/post"}],"author":[{"embeddable":true,"href":"https:\/\/www.europesays.com\/no\/wp-json\/wp\/v2\/users\/2"}],"replies":[{"embeddable":true,"href":"https:\/\/www.europesays.com\/no\/wp-json\/wp\/v2\/comments?post=103638"}],"version-history":[{"count":0,"href":"https:\/\/www.europesays.com\/no\/wp-json\/wp\/v2\/posts\/103638\/revisions"}],"wp:featuredmedia":[{"embeddable":true,"href":"https:\/\/www.europesays.com\/no\/wp-json\/wp\/v2\/media\/103639"}],"wp:attachment":[{"href":"https:\/\/www.europesays.com\/no\/wp-json\/wp\/v2\/media?parent=103638"}],"wp:term":[{"taxonomy":"category","embeddable":true,"href":"https:\/\/www.europesays.com\/no\/wp-json\/wp\/v2\/categories?post=103638"},{"taxonomy":"post_tag","embeddable":true,"href":"https:\/\/www.europesays.com\/no\/wp-json\/wp\/v2\/tags?post=103638"}],"curies":[{"name":"wp","href":"https:\/\/api.w.org\/{rel}","templated":true}]}}