{"id":103650,"date":"2025-12-04T02:35:29","date_gmt":"2025-12-04T02:35:29","guid":{"rendered":"https:\/\/www.europesays.com\/no\/103650\/"},"modified":"2025-12-04T02:35:29","modified_gmt":"2025-12-04T02:35:29","slug":"kultur-helse-har-vokst-til-20-medlemmer","status":"publish","type":"post","link":"https:\/\/www.europesays.com\/no\/103650\/","title":{"rendered":"Kultur, Helse | Har vokst til 20 medlemmer"},"content":{"rendered":"\n<p>Demenskoret i Ringsaker ble etablert av Ringsaker kulturskole i april 2023. I tett samarbeid med Demensforeningen i kommunen har koret \u00abSolskinn og sang\u00bb n\u00e5 vokst til n\u00e6rmere 20 medlemmer. Koret ledes av kulturskolens kordirigent, Kari Aasmoe, som ogs\u00e5 er musikkterapeut. I tillegg har kulturskolen ansatt en profesjonell pianist som deltar p\u00e5 alle \u00f8velser og konserter.<\/p>\n<p>Koret m\u00f8tes i kulturskolens lokaler i Brumunddal hver torsdag. Hver samling best\u00e5r av \u00e9n time korsang, ledet av dirigent, og \u00e9n time sosialt samv\u00e6r og mat, organisert av frivillige i Demensforeningen. I tillegg stiller frivillige som musikalske hjelpere p\u00e5 alle \u00f8velser. \u00abSolskinn og sang\u00bb gjennomf\u00f8rer flere lokale konserter hvert \u00e5r, og s\u00f8ndag 7. desember skal medlemmene fylle Brumunddal med sang og glede.<\/p>\n<p>  <a href=\"https:\/\/www.ringsaker-blad.no\/5-79-819200\" class=\"related-teaser has-image default-story-teaser article--c-eRUmMG article--c-eRUmMG-jKCPdD-design-default\" rel=\"nofollow noopener\" target=\"_blank\"><\/p>\n<p>    <img decoding=\"async\" loading=\"lazy\"  src=\"https:\/\/www.europesays.com\/no\/wp-content\/uploads\/2025\/12\/image00032+%283%29.jpg\" alt=\"\" class=\"brick-c-cFOWSL\" style=\"\"\/><\/p>\n<p>\n            Les ogs\u00e5<\/p>\n<p>              Her overrasker John Olav med duett i demenskoret\n        <\/p>\n<p>  <\/a><br \/>\n  Ukentlig h\u00f8ydepunkt<\/p>\n<p>Aasmoe opplyser at navnet p\u00e5 koret n\u00e5 er endret fra \u00abDemenskor\u00bb til \u00abSeniorkor tilrettelagt for mennesker med demens\u00bb.<\/p>\n<p>\u2013 Dette gj\u00f8r at for eksempel begge ektefeller kan delta i koret. Det gir en felles opplevelse og styrker koret b\u00e5de musikalsk og praktisk, sier hun.<\/p>\n<p>\u00c5 delta i koret er ukens h\u00f8ydepunkt for mange, if\u00f8lge dirigenten og musikkterapeuten.<\/p>\n<p>\u2013 Det gir dagene innhold og mening. Det er flott \u00e5 v\u00e6re med i en gruppe der alle er akseptert og bra nok slik de er. Ut av isolasjon og inn i et sterkt fellesskap som gir opplevelse av tilh\u00f8righet, sier Aasmoe.<\/p>\n<p>  <a href=\"https:\/\/www.ringsaker-blad.no\/5-79-718340\" class=\"related-teaser has-image default-story-teaser article--c-eRUmMG article--c-eRUmMG-jKCPdD-design-default\" rel=\"nofollow noopener\" target=\"_blank\"><\/p>\n<p>    <img decoding=\"async\" loading=\"lazy\"  src=\"https:\/\/www.europesays.com\/no\/wp-content\/uploads\/2025\/12\/DSC_2124_1.jpg\" alt=\"\" class=\"brick-c-cFOWSL\" style=\"\"\/><\/p>\n<p>\n            Les ogs\u00e5<\/p>\n<p>              Denne gjengen ligger ikke p\u00e5 latsiden: \u2013 Vi er s\u00e5 etterspurt at vi snart m\u00e5 begynne \u00e5 si nei\n        <\/p>\n<p>  <\/a><\/p>\n<p>Hun legger til at forskning viser at musikk har stor positiv innvirkning p\u00e5 personer med demens:<\/p>\n<ul>\n<li>Musikk med eldre er samhandling som gir mestringsopplevelser og bidrar til glede og \u00f8kt livskvalitet.<\/li>\n<li>Musikk og sang stimulerer spr\u00e5ksenteret i hjernen.<\/li>\n<li>Musikk bringer fram minner og skaper rom for \u00e5 uttrykke f\u00f8lelser.<\/li>\n<li>Musikk og sang er milj\u00f8skapende, meningsfullt og gir en opplevelse av tilh\u00f8righet og fellesskap.<\/li>\n<\/ul>\n<p>Tanker om demens<\/p>\n<p>Demens er en samlebetegnelse for ulike hjernesykdommer som f\u00f8rer til en gradvis forverring av kognitive funksjoner som hukommelse, spr\u00e5k og planlegging, og som p\u00e5virker evnen til \u00e5 fungere i hverdagen.<\/p>\n<p>   <img decoding=\"async\" width=\"5472\" height=\"3648\" fetchpriority=\"low\"  loading=\"lazy\"  src=\"https:\/\/www.europesays.com\/no\/wp-content\/uploads\/2025\/12\/Kor7.jpg\" alt=\"\" class=\"brick-c-cFOWSL\" style=\"--brick-image-ratio: 5472 \/ 3648;\"\/><\/p>\n<p>      Kari Aasmoe er dirigent for Seniorkoret \u00abSolskinn og sang\u00bb.<br \/>\n      Foto: Stian Bye H\u00f8gsveen\n    <\/p>\n<p>\u2013 \u00c5 oppleve \u00e5 miste spr\u00e5k, stedsans eller hukommelse generelt er en sterk og tung opplevelse, b\u00e5de for koristen og for de p\u00e5r\u00f8rende. I et kor tilrettelagt for mennesker med demens er det trygt \u00e5 vite at flere har samme sykdom som deg selv. Alle i koret blir akseptert betingelsesl\u00f8st. Ingen trenger \u00e5 grue seg \u2013 man kan bare v\u00e6re sammen, gjennom musikken som koristene selv er med p\u00e5 \u00e5 velge, uttaler Aasmoe og fortsetter:<\/p>\n<p>\u2013 Koret er en arena der man kan fryde seg over vakker korklang og et sterkt fellesskap, og oppleve mestringsf\u00f8lelsen denne aktiviteten gir. Hjertet fylles, og livsgleden er stor.<\/p>\n<p>  <a href=\"https:\/\/www.ringsaker-blad.no\/5-79-920818\" class=\"related-teaser has-image default-story-teaser article--c-eRUmMG article--c-eRUmMG-jKCPdD-design-default\" rel=\"nofollow noopener\" target=\"_blank\"><\/p>\n<p>    <img decoding=\"async\" loading=\"lazy\"  src=\"https:\/\/www.europesays.com\/no\/wp-content\/uploads\/2025\/12\/TO-DEMENS+1.jpg\" alt=\"\" class=\"brick-c-cFOWSL\" style=\"\"\/><\/p>\n<p>\n            Les ogs\u00e5<\/p>\n<p>              Sl\u00e5r demensalarm i Innlandet: \u2013 Vi m\u00e5 tenke helt nytt\n        <\/p>\n<p>  <\/a><\/p>\n","protected":false},"excerpt":{"rendered":"Demenskoret i Ringsaker ble etablert av Ringsaker kulturskole i april 2023. I tett samarbeid med Demensforeningen i kommunen&hellip;\n","protected":false},"author":2,"featured_media":103651,"comment_status":"","ping_status":"","sticky":false,"template":"","format":"standard","meta":{"footnotes":""},"categories":[58],"tags":[36,3759,71,736,410,30,28,29,1510,72],"class_list":{"0":"post-103650","1":"post","2":"type-post","3":"status-publish","4":"format-standard","5":"has-post-thumbnail","7":"category-underholdning","8":"tag-art","9":"tag-brumunddal","10":"tag-entertainment","11":"tag-helse","12":"tag-kultur","13":"tag-no","14":"tag-norge","15":"tag-norway","16":"tag-story","17":"tag-underholdning"},"share_on_mastodon":{"url":"https:\/\/pubeurope.com\/@no\/115658969998264105","error":""},"_links":{"self":[{"href":"https:\/\/www.europesays.com\/no\/wp-json\/wp\/v2\/posts\/103650","targetHints":{"allow":["GET"]}}],"collection":[{"href":"https:\/\/www.europesays.com\/no\/wp-json\/wp\/v2\/posts"}],"about":[{"href":"https:\/\/www.europesays.com\/no\/wp-json\/wp\/v2\/types\/post"}],"author":[{"embeddable":true,"href":"https:\/\/www.europesays.com\/no\/wp-json\/wp\/v2\/users\/2"}],"replies":[{"embeddable":true,"href":"https:\/\/www.europesays.com\/no\/wp-json\/wp\/v2\/comments?post=103650"}],"version-history":[{"count":0,"href":"https:\/\/www.europesays.com\/no\/wp-json\/wp\/v2\/posts\/103650\/revisions"}],"wp:featuredmedia":[{"embeddable":true,"href":"https:\/\/www.europesays.com\/no\/wp-json\/wp\/v2\/media\/103651"}],"wp:attachment":[{"href":"https:\/\/www.europesays.com\/no\/wp-json\/wp\/v2\/media?parent=103650"}],"wp:term":[{"taxonomy":"category","embeddable":true,"href":"https:\/\/www.europesays.com\/no\/wp-json\/wp\/v2\/categories?post=103650"},{"taxonomy":"post_tag","embeddable":true,"href":"https:\/\/www.europesays.com\/no\/wp-json\/wp\/v2\/tags?post=103650"}],"curies":[{"name":"wp","href":"https:\/\/api.w.org\/{rel}","templated":true}]}}