{"id":103652,"date":"2025-12-04T02:38:21","date_gmt":"2025-12-04T02:38:21","guid":{"rendered":"https:\/\/www.europesays.com\/no\/103652\/"},"modified":"2025-12-04T02:38:21","modified_gmt":"2025-12-04T02:38:21","slug":"prins-andrew-mister-kompensasjon-for-royal-lodge-utkastelse","status":"publish","type":"post","link":"https:\/\/www.europesays.com\/no\/103652\/","title":{"rendered":"Prins Andrew mister kompensasjon for Royal Lodge-utkastelse"},"content":{"rendered":"<p class=\"kicker \" style=\"\">Andrew Mountbatten-Windsor:<\/p>\n<p>  F\u00f8rst ble han \u00abkastet ut\u00bb hjemmefra. N\u00e5 ryker trolig ogs\u00e5 et millionbel\u00f8p for den skandalerammede eks-prinsen.<\/p>\n<p>\n    M\u00c5 FLYTTE: Andrew Mountbatten-Windsor f\u00e5r ikke lenger bo i Royal Lodge. Foto: Jordan Pettitt \/ POOL \/ AFP\n  <\/p>\n<p>Tidligere prins og hertug av York, Andrew Mountbatten-Windsor (65), har siden 2003 bodd i Royal Lodge.<\/p>\n<p>Herskapseiendommen ved Windsor utenfor London, som ligger for seg selv tett omslynget av skog og mark, har trolig v\u00e6rt et passende \u00abgjemmested\u00bb for den skandalerammede broren til kong Charles (76).<\/p>\n<p class=\"font-weight-bold m-font-weight-bold\" data-lab-font_weight=\"font-weight-bold\">I h\u00f8st ble han beordret til \u00e5 flytte av kongen.<\/p>\n<p>    <a itemprop=\"url\" href=\"https:\/\/www.dagbladet.no\/kjendis\/bor-sta-fram\/83889281\" rel=\"nofollow noopener\" target=\"_blank\"><\/p>\n<p>      <img loading=\"lazy\" decoding=\"async\" src=\"https:\/\/www.europesays.com\/no\/wp-content\/uploads\/2025\/12\/83889357.webp\" width=\"980\" height=\"441\" title=\"- B\u00f8r st\u00e5 fram\" alt=\"\" class=\"lazyload\" style=\"--aspect-ratio-image: 2.22; \"\/><\/p>\n<p>        &#8211; B\u00f8r st\u00e5 fram<\/p>\n<p>    <\/a><\/p>\n<p>Som en del av leieavtalen kunne han hatt rett p\u00e5 en betydelig sum, skriver <a href=\"https:\/\/www.bbc.com\/news\/articles\/c75vdxd517eo\" rel=\"nofollow noopener\" target=\"_blank\">BBC<\/a>.<\/p>\n<p>Men n\u00e5 kommer det fram at han trolig vil bli nektet kompensasjon for at avtalen ble brutt f\u00f8r tida. Det kommer fram i informasjon publisert av\u00a0Public Accounts Committee (PAC).<\/p>\n<p class=\"font-weight-bold m-font-weight-bold\" data-lab-font_weight=\"font-weight-bold\">Grunnen skal v\u00e6re eiendommens tilstand.<\/p>\n<p>          <img loading=\"lazy\" decoding=\"async\" src=\"https:\/\/www.europesays.com\/no\/wp-content\/uploads\/2025\/12\/83791717.webp\" width=\"980\" height=\"667\" title=\"SV\u00c6RT: Den tidligere luksusk\u00e5ken til Andrew er ikke sm\u00e5tterier, og skal inneholde mer enn 30 rom. Foto: Stringer \/ Reuters \/ NTB\" alt=\"\" class=\"\" style=\"--aspect-ratio-image: 1.47; \"\/><\/p>\n<p>\n          SV\u00c6RT: Den tidligere luksusk\u00e5ken til Andrew er ikke sm\u00e5tterier, og skal inneholde mer enn 30 rom. Foto: Stringer \/ Reuters \/ NTB\n      <\/p>\n<p>\u00abForfall og forringelse\u00bb\t<\/p>\n<p>En rapport fra The Crown Estate sl\u00e5r fast at eiendommen er s\u00e5 forfallen og i behov for reparasjoner, at Andrew med stor sannsynlighet ikke vil ha krav p\u00e5 noen kompensasjon.\u00a0<\/p>\n<p>\u00abMed stor sannsynlighet vil Andrew Mountbatten-Windsor ikke ha krav p\u00e5 noen kompensasjon for tidlig oppsigelse av leiekontrakten, n\u00e5r forfall og forringelse av eiendommen tas i betraktning\u00bb.<\/p>\n<p>Det viser en innledende vurderning gjort av The Crown Estate.<\/p>\n<p>Det opplyses likevel om at\u00a0Andrew ville mottatt 488 342,21 pund, som tilsvarer 6,5 millioner norske kroner, dersom det 30-roms herskapshuset ikke krever noen reparasjoner eller utbedringer.<\/p>\n<p>Det vurderes likevel som at\u00a0\u00abingen kompensasjon n\u00f8dvendigvis vil v\u00e6re aktuell\u00bb.\u00a0<\/p>\n<p>If\u00f8lge\u00a0<a href=\"https:\/\/edition.cnn.com\/2025\/12\/02\/world\/andrew-mountbatten-windsor-royal-lodge-intl\" rel=\"nofollow noopener\" target=\"_blank\">CNN<\/a>, som ogs\u00e5 omtaler saken, var det nemlig forventet at Andrew skulle betale for eventuelle oppussingsarbeider og vedlikehold p\u00e5 omr\u00e5det.\u00a0<\/p>\n<p>          <img loading=\"lazy\" decoding=\"async\" src=\"https:\/\/www.europesays.com\/no\/wp-content\/uploads\/2025\/12\/83933370.webp\" width=\"686\" height=\"508\" title=\"BR\u00d8DRE: I oktober beordret kong Charles sin bror til \u00e5 flytte fra eiendommen i Windsor Great Park. Foto: Adrian Dennis \/ AFP\" alt=\"\" class=\"\" style=\"--aspect-ratio-image: 1.35; \"\/><\/p>\n<p>\n          BR\u00d8DRE: I oktober beordret kong Charles sin bror til \u00e5 flytte fra eiendommen i Windsor Great Park. Foto: Adrian Dennis \/ AFP\n      <\/p>\n<p>Skulle betale \u00ablommerusk\u00bb\t<\/p>\n<p>En kopi av leieavtalen prins\u00a0Andrew inngikk for eiendommen i Windsor, viser at han betalte 1 million pund for en 75 \u00e5r lang avtale i 2003.<\/p>\n<p>Etter \u00e5 ha betalt den summen, var avtalen at han skulle betale \u00ablommerusk\u00bb i leie dersom han ble bedt om det, hvert \u00e5r.<\/p>\n<p>Eiendommen har blant annet et sv\u00f8mmebasseng, flere hytter, en gartnerbolig og egen innkvartering for politiet som beskytter de kongelige.\u00a0<\/p>\n<p>          <img loading=\"lazy\" decoding=\"async\" src=\"https:\/\/www.europesays.com\/no\/wp-content\/uploads\/2025\/12\/83935985.webp\" width=\"980\" height=\"559\" title=\"ROYAL LODGE: Dronebildet viser inngangen til Royal Lodge, hvor Andrew har bodd i \u00e5revis. Foto: REUTERS\/Stringer \/ NTB\" alt=\"\" class=\"\" style=\"--aspect-ratio-image: 1.75; \"\/><\/p>\n<p>\n          ROYAL LODGE: Dronebildet viser inngangen til Royal Lodge, hvor Andrew har bodd i \u00e5revis. Foto: REUTERS\/Stringer \/ NTB\n      <\/p>\n<p>Etter juleferien flytter den tidligere prinsen til en bolig p\u00e5 Sandringham-eiendommen, rundt 160 kilometer nord for London. Denne boligen kommer til \u00e5 bli privat finansiert av kong Charles.<\/p>\n<p>    <a itemprop=\"url\" href=\"https:\/\/www.dagbladet.no\/kjendis\/han-gjemmer-seg\/83866221\" rel=\"nofollow noopener\" target=\"_blank\"><\/p>\n<p>      <img loading=\"lazy\" decoding=\"async\" src=\"https:\/\/www.europesays.com\/no\/wp-content\/uploads\/2025\/12\/83866229.webp\" width=\"980\" height=\"441\" title=\"- Han gjemmer seg\" alt=\"\" class=\"lazyload\" style=\"--aspect-ratio-image: 2.22; \"\/><\/p>\n<p>        &#8211; Han gjemmer seg<\/p>\n<p>    <\/a><\/p>\n<p>Mistet tittelen\t<\/p>\n<p>Det var i oktober nyheten kom om at prins Andrew <a href=\"https:\/\/www.dagbladet.no\/kjendis\/mister-prinsetittelen\/83791527\" rel=\"nofollow noopener\" target=\"_blank\">mister prinsetittelen<\/a> sin og blir kastet ut av Royal Lodge, hvor han har bodd i over 20 \u00e5r.<\/p>\n<p>&#8211; Prins Andrew vil n\u00e5 bli kjent som Andrew Mountbatten-Windsor, skrev Buckingham Palace, if\u00f8lge\u00a0<a href=\"https:\/\/www.bbc.com\/news\/live\/cnveqgj957dt\" rel=\"nofollow noopener\" target=\"_blank\">BBC<\/a>.<\/p>\n<p>    Uttalelsen fra Buckingham Palace<\/p>\n<p class=\"italic m-italic\" data-lab-italic=\"italic\">Hans Majestet har iverksatt en formell prosess for \u00e5 fjerne stil, titler og \u00e6resbevisninger fra prins Andrew. Prins Andrew vil heretter v\u00e6re kjent som Andrew Mountbatten-Windsor.<\/p>\n<p class=\"italic m-italic\" data-lab-italic=\"italic\">Hans leieavtale p\u00e5 Royal Lodge har til n\u00e5 gitt ham juridisk beskyttelse til \u00e5 fortsette \u00e5 bo der. Formell varsel er n\u00e5 gitt om \u00e5 overgi leieforholdet, og han vil flytte til alternativ privat innkvartering.<\/p>\n<p class=\"italic m-italic\" data-lab-italic=\"italic\">Disse sanksjonene anses som n\u00f8dvendige, til tross for at han fortsatt benekter anklagene mot ham.<\/p>\n<p class=\"italic m-italic\" data-lab-italic=\"italic\">Deres Majesteter \u00f8nsker \u00e5 gj\u00f8re det klart at deres tanker og dypeste medf\u00f8lelse har v\u00e6rt, og fortsatt vil v\u00e6re, hos ofrene og overlevende etter enhver form for overgrep.<\/p>\n<p>      Vis mer<br \/>\n      Vis mindre<\/p>\n<p>Alt dette er direkte tilknyttet skandalen rundt Andrews vennskap med den d\u00f8mte seksualforbryteren Jeffrey Epstein.<\/p>\n<p>Jeffrey Epstein ble i 2019 siktet for menneskehandel, der flere av ofrene var mindre\u00e5rige jenter. Samme \u00e5r d\u00f8de han i fengsel, 66 \u00e5r gammel. Mange sp\u00f8rsm\u00e5l forblir derfor ubesvart.<\/p>\n<p>    <a itemprop=\"url\" href=\"https:\/\/www.dagbladet.no\/kjendis\/perfekt-for-jeffrey-epstein\/83870802\" rel=\"nofollow noopener\" target=\"_blank\"><\/p>\n<p>      <img loading=\"lazy\" decoding=\"async\" src=\"https:\/\/www.europesays.com\/no\/wp-content\/uploads\/2025\/12\/83867436.webp\" width=\"980\" height=\"441\" title=\"- Perfekt for Jeffrey Epstein\" alt=\"\" class=\"lazyload\" style=\"--aspect-ratio-image: 2.22; \"\/><\/p>\n<p>        &#8211; Perfekt for Jeffrey Epstein<\/p>\n<p>    <\/a><\/p>\n<p class=\"font-weight-bold m-font-weight-bold\" data-lab-font_weight=\"font-weight-bold\">En av de mest omtalte sakene omhandler prins Andrew.\u00a0<\/p>\n<p>If\u00f8lge et rettsdokument fra desember 2014 fortalte Virginia Giuffre at hun ble sendt av Epstein til den britiske prinsen tre ganger mens hun var 17 \u00e5r gammel.\u00a0<\/p>\n<p>I 2018 saks\u00f8kte hun Andrew og anklaget ham for seksuelle overgrep, noe han benektet. Giuffre inngikk senere forlik med prins Andrew.<\/p>\n<p>    <a itemprop=\"url\" href=\"https:\/\/www.dagbladet.no\/kjendis\/favorittbarnet-ble-beskyttet\/83858552\" rel=\"nofollow noopener\" target=\"_blank\"><\/p>\n<p>      <img loading=\"lazy\" decoding=\"async\" src=\"https:\/\/www.europesays.com\/no\/wp-content\/uploads\/2025\/12\/83858844.webp\" width=\"980\" height=\"441\" title=\"- Favorittbarnet ble beskyttet\" alt=\"\" class=\"lazyload\" style=\"--aspect-ratio-image: 2.22; \"\/><\/p>\n<p>        &#8211; Favorittbarnet ble beskyttet<\/p>\n<p>    <\/a><\/p>\n<p>For tida etterforskes ogs\u00e5 flere p\u00e5stander om prins Andrew av politiet, etter at flere medier har rapportert at han\u00a0skal ha bedt politibeskyttelsen sin om \u00e5\u00a0skaffe personlig informasjon om Virginia Giuffre tilbake i 2011.\u00a0<\/p>\n<p>Giuffre, som var Epsteins mest kjente offer, tok sitt eget liv i april i \u00e5r. <a href=\"https:\/\/www.dagbladet.no\/kjendis\/ville-se-at-jeg-fryktet-for-livet\/83750326\" rel=\"nofollow noopener\" target=\"_blank\">Et halvt \u00e5r senere ble boka hennes utgitt. <\/a>Der kom hun med sterke p\u00e5stander, blant annet om den tidligere prinsen.<\/p>\n","protected":false},"excerpt":{"rendered":"Andrew Mountbatten-Windsor: F\u00f8rst ble han \u00abkastet ut\u00bb hjemmefra. N\u00e5 ryker trolig ogs\u00e5 et millionbel\u00f8p for den skandalerammede eks-prinsen.&hellip;\n","protected":false},"author":2,"featured_media":103653,"comment_status":"","ping_status":"","sticky":false,"template":"","format":"standard","meta":{"footnotes":""},"categories":[12],"tags":[10361,20,21,11529,24,25,15,1649,479,22,23,13,30,28,29,14,16,26,27,42,43,44,45],"class_list":{"0":"post-103652","1":"post","2":"type-post","3":"status-publish","4":"format-standard","5":"has-post-thumbnail","7":"category-verden","8":"tag-andrew-mountbatten-windsor","9":"tag-breaking-news","10":"tag-breakingnews","11":"tag-britiske-kongefamilien","12":"tag-featured-news","13":"tag-featurednews","14":"tag-headlines","15":"tag-jeffrey-epstein","16":"tag-kjendis","17":"tag-latest-news","18":"tag-latestnews","19":"tag-news","20":"tag-no","21":"tag-norge","22":"tag-norway","23":"tag-nyheter","24":"tag-overskrifter","25":"tag-top-stories","26":"tag-topstories","27":"tag-verden","28":"tag-world","29":"tag-world-news","30":"tag-worldnews"},"share_on_mastodon":{"url":"https:\/\/pubeurope.com\/@no\/115658981758927925","error":""},"_links":{"self":[{"href":"https:\/\/www.europesays.com\/no\/wp-json\/wp\/v2\/posts\/103652","targetHints":{"allow":["GET"]}}],"collection":[{"href":"https:\/\/www.europesays.com\/no\/wp-json\/wp\/v2\/posts"}],"about":[{"href":"https:\/\/www.europesays.com\/no\/wp-json\/wp\/v2\/types\/post"}],"author":[{"embeddable":true,"href":"https:\/\/www.europesays.com\/no\/wp-json\/wp\/v2\/users\/2"}],"replies":[{"embeddable":true,"href":"https:\/\/www.europesays.com\/no\/wp-json\/wp\/v2\/comments?post=103652"}],"version-history":[{"count":0,"href":"https:\/\/www.europesays.com\/no\/wp-json\/wp\/v2\/posts\/103652\/revisions"}],"wp:featuredmedia":[{"embeddable":true,"href":"https:\/\/www.europesays.com\/no\/wp-json\/wp\/v2\/media\/103653"}],"wp:attachment":[{"href":"https:\/\/www.europesays.com\/no\/wp-json\/wp\/v2\/media?parent=103652"}],"wp:term":[{"taxonomy":"category","embeddable":true,"href":"https:\/\/www.europesays.com\/no\/wp-json\/wp\/v2\/categories?post=103652"},{"taxonomy":"post_tag","embeddable":true,"href":"https:\/\/www.europesays.com\/no\/wp-json\/wp\/v2\/tags?post=103652"}],"curies":[{"name":"wp","href":"https:\/\/api.w.org\/{rel}","templated":true}]}}