{"id":103666,"date":"2025-12-04T04:24:11","date_gmt":"2025-12-04T04:24:11","guid":{"rendered":"https:\/\/www.europesays.com\/no\/103666\/"},"modified":"2025-12-04T04:24:11","modified_gmt":"2025-12-04T04:24:11","slug":"mat-mcdonalds-prisforskjell-hoyere-mcdonalds-pris-pa-romerike-enn-i-oslo-helt-sykt","status":"publish","type":"post","link":"https:\/\/www.europesays.com\/no\/103666\/","title":{"rendered":"Mat, McDonalds | Prisforskjell: H\u00f8yere McDonalds-pris p\u00e5 Romerike enn i Oslo: \u2013 Helt sykt"},"content":{"rendered":"\n<p>(<a href=\"https:\/\/www.rb.no\/hoyere-mcdonalds-pris-pa-romerike-det-er-helt-sykt\/s\/5-43-2624246\" rel=\"Follow nofollow noopener\" target=\"_blank\">Romerikes Blad<\/a>): Mange tror McDonald\u2019s har like priser overalt. Men i kjedens egen app ligger prisene \u00e5pent \u2013 og viser store forskjeller mellom restaurantene.<\/p>\n<p>En Big Mac koster 77 kroner p\u00e5 Alnabru i Oslo, men 90 kroner p\u00e5 flere steder p\u00e5 Romerike.<\/p>\n<p>Utenfor McDonald\u2019s Lillestr\u00f8m m\u00f8ter RB to 16-\u00e5ringer som blir overrasket n\u00e5r de h\u00f8rer om forskjellene.<\/p>\n<p>\u2013 Nei, det visste vi ikke, sier Nithurshan Pulendran.<\/p>\n<p>\u2013 Det er ganske utrolig, sier kompisen Bror Herman Gr\u00f8tter.<\/p>\n<p><b>Les ogs\u00e5: <a class=\"simple-relation related-teaser article--c-eRUmMG article--c-eRUmMG-fZoQSp-design-nettavisen article--c-eRUmMG-gwthdJ-cv\" href=\"https:\/\/www.nettavisen.no\/har-spist-kun-pa-mcdonalds-i-80-dager-kiloene-renner-av\/s\/5-95-2681066\" rel=\"nofollow noopener\" target=\"_blank\">Har spist kun p\u00e5 McDonalds i 80 dager \u2013 kiloene renner av<\/a><\/b><\/p>\n<p>   <img decoding=\"async\" width=\"5712\" height=\"4284\" fetchpriority=\"low\"  loading=\"lazy\"  src=\"https:\/\/www.europesays.com\/no\/wp-content\/uploads\/2025\/12\/Burgerduellen.bin\" alt=\"\" class=\"brick-c-cFOWSL\" style=\"--brick-image-ratio: 5712 \/ 4284;\"\/><\/p>\n<p>      FORSKJELL I PRIS: En liten Big Mac-meny koster 131 kroner i Lillestr\u00f8m, mens p\u00e5 Alnabru koster det 113 kroner.<br \/>\n      Foto: Nio Amini\n    <\/p>\n<p>Begge trodde McDonalds hadde faste priser nasjonalt. Og n\u00e5r de f\u00e5r h\u00f8re at forskjellen p\u00e5 en Big Mac er 13 kroner, blir stemningen mer irritert.<\/p>\n<p><b>\u2013 Det er helt sykt, de raner oss. De 13 kronene kan du bruke p\u00e5 s\u00e5 mye annet, sier Pulendran.<\/b><\/p>\n<p>\u2013 Da kunne jeg nesten kj\u00f8pt en drikke ved siden, kommenterer Gr\u00f8tter.<\/p>\n<p><b>Les ogs\u00e5: <\/p>\n<p>    Vil du se neste video?<\/p>\n<p>    <a href=\"https:\/\/www.nettavisen.no\/fredrik-solvang\/jonas-gahr-store\/debatten\/fredrik-solvang-himler-av-jonas-gahr-store-men-i-alle\/v\/5-95-2751917\" class=\"recommend-poster\" data-adp-clicklabel=\"video-recommend\" data-adp-clickvalue=\"poster\" rel=\"nofollow noopener\" target=\"_blank\"><br \/>\n      <img decoding=\"async\" width=\"200\" height=\"200\" loading=\"lazy\" src=\"https:\/\/www.europesays.com\/no\/wp-content\/uploads\/2025\/11\/Solvang+bredde.jpg\" alt=\"\" class=\"brick-c-cFOWSL\" style=\"--brick-image-ratio: 200 \/ 200;\"\/><\/p>\n<p>Himler av St\u00f8re: \u2013 Men i alle\u20261:06<\/p>\n<p>    <\/a><\/p>\n<p>        Vi har v\u00e6rt p\u00e5 McDonald\u00b4s i Klingenberggata og sjekket prisene&#8230;<br \/>\n        <\/b><\/p>\n<p>Et unntak er McDonalds Gardermoen. Restauranten er eid av kjeden selv, ikke av en franchisetaker, og har derfor samme prisniv\u00e5 som Alnabru.<\/p>\n<p>Det skal ogs\u00e5 nevnes at det er forskjellige priser blant restaurantene i hovedstaden, det er blant annet dyrere p\u00e5 Oslo vest.<\/p>\n<p>Sjekk McDonald&#8217;s-prisene for Romerike og flere byer nederst i artikkelen.<\/p>\n<p><a class=\"simple-relation related-teaser article--c-eRUmMG article--c-eRUmMG-fZoQSp-design-nettavisen article--c-eRUmMG-gwthdJ-cv\" href=\"https:\/\/www.nettavisen.no\/ulike-mcdonald-s-priser-vekker-oppsikt-oi-det-var-jo-en-del-i-forskjell\/s\/5-43-1949729\" rel=\"nofollow noopener\" target=\"_blank\">Ulike McDonald&#8217;s-priser vekker oppsikt: \u2013 Oi, det var jo en del i forskjell!<\/a><\/p>\n<p>\u2013 Prisforskjellene svekker merkevaren<\/p>\n<p>Alexander Schj\u00f8ll ved OsloMet forsker p\u00e5 mat, priser og forbrukeratferd. Han mener prisforskjellene virker ulogiske for forbrukerne.<\/p>\n<p><b>\u2013 Husleien er jo mye h\u00f8yere i Oslo, noe som isolert sett skal tale for h\u00f8yere priser. Imidlertid er konkurransen mye t\u00f8ffere i Oslo med mange steder som selger hamburgere og mange restauranter som selger annen hurtigmat. Det vil presse prisen ned.<\/b><\/p>\n<p>Schj\u00f8ll reagerer ogs\u00e5 p\u00e5 at McDonalds markedsf\u00f8rer faste priser, samtidig som prisene varierer i appen.<\/p>\n<p>\u2013 Jeg synes det er problematisk. Jeg s\u00e5 i dag en utend\u00f8rsreklame der et produkt ble reklamert til en spesifikk pris. Det sto med sv\u00e6rt liten skrift at denne prisen kan variere. Folk som har sett en reklame forventer \u00e5 betale det reklamen sier. Imidlertid er det ikke noe ulovlig i dette.<\/p>\n<p>Han mener prisbevisste kunder kan f\u00f8le seg lurt.<\/p>\n<p>\u2013 Dette oppleves som feil av forbrukerne fordi prisen er noe annet enn hva man er forespeilet. Det vil f\u00f8rst og fremst skade McDonalds selv siden kundene blir misforn\u00f8yde, noe som skader merkevaren.<\/p>\n<p>   <img decoding=\"async\" width=\"5776\" height=\"3249\" fetchpriority=\"low\"  loading=\"lazy\"  src=\"https:\/\/www.europesays.com\/no\/wp-content\/uploads\/2025\/12\/Frank+Wilhelmsen.bin\" alt=\"\" class=\"brick-c-cFOWSL\" style=\"--brick-image-ratio: 5776 \/ 3249;\"\/><\/p>\n<p>      DYRT: Hos de seks McDonalds-restaurantene til franchisetaker, Frank Wilhelmsen, er det noen f\u00e5 ting som er rimeligere enn restauranten p\u00e5 Alnabru, som for eksempel pommes frites.<br \/>\n      Foto: Fouad Acharki\n    <\/p>\n<p>Franchisetakere bestemmer prisene<\/p>\n<p>Franchisetaker p\u00e5 Romerike, Frank Wilhelmsen, som driver seks McDonalds-restauranter bekrefter at prisene varierer. I restaurantene hans er det aller meste dyrere enn restauranten p\u00e5 Alnabru i Oslo.<\/p>\n<p><b>Men hvorfor han har valgt en dyrere prismodell vil han ikke svare direkte p\u00e5.<\/b><\/p>\n<p>Han skriver dette i en e-post til RB:<\/p>\n<p>\u2013 Dette med prissetting gj\u00f8res av hver enkelt franchisetaker. Prisniv\u00e5et vil derfor variere mellom restaurantene basert p\u00e5 lokale kostnadsforhold og markedsmessige vurderinger. Jeg kan dessverre ikke dele noe rundt kostnader og prisstrategi da dette er konkurransesensitiv informasjon.<\/p>\n<p>Og n\u00e5r RB p\u00e5peker at prisene er offentlige i McDonalds-appen og at restauranten p\u00e5 Gardermoen har lavere priser enn han, svarer Wilhelmsen slik:<\/p>\n<p>\u2013 Vi (McDonalds) har 93 restauranter i Norge. Restaurantene har forskjellige eiere og hver eier m\u00e5 sette priser ut ifra sine lokale kostnadsforhold og markedsmessige vurderinger.<\/p>\n<p>Gigantkjeden svarer ikke<\/p>\n<p>McDonalds Norge \u00f8nsker ikke \u00e5 svare p\u00e5 hvorfor prisene er forskjellige mellom restaurantene p\u00e5 Romerike og i Oslo \u2013 til tross for at prisene er offentlig tilgjengelige i appen.<\/p>\n<p>Men kommunikasjonsr\u00e5dgiver J\u00f8rgen Talhaug, skriver dette i en e-post:<\/p>\n<p>\u2013 Vi \u00f8nsker ikke \u00e5 kommentere p\u00e5 prissetting i v\u00e5re restauranter. For McDonalds i Norge gj\u00f8res prissetting lokalt, og ikke sentralt.<\/p>\n","protected":false},"excerpt":{"rendered":"(Romerikes Blad): Mange tror McDonald\u2019s har like priser overalt. Men i kjedens egen app ligger prisene \u00e5pent \u2013&hellip;\n","protected":false},"author":2,"featured_media":103667,"comment_status":"","ping_status":"","sticky":false,"template":"","format":"standard","meta":{"footnotes":""},"categories":[56],"tags":[60,61,62,30,28,29],"class_list":{"0":"post-103666","1":"post","2":"type-post","3":"status-publish","4":"format-standard","5":"has-post-thumbnail","7":"category-naeringsliv","8":"tag-business","9":"tag-economy","10":"tag-naeringsliv","11":"tag-no","12":"tag-norge","13":"tag-norway"},"share_on_mastodon":{"url":"https:\/\/pubeurope.com\/@no\/115659398564034474","error":""},"_links":{"self":[{"href":"https:\/\/www.europesays.com\/no\/wp-json\/wp\/v2\/posts\/103666","targetHints":{"allow":["GET"]}}],"collection":[{"href":"https:\/\/www.europesays.com\/no\/wp-json\/wp\/v2\/posts"}],"about":[{"href":"https:\/\/www.europesays.com\/no\/wp-json\/wp\/v2\/types\/post"}],"author":[{"embeddable":true,"href":"https:\/\/www.europesays.com\/no\/wp-json\/wp\/v2\/users\/2"}],"replies":[{"embeddable":true,"href":"https:\/\/www.europesays.com\/no\/wp-json\/wp\/v2\/comments?post=103666"}],"version-history":[{"count":0,"href":"https:\/\/www.europesays.com\/no\/wp-json\/wp\/v2\/posts\/103666\/revisions"}],"wp:featuredmedia":[{"embeddable":true,"href":"https:\/\/www.europesays.com\/no\/wp-json\/wp\/v2\/media\/103667"}],"wp:attachment":[{"href":"https:\/\/www.europesays.com\/no\/wp-json\/wp\/v2\/media?parent=103666"}],"wp:term":[{"taxonomy":"category","embeddable":true,"href":"https:\/\/www.europesays.com\/no\/wp-json\/wp\/v2\/categories?post=103666"},{"taxonomy":"post_tag","embeddable":true,"href":"https:\/\/www.europesays.com\/no\/wp-json\/wp\/v2\/tags?post=103666"}],"curies":[{"name":"wp","href":"https:\/\/api.w.org\/{rel}","templated":true}]}}