{"id":103668,"date":"2025-12-04T04:28:35","date_gmt":"2025-12-04T04:28:35","guid":{"rendered":"https:\/\/www.europesays.com\/no\/103668\/"},"modified":"2025-12-04T04:28:35","modified_gmt":"2025-12-04T04:28:35","slug":"fra-suksess-til-okonomisk-knekk","status":"publish","type":"post","link":"https:\/\/www.europesays.com\/no\/103668\/","title":{"rendered":"Fra suksess til \u00f8konomisk knekk"},"content":{"rendered":"<p class=\"kicker text-red color_mobile_text-red\" style=\"\">Skattelistene 2024:<\/p>\n<p>  Friidrettstrenerens inntekt ble halvert p\u00e5 ett \u00e5r. Konas inntekt har ogs\u00e5 stupt fra 2023 til 2024.\u00a0<\/p>\n<p>\n    SKATTELISTENE: Fjor\u00e5rets skattelister viser at inntekten til Gjert Ingebrigtsen er halvert fra 2023 til 2024. Foto: Paul S. Amundsen \/ NTB\n  <\/p>\n<p>Det har v\u00e6rt et h\u00f8yt medietrykk rundt Ingebrigtsen-familien det siste \u00e5ret.\u00a0<\/p>\n<p>Gjert Ingebrigtsen ble kjent som friidrettstrener og far til friidrettsstjernene Henrik, Filip og Jakob Ingebrigtsen.\u00a0<\/p>\n<p>En familiekonflikt i 2022 og p\u00e5f\u00f8lgende tiltale om vold i n\u00e6re relasjoner, f\u00f8rte til at han sluttet som trener for s\u00f8nnene.\u00a0<\/p>\n<p>    <a itemprop=\"url\" href=\"https:\/\/sol.no\/nyheter\/domt-til-15-dagers-betinget-fengsel\/83224675\" rel=\"nofollow noopener\" target=\"_blank\"><\/p>\n<p>      <img loading=\"lazy\" decoding=\"async\" src=\"https:\/\/www.europesays.com\/no\/wp-content\/uploads\/2025\/12\/83224680.webp\" width=\"980\" height=\"441\" title=\"D\u00f8mt til 15 dagers betinget fengsel\" alt=\"\" class=\"lazyload\" style=\"--aspect-ratio-image: 2.22; \"\/><\/p>\n<p>        D\u00f8mt til 15 dagers betinget fengsel<\/p>\n<p>sol.no<\/p>\n<p>    <\/a><\/p>\n<p>I juni ble friidrettstreneren ble d\u00f8mt til 15 dagers betinget fengsel for kroppskrenkelse mot datteren etter \u00e5 ha sl\u00e5tt henne i ansiktet med et v\u00e5tt h\u00e5ndkle. Han ble frifunnet for mishandling i n\u00e6re relasjoner.<\/p>\n<p>Ingebrigtsen har fortsatt som trener for blant andre Narve Gilje Nord\u00e5s.<\/p>\n<p>    <a itemprop=\"url\" href=\"https:\/\/sol.no\/nyheter\/narve-er-ikke-til-a-stole-pa\/83225914\" rel=\"nofollow noopener\" target=\"_blank\"><\/p>\n<p>      <img loading=\"lazy\" decoding=\"async\" src=\"https:\/\/www.europesays.com\/no\/wp-content\/uploads\/2025\/12\/83225927.webp\" width=\"980\" height=\"441\" title=\"- Narve er ikke til \u00e5 stole p\u00e5\" alt=\"\" class=\"lazyload\" style=\"--aspect-ratio-image: 2.22; \"\/><\/p>\n<p>        &#8211; Narve er ikke til \u00e5 stole p\u00e5<\/p>\n<p>sol.no<\/p>\n<p>    <\/a><\/p>\n<p>Under rettssaken benyttet han muligheten til \u00e5 g\u00e5 inn p\u00e5 familiens \u00f8konomi i hans frie forklaring.\u00a0<\/p>\n<p>Da skal treneren ha sagt at \u00f8konomien, b\u00e5de privat og ellers, hadde f\u00e5tt seg en brutal knekk, if\u00f8lge TV 2.\u00a0<\/p>\n<p>I 2023 sto han oppf\u00f8rt med en inntekt p\u00e5 rett over 3,5 millioner, og en formue p\u00e5 8,3 millioner kroner.\u00a0<\/p>\n<p>I fjor st\u00e5r treneren oppf\u00f8rt med 1,3 millioner i inntekt og 3,8 millioner kroner i formue.\u00a0<\/p>\n<p>Det er ikke bare Gjerts inntekt og formue som har stupt.\u00a0<\/p>\n<p>Kona, Tone Ingebrigtsen, hadde en inntekt p\u00e5 3,4 millioner og en formue p\u00e5 8,1 millioner kroner i 2023. I fjor\u00e5rets skattelister st\u00e5r hun oppf\u00f8rt med 626.051 i inntekt og 3,8 millioner kroner i formue.\u00a0<\/p>\n<p>TV 2 skriver at ekteparets selskap, Tega AS, rapporterte et driftsresultat p\u00e5 minus 221.000 kroner i 2024, en nedgang p\u00e5 650.000 kroner \u00e5ret i forveien.\u00a0<\/p>\n<p>    Alt du m\u00e5 vite om skattelistene<\/p>\n<p>Skattelistene er egentlig Norges \u00e5rlige \u00abhva tjener folk egentlig?\u00bb-slipp. Her kan du s\u00f8ke opp alt fra eksen og naboen, til yndlingspolitikeren og se tre ting: inntekt, formue og betalt skatt.<\/p>\n<p>Men! Ta tallene med en klype salt. Skattelistene viser nemlig ikke alt:\u00a0<\/p>\n<ul>\n<li>De sier ingenting om gjeld.\u00a0<\/li>\n<li>De kan v\u00e6re p\u00e5virket av engangshendelser (som hyttesalg eller bonus\u00e5r).\u00a0<\/li>\n<li>Fradrag, sparing og investeringer kan f\u00e5 folk til \u00e5 se \u00abrikere\u00bb eller \u00abfattigere\u00bb ut enn de egentlig er.\u00a0<\/li>\n<li>Og inntekten gjelder fjor\u00e5ret &#8211; ikke n\u00f8dvendigvis dagens situasjon.<\/li>\n<\/ul>\n<p>Eksempelvis:\u00a0En person kan st\u00e5 oppf\u00f8rt med 550 000 kr i inntekt, men likevel ha h\u00f8y gjeld som ikke vises.\u00a0<\/p>\n<p>Eller:\u00a0En annen kan fremst\u00e5 sv\u00e6rt formuende fordi vedkommende solgte en bolig i fjor, selv om pengene allerede er brukt videre.<\/p>\n<p>Det er ogs\u00e5 viktig \u00e5 bemerke seg at man kan se hvem som har s\u00f8kt deg opp i skattelistene, og at man ikke er anonym om man lar nysgjerrigheten ta overh\u00e5nd.\u00a0<\/p>\n<p>Kort sagt:\u00a0Skattelistene er fine for nysgjerrigheten, men ikke et fasitsvar p\u00e5 hvem som faktisk er rik eller blakk.<\/p>\n<p>      Vis mer<br \/>\n      Vis mindre<\/p>\n","protected":false},"excerpt":{"rendered":"Skattelistene 2024: Friidrettstrenerens inntekt ble halvert p\u00e5 ett \u00e5r. Konas inntekt har ogs\u00e5 stupt fra 2023 til 2024.\u00a0&hellip;\n","protected":false},"author":2,"featured_media":103669,"comment_status":"","ping_status":"","sticky":false,"template":"","format":"standard","meta":{"footnotes":""},"categories":[59],"tags":[30,28,29,14,13020,83,82],"class_list":{"0":"post-103668","1":"post","2":"type-post","3":"status-publish","4":"format-standard","5":"has-post-thumbnail","7":"category-sport","8":"tag-no","9":"tag-norge","10":"tag-norway","11":"tag-nyheter","12":"tag-skattelister-2024","13":"tag-sport","14":"tag-sports"},"share_on_mastodon":{"url":"https:\/\/pubeurope.com\/@no\/115659414408018281","error":""},"_links":{"self":[{"href":"https:\/\/www.europesays.com\/no\/wp-json\/wp\/v2\/posts\/103668","targetHints":{"allow":["GET"]}}],"collection":[{"href":"https:\/\/www.europesays.com\/no\/wp-json\/wp\/v2\/posts"}],"about":[{"href":"https:\/\/www.europesays.com\/no\/wp-json\/wp\/v2\/types\/post"}],"author":[{"embeddable":true,"href":"https:\/\/www.europesays.com\/no\/wp-json\/wp\/v2\/users\/2"}],"replies":[{"embeddable":true,"href":"https:\/\/www.europesays.com\/no\/wp-json\/wp\/v2\/comments?post=103668"}],"version-history":[{"count":0,"href":"https:\/\/www.europesays.com\/no\/wp-json\/wp\/v2\/posts\/103668\/revisions"}],"wp:featuredmedia":[{"embeddable":true,"href":"https:\/\/www.europesays.com\/no\/wp-json\/wp\/v2\/media\/103669"}],"wp:attachment":[{"href":"https:\/\/www.europesays.com\/no\/wp-json\/wp\/v2\/media?parent=103668"}],"wp:term":[{"taxonomy":"category","embeddable":true,"href":"https:\/\/www.europesays.com\/no\/wp-json\/wp\/v2\/categories?post=103668"},{"taxonomy":"post_tag","embeddable":true,"href":"https:\/\/www.europesays.com\/no\/wp-json\/wp\/v2\/tags?post=103668"}],"curies":[{"name":"wp","href":"https:\/\/api.w.org\/{rel}","templated":true}]}}