{"id":103674,"date":"2025-12-04T04:46:29","date_gmt":"2025-12-04T04:46:29","guid":{"rendered":"https:\/\/www.europesays.com\/no\/103674\/"},"modified":"2025-12-04T04:46:29","modified_gmt":"2025-12-04T04:46:29","slug":"mening-cupfinalen-2025-kvaliteten-taler-til-sarpsborg-08s-fordel","status":"publish","type":"post","link":"https:\/\/www.europesays.com\/no\/103674\/","title":{"rendered":"Mening, Cupfinalen 2025 | Kvaliteten taler til Sarpsborg 08s fordel"},"content":{"rendered":"\n<p>15 kilometer fra der kloakken fra Glomma renner ut i havet \u2013 og omtrent dobbelt s\u00e5 langt fra grensen til det store utland \u2013 ligger Sarpsborg. Kjent som Solbyen \u2013 fordi sola stort sett alltid skinner over Olavs by.<\/p>\n<p>Meritter<\/p>\n<p>Idrettsprestasjonene glitrer ogs\u00e5. Spesielt n\u00e5r det gjelder lagidretter. For hvilken annen norsk by, bortsett fra hovedstaden, kan skilte med f\u00f8lgende merittliste:<\/p>\n<p><b>Fotball:<\/b> To klubber med NM-titler (SFK og Sparta) og en klubb med NM-semifinale (Gre\u00e5ker) i tillegg til Sarpsborg 08. Gre\u00e5ker dessuten med en verdensrekord \u2013 eneste klubb fra niv\u00e5 5 som har n\u00e5dd 4. runde (med omkamp) i cupen.<\/p>\n<p><b>Ishockey:<\/b> Sparta norgesmester.<\/p>\n<p><b>Innebandy:<\/b> Gre\u00e5ker IBK og Sarpsborg IBK norgesmestere.<\/p>\n<p><b>Bandy: <\/b>Sarpsborg BK norgesmester.<\/p>\n<p><b>H\u00e5ndball:<\/b> Skjeberg norgesmester damer og Tindlund NM-semifinale menn.<\/p>\n<p>En n\u00e6rmest usl\u00e5elig statistikk n\u00e5r det gjelder lagidretter i Norge.<\/p>\n<p>Lenge siden sist<\/p>\n<p>MEN \u2013 og det gnager selvf\u00f8lgelig at det n\u00e5 er 73 \u00e5r siden et lag fra Sarpsborg ble norgesmester i fotball!<\/p>\n<p>For en som er f\u00f8dt midt mellom SFK (1951) som regjerende norgesmester og Sparta som kommende (1952) \u2013 har dette v\u00e6rt en verkebyll lenge. Helt siden bronsevinner i serien SFK tapte cupfinalen mot niv\u00e5 2-laget Rosenborg i 1964. Sto selv bak m\u00e5let da SFKs solide sisteskanse Kolbj\u00f8rn Nilsen (\u00abBingen\u00bb s far) fikk sola i \u00f8ynene og en h\u00f8y ball datt ned i det bl\u00e5hvite buret.<\/p>\n<p>Favoritt var gutta fra Solbyen ogs\u00e5 i 2017 \u2013 da nettopp \u00e5rets motstander Lillestr\u00f8m ogs\u00e5 sto p\u00e5 den andre siden. Men rutinerte Arne Erlandsens plan ble for smart.<\/p>\n<p>Denne gangen kommer Lillestr\u00f8m fra en sesong p\u00e5 niv\u00e5 2. Noe som b\u00f8r v\u00e6re en klar fordel for de bl\u00e5hvite. For det er ingen tvil om at Sarpsborg 08s spillere individuelt sett g\u00e5r klart utenp\u00e5 motstanderen fra 1. divisjon.<\/p>\n<p>Men s\u00e5 enkel er som kjent ikke fotballen. Og selv om dagens LSK stort sett best\u00e5r av de samme spillerne som ikke var gode nok for eliteserien i fjor, har de \u00e5penbart f\u00e5tt p\u00e5 plass en trener som har bedre kontroll p\u00e5 det hele. Lagenheten har nok blitt styrket, og ikke minst selvtilliten de har f\u00e5tt gjennom en sterk sesong p\u00e5 nest \u00f8verste niv\u00e5.<\/p>\n<p>Som allikevel langt fra kan sammenliknes med eliteserien.<\/p>\n<p>Derfor b\u00f8r sola skinne over Sarpsborg s\u00f8ndag 7. desember \u2013 n\u00e5r kvaliteten har utgjort forskjellen i \u00e5rets cupfinale.<\/p>\n<p><b>Lykke til!<\/b><\/p>\n<p>  <a href=\"https:\/\/www.sa.no\/5-46-1922670\" class=\"related-teaser has-image default-opinion-teaser article--c-eRUmMG article--c-eRUmMG-jKCPdD-design-default\" rel=\"nofollow noopener\" target=\"_blank\"><\/p>\n<p>    <img decoding=\"async\" loading=\"lazy\"  src=\"https:\/\/www.europesays.com\/no\/wp-content\/uploads\/2025\/12\/NTB_Nd66daTeSSE.jpeg\" alt=\"\" class=\"brick-c-cFOWSL\" style=\"\"\/><\/p>\n<p>\n            Les ogs\u00e5<\/p>\n<p>              La oss se hva som er i den sjette luka i julekalenderen\n        <\/p>\n<p>  <\/a><\/p>\n<p>  <a href=\"https:\/\/www.sa.no\/5-46-1920241\" class=\"related-teaser has-image default-story-teaser article--c-eRUmMG article--c-eRUmMG-jKCPdD-design-default\" rel=\"nofollow noopener\" target=\"_blank\"><\/p>\n<p>    <img decoding=\"async\" loading=\"lazy\"  src=\"https:\/\/www.europesays.com\/no\/wp-content\/uploads\/2025\/12\/1764823588_651_cueres_scp-mangler_navn_NXmVHkHX-uo.jpg\" alt=\"\" class=\"brick-c-cFOWSL\" style=\"\"\/><\/p>\n<p>\n            Les ogs\u00e5<\/p>\n<p>              Eliteseriens m\u00e5lkonge: \u2013 Derfor blir jeg i Sarpsborg\n        <\/p>\n<p>  <\/a><\/p>\n<p>  <a href=\"https:\/\/www.sa.no\/5-46-1921397\" class=\"related-teaser has-image default-story-teaser article--c-eRUmMG article--c-eRUmMG-jKCPdD-design-default\" rel=\"nofollow noopener\" target=\"_blank\"><\/p>\n<p>    <img decoding=\"async\" loading=\"lazy\"  src=\"https:\/\/www.europesays.com\/no\/wp-content\/uploads\/2025\/12\/image_53DC613C-9B45-466B-9757-293F4C7BCEFA_1764533949.jpeg\" alt=\"\" class=\"brick-c-cFOWSL\" style=\"\"\/><\/p>\n<p>\n            Les ogs\u00e5<\/p>\n<p>              Ekteparet Gr\u00f8nsholt skiller lag utenfor Ullevaal: \u2013 Vi blir rivaler en liten stund\n        <\/p>\n<p>  <\/a><\/p>\n","protected":false},"excerpt":{"rendered":"15 kilometer fra der kloakken fra Glomma renner ut i havet \u2013 og omtrent dobbelt s\u00e5 langt fra&hellip;\n","protected":false},"author":2,"featured_media":103675,"comment_status":"","ping_status":"","sticky":false,"template":"","format":"standard","meta":{"footnotes":""},"categories":[59],"tags":[36,11280,3218,30,28,29,1533,133,83,82],"class_list":{"0":"post-103674","1":"post","2":"type-post","3":"status-publish","4":"format-standard","5":"has-post-thumbnail","7":"category-sport","8":"tag-art","9":"tag-cupfinalen-2025","10":"tag-mening","11":"tag-no","12":"tag-norge","13":"tag-norway","14":"tag-opinion","15":"tag-sarpsborg-08","16":"tag-sport","17":"tag-sports"},"share_on_mastodon":{"url":"https:\/\/pubeurope.com\/@no\/115659485150247136","error":""},"_links":{"self":[{"href":"https:\/\/www.europesays.com\/no\/wp-json\/wp\/v2\/posts\/103674","targetHints":{"allow":["GET"]}}],"collection":[{"href":"https:\/\/www.europesays.com\/no\/wp-json\/wp\/v2\/posts"}],"about":[{"href":"https:\/\/www.europesays.com\/no\/wp-json\/wp\/v2\/types\/post"}],"author":[{"embeddable":true,"href":"https:\/\/www.europesays.com\/no\/wp-json\/wp\/v2\/users\/2"}],"replies":[{"embeddable":true,"href":"https:\/\/www.europesays.com\/no\/wp-json\/wp\/v2\/comments?post=103674"}],"version-history":[{"count":0,"href":"https:\/\/www.europesays.com\/no\/wp-json\/wp\/v2\/posts\/103674\/revisions"}],"wp:featuredmedia":[{"embeddable":true,"href":"https:\/\/www.europesays.com\/no\/wp-json\/wp\/v2\/media\/103675"}],"wp:attachment":[{"href":"https:\/\/www.europesays.com\/no\/wp-json\/wp\/v2\/media?parent=103674"}],"wp:term":[{"taxonomy":"category","embeddable":true,"href":"https:\/\/www.europesays.com\/no\/wp-json\/wp\/v2\/categories?post=103674"},{"taxonomy":"post_tag","embeddable":true,"href":"https:\/\/www.europesays.com\/no\/wp-json\/wp\/v2\/tags?post=103674"}],"curies":[{"name":"wp","href":"https:\/\/api.w.org\/{rel}","templated":true}]}}