{"id":103682,"date":"2025-12-04T05:14:13","date_gmt":"2025-12-04T05:14:13","guid":{"rendered":"https:\/\/www.europesays.com\/no\/103682\/"},"modified":"2025-12-04T05:14:13","modified_gmt":"2025-12-04T05:14:13","slug":"russland-eu-stor-risiko-for-at-russland-kan-ga-til-krig-mot-eu-mener-et-flertall-av-eu-innbyggere","status":"publish","type":"post","link":"https:\/\/www.europesays.com\/no\/103682\/","title":{"rendered":"Russland, EU | Stor risiko for at Russland kan g\u00e5 til krig mot EU, mener et flertall av EU-innbyggere"},"content":{"rendered":"\n<p>51 prosent svarer at de tror risikoen er \u00abh\u00f8y\u00bb eller \u00absv\u00e6rt h\u00f8y\u00bb for at Russland kan g\u00e5 til krig mot EU-land de neste \u00e5rene.<\/p>\n<p>M\u00e5lingen ble gjennomf\u00f8rt blant 9553 respondenter fordelt p\u00e5 rundt 1000 personer i hvert av landene Frankrike, Tyskland, Italia, Spania, Polen, Portugal, Kroatia, Belgia og Nederland ved utgangen av november, i regi av meningsm\u00e5lingsinstituttet Cluster 17. Den ble publisert torsdag i det franske utenrikspolitiske tidsskriftet Le Grand Continent.<\/p>\n<p>Men frykten for \u00e5pen konflikt med Russland varierer. I Polen, som grenser til Russland og Belarus, svarer 77 prosent at de vurderer risikoen som sv\u00e6rt h\u00f8y. I Frankrike svarer 54 prosent det samme, og 51 prosent i Tyskland.<\/p>\n<p>Samtidig svarer 65 prosent av italienerne at de ser p\u00e5 en slik risiko som enten lav eller ikke-eksisterende.<\/p>\n<p>Et stort flertall av de spurte, 81 prosent, oppgir samtidig at de mener det er liten eller ingen sannsynlighet for noen krig med Kina de neste \u00e5rene.<\/p>\n<p>P\u00e5 m\u00e5lingen er ogs\u00e5 respondentene blitt spurt om de tror deres lands forsvar har evne til \u00e5 beskytte dem mot russisk aggresjon. 69 prosent svarer at landet deres \u00abikke i det hele tatt\u00bb eller \u00abtrolig ikke\u00bb vil v\u00e6re i stand til det.<\/p>\n<p>P\u00e5 m\u00e5lingen er imidlertid \u00abterrorisme\u00bb den trusselen som folk ser p\u00e5 som mest n\u00e6rliggende. 63 prosent av de spurte i de ni landene vurderer risikoen for \u00e5pen krig med \u00abterroristgrupper\u00bb som h\u00f8y eller sv\u00e6rt h\u00f8y.<\/p>\n","protected":false},"excerpt":{"rendered":"51 prosent svarer at de tror risikoen er \u00abh\u00f8y\u00bb eller \u00absv\u00e6rt h\u00f8y\u00bb for at Russland kan g\u00e5 til&hellip;\n","protected":false},"author":2,"featured_media":103683,"comment_status":"","ping_status":"","sticky":false,"template":"","format":"standard","meta":{"footnotes":""},"categories":[12],"tags":[20,21,24,25,15,22,23,13,30,28,29,14,16,26,27,42,43,44,45],"class_list":{"0":"post-103682","1":"post","2":"type-post","3":"status-publish","4":"format-standard","5":"has-post-thumbnail","7":"category-verden","8":"tag-breaking-news","9":"tag-breakingnews","10":"tag-featured-news","11":"tag-featurednews","12":"tag-headlines","13":"tag-latest-news","14":"tag-latestnews","15":"tag-news","16":"tag-no","17":"tag-norge","18":"tag-norway","19":"tag-nyheter","20":"tag-overskrifter","21":"tag-top-stories","22":"tag-topstories","23":"tag-verden","24":"tag-world","25":"tag-world-news","26":"tag-worldnews"},"share_on_mastodon":{"url":"https:\/\/pubeurope.com\/@no\/115659594989131075","error":""},"_links":{"self":[{"href":"https:\/\/www.europesays.com\/no\/wp-json\/wp\/v2\/posts\/103682","targetHints":{"allow":["GET"]}}],"collection":[{"href":"https:\/\/www.europesays.com\/no\/wp-json\/wp\/v2\/posts"}],"about":[{"href":"https:\/\/www.europesays.com\/no\/wp-json\/wp\/v2\/types\/post"}],"author":[{"embeddable":true,"href":"https:\/\/www.europesays.com\/no\/wp-json\/wp\/v2\/users\/2"}],"replies":[{"embeddable":true,"href":"https:\/\/www.europesays.com\/no\/wp-json\/wp\/v2\/comments?post=103682"}],"version-history":[{"count":0,"href":"https:\/\/www.europesays.com\/no\/wp-json\/wp\/v2\/posts\/103682\/revisions"}],"wp:featuredmedia":[{"embeddable":true,"href":"https:\/\/www.europesays.com\/no\/wp-json\/wp\/v2\/media\/103683"}],"wp:attachment":[{"href":"https:\/\/www.europesays.com\/no\/wp-json\/wp\/v2\/media?parent=103682"}],"wp:term":[{"taxonomy":"category","embeddable":true,"href":"https:\/\/www.europesays.com\/no\/wp-json\/wp\/v2\/categories?post=103682"},{"taxonomy":"post_tag","embeddable":true,"href":"https:\/\/www.europesays.com\/no\/wp-json\/wp\/v2\/tags?post=103682"}],"curies":[{"name":"wp","href":"https:\/\/api.w.org\/{rel}","templated":true}]}}