{"id":103686,"date":"2025-12-04T05:17:40","date_gmt":"2025-12-04T05:17:40","guid":{"rendered":"https:\/\/www.europesays.com\/no\/103686\/"},"modified":"2025-12-04T05:17:40","modified_gmt":"2025-12-04T05:17:40","slug":"ikke-skjedd-pa-985-dager-2","status":"publish","type":"post","link":"https:\/\/www.europesays.com\/no\/103686\/","title":{"rendered":"Ikke skjedd p\u00e5 985 dager"},"content":{"rendered":"<p class=\"kicker \" style=\"\">Pentagon-gransking:<\/p>\n<p>  En intern gransking sl\u00e5r fast at forsvarsminister Hegseth satte egne soldater i fare da han delte informasjon om et amerikansk angrep &#8211; bare timer f\u00f8r operasjonen startet.<\/p>\n<p>\n    NY RAPPORT: Forsvarsminister, og selverkl\u00e6rt krigsminister, Pete Hegseth har blitt gransket av Pentagon. Foto: AP Photo\/Julia Demaree Nikhinson\n  <\/p>\n<p>Forsvarsminister Pete Hegseth risikerte \u00e5 sette amerikanske styrker i fare da han <a href=\"https:\/\/www.dagbladet.no\/nyheter\/presset-oker-bekymret\/82992950\" rel=\"nofollow noopener\" target=\"_blank\">delte informasjon om et planlagt milit\u00e6rt angrep i Jemen<\/a> via meldingsappen Signal tidligere i \u00e5r.<\/p>\n<p>Det kommer fram i en gransking fra Pentagons inspekt\u00f8rkontor som ventes offentliggjort i l\u00f8pet av uka, if\u00f8lge kilder til flere amerikanske medier.<\/p>\n<p>Informasjonen som Hegseth delte i meldingsgruppa var blant annet de n\u00f8yaktige tidspunktene amerikanske jagerfly skulle angripe m\u00e5l i Jemen.<\/p>\n<p>    <a itemprop=\"url\" href=\"https:\/\/www.dagbladet.no\/nyheter\/en-kvalmende-moralsk-slum\/83931340\" rel=\"nofollow noopener\" target=\"_blank\"><\/p>\n<p>      <img loading=\"lazy\" decoding=\"async\" src=\"https:\/\/www.europesays.com\/no\/wp-content\/uploads\/2025\/12\/1764825460_879_83931356.webp\" width=\"980\" height=\"441\" title=\"\u00abEn kvalmende moralsk slum\u00bb\" alt=\"\" class=\"lazyload\" style=\"--aspect-ratio-image: 2.22; \"\/><\/p>\n<p>        \u00abEn kvalmende moralsk slum\u00bb<\/p>\n<p>    <\/a><\/p>\n<p>Avsl\u00f8rte Hegseth<\/p>\n<p>Hegseth delte detaljene om angrepet mot Jemens Iran-allierte Houthi-krigere\u00a0i en gruppechat med blant andre visepresident J.D. Vance og tidligere nasjonal sikkerhetsr\u00e5dgiver Mike Waltz.<\/p>\n<p>Ved et uhell var ogs\u00e5 sjefredakt\u00f8ren i magasinet <a href=\"https:\/\/www.theatlantic.com\/politics\/archive\/2025\/03\/trump-administration-accidentally-texted-me-its-war-plans\/682151\/\" rel=\"nofollow noopener\" target=\"_blank\">The Atlantic<\/a>, Jeffrey Goldberg, med i chatten.<\/p>\n<p class=\"font-weight-bold m-font-weight-bold\" data-lab-font_weight=\"font-weight-bold\">&#8211; Jeg trodde ikke det kunne stemme, men s\u00e5 begynte bombene \u00e5 falle, har han uttalt.<\/p>\n<p>        ANGRIPER JEMEN: USA bekrefter amerikansk-britisk angrep mot den Iran-st\u00f8ttede Houthi-gruppa i Jemen i natt. Video: AP.<\/p>\n<p>Goldberg avsl\u00f8rte senere detaljene fra Signal-chatten i en artikkel. Da Trump-administrasjonen anklaget ham for \u00e5 overdrive, publiserte han skjermbilder av samtalen.<\/p>\n<p>P\u00e5 bildene kunne man se Hegseth skrive om konkrete planer for angrepet &#8211; bare to timer f\u00f8r den hemmelige milit\u00e6roperasjonen startet.<\/p>\n<p>    <a itemprop=\"url\" href=\"https:\/\/www.dagbladet.no\/nyheter\/et-skremmende-signal\/83924947\" rel=\"nofollow noopener\" target=\"_blank\"><\/p>\n<p>      <img loading=\"lazy\" decoding=\"async\" src=\"https:\/\/www.europesays.com\/no\/wp-content\/uploads\/2025\/12\/1764825460_541_83820917.webp\" width=\"147\" height=\"98\" title=\"- Et skremmende signal\" alt=\"\" class=\"lazyload\" style=\"--aspect-ratio-image: 1.50; \"\/><\/p>\n<p>        &#8211; Et skremmende signal<\/p>\n<p>    <\/a><\/p>\n<p>Lot seg ikke intervjue  <\/p>\n<p>Hegseth skal i etterkant ha nektet \u00e5 la seg intervjue av inspekt\u00f8rkontoret, og hevdet at hele granskingen var politisk motivert &#8211; til tross for sterke reaksjoner fra b\u00e5de republikanske og demokratiske akt\u00f8rer.<\/p>\n<p>Han insisterte ogs\u00e5 p\u00e5 at informasjonen han delte ikke var sensitiv og ikke ville sette soldater i fare hvis den ble offentliggjort &#8211; en p\u00e5stand granskerne avviste.<\/p>\n<p class=\"font-weight-bold m-font-weight-bold\" data-lab-font_weight=\"font-weight-bold\">If\u00f8lge rapporten kunne informasjonen ha kompromittert b\u00e5de soldater og oppdrag.\u00a0<\/p>\n<p>Rapporten tar imidlertid ikke stilling til om innholdet i meldingene var klassifisert, ettersom den anerkjenner at Hegseth, som sjef for Pentagon, kan bestemme hvilken informasjon som er klassifisert og ikke.<\/p>\n<p>&#8211; Ingen klassifisert informasjon. Total frifinnelse. Saken er avsluttet, skriver Hegseth p\u00e5 X onsdag kveld.<\/p>\n<p>    <a itemprop=\"url\" href=\"https:\/\/www.dagbladet.no\/nyheter\/presset-oker-bekymret\/82992950\" rel=\"nofollow noopener\" target=\"_blank\"><\/p>\n<p>      <img loading=\"lazy\" decoding=\"async\" src=\"https:\/\/www.europesays.com\/no\/wp-content\/uploads\/2025\/12\/1764825460_628_82992962.webp\" width=\"980\" height=\"441\" title=\"Presset \u00f8ker: - Bekymret\" alt=\"\" class=\"lazyload\" style=\"--aspect-ratio-image: 2.22; \"\/><\/p>\n<p>        Presset \u00f8ker: &#8211; Bekymret<\/p>\n<p>    <\/a><\/p>\n<p>Eksperter reagerer  <\/p>\n<p>Eksperter som <a href=\"https:\/\/abcnews.go.com\/Politics\/pentagon-ig-concluded-hegseth-risked-exposing-classified-info\/story?id=128079227\" rel=\"nofollow noopener\" target=\"_blank\">ABC News<\/a> har snakket med er enige om at forsvarssjefen generelt har bred myndighet til \u00e5 offentliggj\u00f8re informasjon om milit\u00e6re operasjoner, men kritiserer likevel Hegseths avgj\u00f8relse.<\/p>\n<p>&#8211; \u00c5 fjerne klassifisering av informasjon p\u00e5 denne improviserte m\u00e5ten er ikke en forbrytelse. Det er bare d\u00e5rlig d\u00f8mmekraft, sier Steven Aftergood, en mange\u00e5rig sikkerhetsekspert.<\/p>\n<p>        USA: Forsvarsminister Pete Hegseth kunngjorde tirsdag at han vil styre forsvaret i en ny retning, noe kommentator Marie Heiberg Simonsen er sv\u00e6rt skeptisk til. Reporter: Edward Stenlund \/ Dagbladet TV. Video: Reuters. <\/p>\n<p>Tom Blanton, som har brukt ti\u00e5r p\u00e5 \u00e5 gjennomg\u00e5 offentlige dokumenter, sa at man historisk sett fjerner klassifiseringen f\u00f8rst etter at en milit\u00e6roperasjon er avsluttet.<\/p>\n<p>&#8211; Det er sunn fornuft \u00e5 tenke at hvis disse detaljene blir tilgjengelige f\u00f8r angrepet skjer, vil det kunne skade nasjonal sikkerhet, sier han.<\/p>\n<p>    <a itemprop=\"url\" href=\"https:\/\/www.dagbladet.no\/nyheter\/snart-brukt-opp-tabbekvota\/82987233\" rel=\"nofollow noopener\" target=\"_blank\"><\/p>\n<p>      <img loading=\"lazy\" decoding=\"async\" src=\"https:\/\/www.europesays.com\/no\/wp-content\/uploads\/2025\/12\/1764825460_664_82987772.webp\" width=\"980\" height=\"441\" title=\"- Snart brukt opp tabbekvota\" alt=\"\" class=\"lazyload\" style=\"--aspect-ratio-image: 2.22; \"\/><\/p>\n<p>        &#8211; Snart brukt opp tabbekvota<\/p>\n<p>    <\/a><\/p>\n<p>&#8211; Inkompetent<\/p>\n<p>B\u00e5de republikanere og demokrater kritiserte Hegseth etter avsl\u00f8ringen i mars, og krevde en etterforskning av saken. N\u00e5 reagerer flere p\u00e5 de p\u00e5st\u00e5tte funnene i rapporten.<\/p>\n<p>Demokraten Adam Smith i Representantenes hus mener rapporten viser at Hegseth mangler n\u00f8dvendig d\u00f8mmekraft.\u00a0<\/p>\n<p class=\"font-weight-bold m-font-weight-bold\" data-lab-font_weight=\"font-weight-bold\">&#8211; Denne rapporten er en ford\u00f8mmende gjennomgang av en inkompetent forsvarsminister som er ute av stand til \u00e5 gj\u00f8re jobben sin, sier Smith.<\/p>\n<p>Senator Mark Warner peker p\u00e5 at rapporten ogs\u00e5 avdekker flere tilfeller der Signal-appen ble brukt til offisielle form\u00e5l, og omtaler det som et m\u00f8nster av \u00abhensynsl\u00f8shet og d\u00e5rlig vurderingsevne\u00bb.\u00a0<\/p>\n","protected":false},"excerpt":{"rendered":"Pentagon-gransking: En intern gransking sl\u00e5r fast at forsvarsminister Hegseth satte egne soldater i fare da han delte informasjon&hellip;\n","protected":false},"author":2,"featured_media":102397,"comment_status":"","ping_status":"","sticky":false,"template":"","format":"standard","meta":{"footnotes":""},"categories":[59],"tags":[30,28,29,83,82],"class_list":{"0":"post-103686","1":"post","2":"type-post","3":"status-publish","4":"format-standard","5":"has-post-thumbnail","7":"category-sport","8":"tag-no","9":"tag-norge","10":"tag-norway","11":"tag-sport","12":"tag-sports"},"share_on_mastodon":{"url":"https:\/\/pubeurope.com\/@no\/115659606912775245","error":""},"_links":{"self":[{"href":"https:\/\/www.europesays.com\/no\/wp-json\/wp\/v2\/posts\/103686","targetHints":{"allow":["GET"]}}],"collection":[{"href":"https:\/\/www.europesays.com\/no\/wp-json\/wp\/v2\/posts"}],"about":[{"href":"https:\/\/www.europesays.com\/no\/wp-json\/wp\/v2\/types\/post"}],"author":[{"embeddable":true,"href":"https:\/\/www.europesays.com\/no\/wp-json\/wp\/v2\/users\/2"}],"replies":[{"embeddable":true,"href":"https:\/\/www.europesays.com\/no\/wp-json\/wp\/v2\/comments?post=103686"}],"version-history":[{"count":0,"href":"https:\/\/www.europesays.com\/no\/wp-json\/wp\/v2\/posts\/103686\/revisions"}],"wp:featuredmedia":[{"embeddable":true,"href":"https:\/\/www.europesays.com\/no\/wp-json\/wp\/v2\/media\/102397"}],"wp:attachment":[{"href":"https:\/\/www.europesays.com\/no\/wp-json\/wp\/v2\/media?parent=103686"}],"wp:term":[{"taxonomy":"category","embeddable":true,"href":"https:\/\/www.europesays.com\/no\/wp-json\/wp\/v2\/categories?post=103686"},{"taxonomy":"post_tag","embeddable":true,"href":"https:\/\/www.europesays.com\/no\/wp-json\/wp\/v2\/tags?post=103686"}],"curies":[{"name":"wp","href":"https:\/\/api.w.org\/{rel}","templated":true}]}}