{"id":103700,"date":"2025-12-04T05:55:20","date_gmt":"2025-12-04T05:55:20","guid":{"rendered":"https:\/\/www.europesays.com\/no\/103700\/"},"modified":"2025-12-04T05:55:20","modified_gmt":"2025-12-04T05:55:20","slug":"frode-grodas-om-norges-vm-reise","status":"publish","type":"post","link":"https:\/\/www.europesays.com\/no\/103700\/","title":{"rendered":"Frode Grod\u00e5s om Norges VM-reise"},"content":{"rendered":"<p class=\"bold m-bold\" data-lab-font_weight=\"bold\">\u2013 Jeg gr\u00e5ter nesten aldri. Men n\u00e5 kom det pokker meg noen t\u00e5rer.\u00a0<\/p>\n<p>Frode Grod\u00e5s (61) ser utover gresset p\u00e5 Ullevaal stadion og tenker tilbake til den kvelden i Italia for noen uker siden.\u00a0<\/p>\n<p>        <img class=\"image__img lazyload\" itemprop=\"image\" title=\"Foto: Mathias Moen \/ TV 2\" alt=\" Foto: Mathias Moen \/ TV 2\" width=\"675\" height=\"540\" bad-src=\"https:\/\/www.europesays.com\/no\/wp-content\/uploads\/2025\/12\/18349675.webp\" fetchpriority=\"auto\" \/><\/p>\n<p>         Foto: Mathias Moen \/ TV 2<\/p>\n<p>Keeperlegenden har v\u00e6rt i VM f\u00f8r.\u00a0Han var kaptein i Frankrike i 1998. Han var med til USA i 1994. Og n\u00e5 skal han tilbake.\u00a0<\/p>\n<p>Til USA. Til VM. Med Norge.\u00a0<\/p>\n<p>\u2013 Det verste laget<\/p>\n<p>Fredag trekkes gruppene. Flere i det norske st\u00f8tteapparatet sitter ringside i Washington. Norges keepertrener tar den hjemme fra sofaen, og \u00f8nsker en s\u00e5 \u00abenkel\u00bb trekning som overhodet mulig.\u00a0<\/p>\n<p>Slik tenkte han som spiller f\u00f8r mesterskapene i 1994 og i 1998 \u2013 der han faktisk ogs\u00e5 var Norges representant under trekningen.\u00a0<\/p>\n<p>Slik tenker han ogs\u00e5 n\u00e5.\u00a0Av motstandere han ikke \u00f8nsker \u00e5 trekke, er Spania h\u00f8yt oppe p\u00e5 listen.\u00a0<\/p>\n<p class=\"bold m-bold\" data-lab-font_weight=\"bold\">\u2013 Jeg tror det er det verste laget vi kan m\u00f8te, sier Grod\u00e5s.\u00a0<\/p>\n<p>\u2013 De er ekstremt ballsikre. Blir det varmt i tillegg, kan det bli utfordrende, fortsetter han.\u00a0<\/p>\n<p>Samtidig er Grod\u00e5s rask med \u00e5 p\u00e5peke det \u00aballe\u00bb n\u00e5 har sett. P\u00e5 en god dag kan Norge tukte hvem som helst, selv Italia p\u00e5 mektige San Siro \u2013 slik de gjorde det da de kvalifiserte seg til VM for noen uker siden.\u00a0<\/p>\n<p>\u2013 Det er en del lag der ute som frykter oss n\u00e5, sier veteranen bestemt \u2013 if\u00f8rt en gr\u00f8nn, italiensk keeperdrakt han byttet til seg etter tapet mot nettopp Italia under VM i 1994.\u00a0<\/p>\n<p>Det var denne han hadde i samlingen som VM-rekvisitt. Resten ligger gjemt bort p\u00e5 vestlandet, forklarer han.\u00a0<\/p>\n<p>        <img class=\"image__img lazyload\" itemprop=\"image\" title=\"\" alt=\"\" width=\"675\" height=\"540\" bad-src=\"https:\/\/www.europesays.com\/no\/wp-content\/uploads\/2025\/12\/18349678.webp\" fetchpriority=\"auto\" \/><\/p>\n<p>        <img class=\"image__img lazyload\" itemprop=\"image\" title=\"Foto: Mathias Moen \/ TV 2\" alt=\" Foto: Mathias Moen \/ TV 2\" width=\"978\" height=\"656\" bad-src=\"https:\/\/www.europesays.com\/no\/wp-content\/uploads\/2025\/12\/18349677.webp\" fetchpriority=\"auto\" \/><\/p>\n<p>         Foto: Mathias Moen \/ TV 2<\/p>\n<p>Viktigst er det uansett at minnene fra mesterskapet den gang er mange. Ikke alle er like gode. Grod\u00e5s har allerede nevnt varmen.\u00a0<\/p>\n<p>Sjokket i USA<\/p>\n<p>For da det norske landslaget dro til USA i 1994 ble de m\u00f8tt av en temperatur og luftfuktighet som skapte store overskrifter \u2013 og ogs\u00e5 kommer til \u00e5 f\u00e5 oppmerksomhet n\u00e5, n\u00e5r VM-sirkuset returnerer til statene.\u00a0<\/p>\n<p class=\"bold m-bold\" data-lab-font_weight=\"bold\">\u2013 Det var en varme verden aldri f\u00f8r hadde sett. Det var s\u00e5 varmt og fuktig. Jeg glemmer aldri Erland Johnsen. Store, sterke Erland Johnsen. Han svettet s\u00e5 det sprutet fra skoene hans. Det var som om svetten hans vannet banen, sier Grod\u00e5s.<\/p>\n<p>        <img class=\"image__img lazyload\" itemprop=\"image\" title=\"Foto: Tor Richardsen \/ NTB\" alt=\"SVETTEFEST: Erland Johnsen i 35 varmegrader. Foto: Tor Richardsen \/ NTB\" width=\"675\" height=\"453\" bad-src=\"https:\/\/www.europesays.com\/no\/wp-content\/uploads\/2025\/12\/18349694.webp\" fetchpriority=\"auto\" \/><\/p>\n<p>      SVETTEFEST: Erland Johnsen i 35 varmegrader.<br \/>\n         Foto: Tor Richardsen \/ NTB<\/p>\n<p>Han bryter ut i latter. Det er rart \u00e5 tenke tilbake p\u00e5. Intensiteten p\u00e5 treningene i den amerikanske gloheten var ekstrem. Hver trening var som et uttak, har det blitt sagt.\u00a0<\/p>\n<p>Og bildene av de norske stjernene som trente i plastsekker for \u00e5 takle varmen er blitt ikoniske:<\/p>\n<p>N\u00e5 er ting annerledes.\u00a0<\/p>\n<p>Grod\u00e5s anser det som lite sannsynlig at Norge beg\u00e5r de samme tabbene som den gang, hvor de fleste er enige om at man pushet seg for hardt i forberedelsene.\u00a0<\/p>\n<p>\u2013 Inngangen n\u00e5 er totalt annerledes. Norsk idrett og fotball speiler samfunnet generelt. Det er en helt annen kompetanse n\u00e5.\u00a0<\/p>\n<p>\u2013 F\u00f8ler seg som en forbryter<\/p>\n<p>Grod\u00e5s kom inn som keepertrener for landslaget i 2009. Det har blitt mange nedturer og tunge \u00f8yeblikk siden den gang. Tapet mot Ungarn i EM-playoffen i 2015. Tapet mot Skottland i juni 2023 \u2013 for \u00e5 nevne noen.<\/p>\n<p>Et \u00f8yeblikk som kanskje ikke nevnes like ofte er stortapet borte mot Tyskland i 2017. Norge ble sendt hjem med 7\u20131 i bagasjen. Grod\u00e5s beskriver det som \u00abhelt forferdelig\u00bb.\u00a0<\/p>\n<p>        <img class=\"image__img lazyload\" itemprop=\"image\" title=\"Foto: Heiko Junge \/ NTB\" alt=\"DYSTRE MINNER: Frode Grod\u00e5s f\u00f8r Tyskland \u2013 Norge i Stuttgart h\u00f8sten 2017. Norge tapte kampen 7\u20131. Til h\u00f8yre: Dav\u00e6rende landslagssjef Lars Lagerb\u00e4ck. Foto: Heiko Junge \/ NTB\" width=\"675\" height=\"520\" bad-src=\"https:\/\/www.europesays.com\/no\/wp-content\/uploads\/2025\/12\/18349762.webp\" fetchpriority=\"auto\" \/><\/p>\n<p>      DYSTRE MINNER: Frode Grod\u00e5s f\u00f8r Tyskland \u2013 Norge i Stuttgart h\u00f8sten 2017. Norge tapte kampen 7\u20131. Til h\u00f8yre: Dav\u00e6rende landslagssjef Lars Lagerb\u00e4ck.<br \/>\n         Foto: Heiko Junge \/ NTB<\/p>\n<p>Han og Norge reiste hjem i skam. N\u00e5 er situasjonen snudd p\u00e5 hodet. T\u00e5rer av smerte er blitt til t\u00e5rer av glede. Skam er snudd til stolthet \u2013 og vi har nettopp filleristet Italia.<\/p>\n<p>Da J\u00f8rgen Strand Larsen driblet inn 4\u20131 p\u00e5 San Siro, og med det satte punktum for 26 \u00e5r med lidelse for det norske landslaget, ble det for mye for Grod\u00e5s og flere av de andre i st\u00f8tteapparatet, som m\u00e5tte t\u00f8rke t\u00e5rer av hverandres kinn.\u00a0<\/p>\n<p class=\"bold m-bold\" data-lab-font_weight=\"bold\">\u2013 Det ble sterkt dere nede i Italia. Jeg har dratt hjem fra s\u00e5 mange tapte kamper og kvaliker. Man f\u00f8ler seg som en forbryter. \u00abN\u00e5 m\u00e5 du i fengsel\u00bb. Det er litt s\u00e5nn, alts\u00e5.\u00a0<\/p>\n<p>\u2013\u00a0Det er slik det f\u00f8les?\u00a0<\/p>\n<p>\u2013 Ja. Det gj\u00f8r det. Man merker det p\u00e5 folkene man m\u00f8ter. De er skuffet og deppet.\u00a0<\/p>\n<p>        <img class=\"image__img lazyload\" itemprop=\"image\" title=\"Foto: Vegard Gr\u00f8tt \/ BILDBYR\u00c5N\" alt=\"ENDELIG! Norge slo Italia p\u00e5 selveste San Siro og kvalifiserte seg til VM. Frode Grod\u00e5s helt til venstre i bildet. Foto: Vegard Gr\u00f8tt \/ BILDBYR\u00c5N\" width=\"675\" height=\"453\" bad-src=\"https:\/\/www.europesays.com\/no\/wp-content\/uploads\/2025\/12\/18298121.webp\" fetchpriority=\"auto\" \/><\/p>\n<p>      ENDELIG! Norge slo Italia p\u00e5 selveste San Siro og kvalifiserte seg til VM. Frode Grod\u00e5s helt til venstre i bildet.<br \/>\n         Foto: Vegard Gr\u00f8tt \/ BILDBYR\u00c5N<\/p>\n<p>\u2013 Aldri opplevd f\u00f8r<\/p>\n<p>Skuffet og deppet. Slik er det ikke lenger. Norge skal til VM. Det merker Frode Grod\u00e5s hvor enn han g\u00e5r. Ikke bare p\u00e5 R\u00e5dhusplassen for noen uker siden, der n\u00e6rmere 50 000 m\u00f8tte opp for \u00e5 hedre landslaget.\u00a0<\/p>\n<p>Selv i det daglige, p\u00e5 butikken og p\u00e5 gata, blir Grod\u00e5s stoppet \u2013 og det gj\u00f8r ham r\u00f8rt.\u00a0<\/p>\n<p class=\"bold m-bold\" data-lab-font_weight=\"bold\">\u2013 Jeg har aldri opplevd s\u00e5 mange glade folk som n\u00e5. Her om dagen var jeg p\u00e5 Kitch`n for \u00e5 kj\u00f8pe meg stekepanne, og dama i kassa ga meg en high-five. Det har jeg aldri opplevd f\u00f8r, sier Grod\u00e5s.\u00a0<\/p>\n<p>\u2013 Jeg holdt nesten p\u00e5 \u00e5 kj\u00f8pe to panner av henne, fortsetter han og flirer.\u00a0<\/p>\n<p>        <img class=\"image__img lazyload\" itemprop=\"image\" title=\"Foto: Mathias Moen \/ TV 2\" alt=\" Foto: Mathias Moen \/ TV 2\" width=\"675\" height=\"574\" bad-src=\"https:\/\/www.europesays.com\/no\/wp-content\/uploads\/2025\/12\/18349748.webp\" fetchpriority=\"auto\" \/><\/p>\n<p>         Foto: Mathias Moen \/ TV 2<\/p>\n<p>Etter kvelden i Milano i midten av november har han og hele nasjonen sett frem til \u00e5 f\u00e5 avklart \u00e9n ting: Hvem blir Norges motstandere i VM? Hvor og n\u00e5r skal vi spille? Fredag og l\u00f8rdag kommer svaret.\u00a0<\/p>\n<p>F\u00f8rst da kan forberedelsene til Norges f\u00f8rste mesterskap p\u00e5 26 \u00e5r for alvor starte. For St\u00e5le Solbakken. For Erling Braut Haaland \u2013 og Frode Grod\u00e5s. Samt alle andre nordmenn med planer om \u00e5 reise over Atlanteren.\u00a0<\/p>\n<p>\u2013 Det blir utrolig spennende, sier han.<\/p>\n<p>VM-feberen herjer over nasjonen. Selv ikke Frode Grod\u00e5s vet hvordan han kommer til \u00e5 reagere n\u00e5r han er tilbake i Nord-Amerika neste sommer.\u00a0<\/p>\n<p>\u2013 Det er vanskelig \u00e5 si. Men at jeg f\u00e5r en klump i halsen og at h\u00e5rene vil reise seg over armen, det kommer sikkert til \u00e5 skje.\u00a0<\/p>\n<p class=\"bold m-bold\" data-lab-font_weight=\"bold\"> Du ser trekningen p\u00e5 <a href=\"https:\/\/play.tv2.no\/serier\/fifa-fotball-vm-2026-trekning-9cdyjhfs\" rel=\"nofollow noopener\" target=\"_blank\">TV 2 Play<\/a> fra klokken 17 p\u00e5 fredag!<\/p>\n","protected":false},"excerpt":{"rendered":"\u2013 Jeg gr\u00e5ter nesten aldri. Men n\u00e5 kom det pokker meg noen t\u00e5rer.\u00a0 Frode Grod\u00e5s (61) ser utover&hellip;\n","protected":false},"author":2,"featured_media":103701,"comment_status":"","ping_status":"","sticky":false,"template":"","format":"standard","meta":{"footnotes":""},"categories":[59],"tags":[30,28,29,83,82],"class_list":{"0":"post-103700","1":"post","2":"type-post","3":"status-publish","4":"format-standard","5":"has-post-thumbnail","7":"category-sport","8":"tag-no","9":"tag-norge","10":"tag-norway","11":"tag-sport","12":"tag-sports"},"share_on_mastodon":{"url":"https:\/\/pubeurope.com\/@no\/115659756251042873","error":""},"_links":{"self":[{"href":"https:\/\/www.europesays.com\/no\/wp-json\/wp\/v2\/posts\/103700","targetHints":{"allow":["GET"]}}],"collection":[{"href":"https:\/\/www.europesays.com\/no\/wp-json\/wp\/v2\/posts"}],"about":[{"href":"https:\/\/www.europesays.com\/no\/wp-json\/wp\/v2\/types\/post"}],"author":[{"embeddable":true,"href":"https:\/\/www.europesays.com\/no\/wp-json\/wp\/v2\/users\/2"}],"replies":[{"embeddable":true,"href":"https:\/\/www.europesays.com\/no\/wp-json\/wp\/v2\/comments?post=103700"}],"version-history":[{"count":0,"href":"https:\/\/www.europesays.com\/no\/wp-json\/wp\/v2\/posts\/103700\/revisions"}],"wp:featuredmedia":[{"embeddable":true,"href":"https:\/\/www.europesays.com\/no\/wp-json\/wp\/v2\/media\/103701"}],"wp:attachment":[{"href":"https:\/\/www.europesays.com\/no\/wp-json\/wp\/v2\/media?parent=103700"}],"wp:term":[{"taxonomy":"category","embeddable":true,"href":"https:\/\/www.europesays.com\/no\/wp-json\/wp\/v2\/categories?post=103700"},{"taxonomy":"post_tag","embeddable":true,"href":"https:\/\/www.europesays.com\/no\/wp-json\/wp\/v2\/tags?post=103700"}],"curies":[{"name":"wp","href":"https:\/\/api.w.org\/{rel}","templated":true}]}}