{"id":103707,"date":"2025-12-04T06:05:15","date_gmt":"2025-12-04T06:05:15","guid":{"rendered":"https:\/\/www.europesays.com\/no\/103707\/"},"modified":"2025-12-04T06:05:15","modified_gmt":"2025-12-04T06:05:15","slug":"tre-lokaler-skal-fylles-na-lofter-senterlederen-pa-sloret-ostlendingen","status":"publish","type":"post","link":"https:\/\/www.europesays.com\/no\/103707\/","title":{"rendered":"Tre lokaler skal fylles \u2013 n\u00e5 l\u00f8fter senterlederen p\u00e5 sl\u00f8ret &#8211; \u00d8stlendingen"},"content":{"rendered":"<ol>\n<li><a href=\"https:\/\/news.google.com\/rss\/articles\/CBMiyAFBVV95cUxQb0pHUlpmUXBPOEtkbTExS0JxdzFua0VyQ0hieElsendmdHlDcVRqV09BVzN2QnFhY1htaUNQSVp2aEhPM1AyVUVtZGxzTTJ2SU9IWDdwVzY0T3dRTGRmdW9sUi1hT3FHc2pMTHBmNnF3cExUN3NrdE9mN3F6SVlXWEo5RnpQdlByb0VvdUdwb1BpQllBV1hCdEpISEpNWU1wdWN2MDJfRUM0S0tBM2hjNHUwV3piV3lGbHR1NkxMQnpVM2k2Mi1vVQ?oc=5\" target=\"_blank\" rel=\"nofollow noopener\">Tre lokaler skal fylles \u2013 n\u00e5 l\u00f8fter senterlederen p\u00e5 sl\u00f8ret<\/a>&nbsp;&nbsp;\u00d8stlendingen<\/li>\n<li><a href=\"https:\/\/news.google.com\/rss\/articles\/CBMihwFBVV95cUxNeE9vdFQ3bDd3b2tOVE9iTF90blpsNlhtZGREbzdqSVhSWUJzUVQ0SU9xUVlibC1VTncwZHhNVE5YYU9naDI5UmxySEtZV053a2dEem16VTBjNXB5YmM1NWNTVVdBZVRYakx2Z241eTkyYUhGVXBORWlPaUs1azcyUlFuMUhvRFU?oc=5\" target=\"_blank\" rel=\"nofollow noopener\">Ski, Nordre Follo | N\u00e5 forsvinner denne kiosken fra storsenteret<\/a>&nbsp;&nbsp;\u00d8stlandets Blad<\/li>\n<li><a href=\"https:\/\/news.google.com\/rss\/articles\/CBMiogFBVV95cUxNRC1VbnR3NkEtNWVyOFBJWjZjQlpyazB1cVRDLWlOZDhLWWdHODh2VTQ2SjFuU21KRUgzc3lWdVB5ZTV4UnZfQXZmTjJ1NnEtenVpZjZSbEJqdS1wZ3lJYXhfODU0VVI2YURlSDdaRVppTWYyNE5CVkxqN1NaejNwekpHM0ZjWjNCWUUybnhJNENqV3JmUTRtRG1sd0hQVENpTmc?oc=5\" target=\"_blank\" rel=\"nofollow noopener\">Vil ikke si hvilke Narvesen-kiosker som forsvinner<\/a>&nbsp;&nbsp;adressa.no<\/li>\n<li><a href=\"https:\/\/news.google.com\/rss\/articles\/CBMijgFBVV95cUxOcDNTUjlDV0xOTnp6QWdrN0daQmhyZGFxdkFZTkZUR2x3eVlWa2V0d1RmdmlJQTNFTzdFWk5iaTk2cWFFTW11bWxKOWo5bHUzamc2aEl6b1M0MU1GSUlMaWpHTVA3aDNpRVFMVUNHTTh5MVFiVHpYUVdrVVNFNkcwNXFKMDRKNG9wdzNIbGhn?oc=5\" target=\"_blank\" rel=\"nofollow noopener\">Trones og sentrum, Arbeidsliv | M\u00e5 legge ned: \u2013 Det kom veldig br\u00e5tt p\u00e5 oss<\/a>&nbsp;&nbsp;Sandnesposten<\/li>\n<li><a href=\"https:\/\/news.google.com\/rss\/articles\/CBMie0FVX3lxTFBDMkZ6ZUkzdlFCSVhWWkZyY0hQeGppV3ZnQ0labEQxWDFwRk8wT0NxcTV1UU5tTE1GUDdRZ2RBcldGTFpOZzVYNTlIY1NxQ2pwOTZRUzUxTmlqVlkyWmh0eDdVUEI1ZmtsVU9laUtMWHVuczlqc3dPV3ZKWQ?oc=5\" target=\"_blank\" rel=\"nofollow noopener\">Etter 22 \u00e5r er det snart slutt her: Avsl\u00f8rer hva som i stedet skal inn<\/a>&nbsp;&nbsp;Nordre Aker Budstikke<\/li>\n<\/ol>\n","protected":false},"excerpt":{"rendered":"Tre lokaler skal fylles \u2013 n\u00e5 l\u00f8fter senterlederen p\u00e5 sl\u00f8ret&nbsp;&nbsp;\u00d8stlendingen Ski, Nordre Follo | N\u00e5 forsvinner denne kiosken&hellip;\n","protected":false},"author":2,"featured_media":103708,"comment_status":"","ping_status":"","sticky":false,"template":"","format":"standard","meta":{"footnotes":""},"categories":[56],"tags":[60,61,62,30,28,29],"class_list":{"0":"post-103707","1":"post","2":"type-post","3":"status-publish","4":"format-standard","5":"has-post-thumbnail","7":"category-naeringsliv","8":"tag-business","9":"tag-economy","10":"tag-naeringsliv","11":"tag-no","12":"tag-norge","13":"tag-norway"},"share_on_mastodon":{"url":"https:\/\/pubeurope.com\/@no\/115659795475054332","error":""},"_links":{"self":[{"href":"https:\/\/www.europesays.com\/no\/wp-json\/wp\/v2\/posts\/103707","targetHints":{"allow":["GET"]}}],"collection":[{"href":"https:\/\/www.europesays.com\/no\/wp-json\/wp\/v2\/posts"}],"about":[{"href":"https:\/\/www.europesays.com\/no\/wp-json\/wp\/v2\/types\/post"}],"author":[{"embeddable":true,"href":"https:\/\/www.europesays.com\/no\/wp-json\/wp\/v2\/users\/2"}],"replies":[{"embeddable":true,"href":"https:\/\/www.europesays.com\/no\/wp-json\/wp\/v2\/comments?post=103707"}],"version-history":[{"count":0,"href":"https:\/\/www.europesays.com\/no\/wp-json\/wp\/v2\/posts\/103707\/revisions"}],"wp:featuredmedia":[{"embeddable":true,"href":"https:\/\/www.europesays.com\/no\/wp-json\/wp\/v2\/media\/103708"}],"wp:attachment":[{"href":"https:\/\/www.europesays.com\/no\/wp-json\/wp\/v2\/media?parent=103707"}],"wp:term":[{"taxonomy":"category","embeddable":true,"href":"https:\/\/www.europesays.com\/no\/wp-json\/wp\/v2\/categories?post=103707"},{"taxonomy":"post_tag","embeddable":true,"href":"https:\/\/www.europesays.com\/no\/wp-json\/wp\/v2\/tags?post=103707"}],"curies":[{"name":"wp","href":"https:\/\/api.w.org\/{rel}","templated":true}]}}