{"id":103709,"date":"2025-12-04T06:18:11","date_gmt":"2025-12-04T06:18:11","guid":{"rendered":"https:\/\/www.europesays.com\/no\/103709\/"},"modified":"2025-12-04T06:18:11","modified_gmt":"2025-12-04T06:18:11","slug":"domt-til-atte-maneders-fengsel-etter-bita-azizis-dod","status":"publish","type":"post","link":"https:\/\/www.europesays.com\/no\/103709\/","title":{"rendered":"D\u00f8mt til \u00e5tte m\u00e5neders fengsel etter Bita Azizis d\u00f8d"},"content":{"rendered":"\n<p class=\"_lead_o9xde_2 _lead_xtcu6_50 layout-component text-serif-m layout-normal text-serif-l layout-component layout-wide layout-padded _wide_17hqh_1 layout-padded\">Venninnen som kj\u00f8rte bilen natten da Bita Azizi d\u00f8de, er d\u00f8mt til \u00e5tte m\u00e5neders fengsel. Hun m\u00e5 ogs\u00e5 betale erstatning til foreldrene.<\/p>\n<p><img alt=\"\u2013 VIL B\u00c6RE SORGEN RESTEN AV LIVET: Det skriver foreldrene i en uttalelse etter dommen mot f\u00f8reren som n\u00e5 er d\u00f8mt for \u00e5 ha forvoldt Bita Azizis d\u00f8d. Foto: Privat \/ Privat\" class=\"_image_qp4xg_65 layout-component layout-wide\" data-fullscreen- data-track-element-type=\"Article image fullscreen\" data-track-name=\"ImageFullscreen\" fetchpriority=\"high\" decoding=\"sync\" loading=\"eager\" height=\"1024\" itemprop=\"image\"  src=\"https:\/\/www.europesays.com\/no\/wp-content\/uploads\/2025\/12\/95926107-260a-4160-97da-48e8a9dc44cc\"  style=\"object-position:0% 0%\" width=\"593\"\/>\u2013 VIL B\u00c6RE SORGEN RESTEN AV LIVET: Det skriver foreldrene i en uttalelse etter dommen mot f\u00f8reren som n\u00e5 er d\u00f8mt for \u00e5 ha forvoldt Bita Azizis d\u00f8d. Foto: Privat \/ Privat<\/p>\n<ul aria-hidden=\"true\" class=\"_images_1uft6_111\">\n<li><a class=\"_link_1uft6_116\" href=\"https:\/\/www.vg.no\/forfatter\/haakon-f-hoeydal\" style=\"z-index:1\" title=\"H\u00e5kon F. H\u00f8ydal\" rel=\"nofollow noopener\" target=\"_blank\"><img alt=\"Bilde av H\u00e5kon F. H\u00f8ydal\" class=\"_image_1uft6_93\" fetchpriority=\"low\" loading=\"lazy\" decoding=\"async\" itemprop=\"image\"  src=\"https:\/\/www.europesays.com\/no\/wp-content\/uploads\/2025\/12\/1764829089_686_791defbc-20b8-4779-b615-3d02a4d66e97\"  width=\"480\"\/><\/a><\/li>\n<\/ul>\n<p> Oppdatert torsdag 4. desember kl. 04:30    <\/p>\n<ul class=\"_list_o9xde_3 _list_64s2r_85 _unordered_o9xde_106 text-sans-m\">\n<li class=\"_item_o9xde_30\">Venninnen d\u00f8mt til \u00e5tte m\u00e5neders fengsel for d\u00f8dsulykken der Bita Azizi d\u00f8de.<\/li>\n<li class=\"_item_o9xde_30\">Hun mister f\u00f8rerkortet i fire \u00e5r og m\u00e5 betale 390.000 kroner i erstatning til Bitas foreldre.<\/li>\n<li class=\"_item_o9xde_30\">Retten mener strenge reaksjoner er n\u00f8dvendig for \u00e5 motvirke farlig trafikkadferd.<\/li>\n<li class=\"_item_o9xde_30\">Foreldrene h\u00e5per dommen kan f\u00e5 flere til \u00e5 unng\u00e5 mobilbruk bak rattet.<\/li>\n<\/ul>\n<p>Vis mer <\/p>\n<p class=\"_paragraph_o9xde_4 _paragraph_xtcu6_10 layout-component text-serif-m layout-normal text-serif-m layout-padded\">Kvinnen har enn\u00e5 ikke tatt stilling til om hun anker dommen, sier kvinnens forsvarer, Sidra Bhatti, til VG.<\/p>\n<p class=\"_paragraph_o9xde_4 _paragraph_xtcu6_10 layout-component text-serif-m layout-normal text-serif-m layout-padded\">Kvinnen d\u00f8mmes til \u00e5tte m\u00e5neders fengsel, mister f\u00f8rerkortet i fire \u00e5r, og m\u00e5 betale totalt 390.000 kroner i oppreisningserstatning til den avd\u00f8des foreldre.<\/p>\n<p class=\"_paragraph_o9xde_4 _paragraph_xtcu6_10 layout-component text-serif-m layout-normal text-serif-m layout-padded\">Bita <a href=\"https:\/\/www.vg.no\/i\/wg3O1G\" data-track-element-type=\"Link\" data-track-id=\"link:wg3O1G\" class=\"_link_o9xde_39\" rel=\"nofollow noopener\" target=\"_blank\">d\u00f8de da hun og tre andre venninner kj\u00f8rte hjem<\/a> fra Oslo en augustnatt i fjor. <a href=\"https:\/\/www.vg.no\/i\/6qw110\" data-track-element-type=\"Link\" data-track-id=\"link:6qw110\" class=\"_link_o9xde_39\" rel=\"nofollow noopener\" target=\"_blank\">Videoer som ble vist under rettssaken<\/a> forrige uke, viste hvordan Bita og de to andre passasjerene hang ut av vinduene p\u00e5 bilen mens den kj\u00f8rte.<\/p>\n<p class=\"_paragraph_o9xde_4 _paragraph_xtcu6_10 layout-component text-serif-m layout-normal text-serif-m layout-padded\">De filmet hverandre \u2013 ogs\u00e5 f\u00f8reren av bilen gjorde det.<\/p>\n<p class=\"_paragraph_o9xde_4 _paragraph_xtcu6_10 layout-component text-serif-m layout-normal text-serif-m layout-padded\">Det fikk bilen til \u00e5 kj\u00f8re av veien, og Bita ble truffet av en stolpe i omkring 40 kilometer i timen. Hun d\u00f8de p\u00e5 stedet av skadene.<\/p>\n<p><img alt=\"SKULLE BLI TANNLEGE: Det var planen til Bita.   Foto: Privat \/ Privat\" class=\"_image_qp4xg_65 layout-component layout-normal\" data-fullscreen- data-track-element-type=\"Article image fullscreen\" data-track-name=\"ImageFullscreen\" decoding=\"async\" loading=\"lazy\" height=\"1151\" itemprop=\"image\"  src=\"https:\/\/www.europesays.com\/no\/wp-content\/uploads\/2025\/12\/8d6fd37e-52e1-4b75-a3a2-e29c621a04a0\"  style=\"object-position:0% 0%\" width=\"960\"\/>SKULLE BLI TANNLEGE: Det var planen til Bita.   Foto: Privat \/ Privat<\/p>\n<p class=\"_paragraph_o9xde_4 _paragraph_xtcu6_10 layout-component text-serif-m layout-normal text-serif-m layout-padded\"><strong class=\"_strong_o9xde_25\">\u2013 Det forel\u00e5 en sv\u00e6rt risikofylt situasjon, som krevde at (f\u00f8reren) var s\u00e6rlig oppmerksom og forsiktig, skriver retten i dommen.<\/strong><\/p>\n<p class=\"_paragraph_o9xde_4 _paragraph_xtcu6_10 layout-component text-serif-m layout-normal text-serif-m layout-padded\">Retten skriver selv at dommen er streng, men mener at det er n\u00f8dvendig. <\/p>\n<p class=\"_paragraph_o9xde_4 _paragraph_xtcu6_10 layout-component text-serif-m layout-normal text-serif-m layout-padded\">\u2013 Etter rettens syn gj\u00f8r allmennpreventive hensyn seg gjeldende med tyngde i forhold til unge og uerfarne sj\u00e5f\u00f8rer som p\u00e5 denne m\u00e5ten opptrer grovt uaktsomt i trafikken. Strenge reaksjoner er n\u00f8dvendige for \u00e5 motvirke slik farlig adferd, skriver de.<\/p>\n<p class=\"_paragraph_o9xde_4 _paragraph_xtcu6_10 layout-component text-serif-m layout-normal text-serif-m layout-padded\">I rettssaken forrige uke erkjente f\u00f8reren straffskyld. <a href=\"https:\/\/www.vg.no\/i\/6qw110\" data-track-element-type=\"Link\" data-track-id=\"link:6qw110\" class=\"_link_o9xde_39\" rel=\"nofollow noopener\" target=\"_blank\">Kvinnen var tydelig preget <\/a>da hun vitnet.<\/p>\n<p class=\"_paragraph_o9xde_4 _paragraph_xtcu6_10 layout-component text-serif-m layout-normal text-serif-m layout-padded\"><strong class=\"_strong_o9xde_25\">\u2013 Bita var min bestevenninne. Hun var som en s\u00f8ster for meg, sa hun.<\/strong><\/p>\n<p><img alt=\"Mange ville ta farvel med Bita Azizi da ved hennes begravelse f\u00e5 dager etter at hun d\u00f8de.  Foto: Fredrik Solstad \/ VG\" class=\"_image_qp4xg_65 layout-component layout-normal\" data-fullscreen- data-track-element-type=\"Article image fullscreen\" data-track-name=\"ImageFullscreen\" decoding=\"async\" loading=\"lazy\" height=\"3963\" itemprop=\"image\"  src=\"https:\/\/www.europesays.com\/no\/wp-content\/uploads\/2025\/12\/f48c9c9e-3c26-4228-9782-e0ba881800d8\"  style=\"object-position:0% 0%\" width=\"5546\"\/>Mange ville ta farvel med Bita Azizi da ved hennes begravelse f\u00e5 dager etter at hun d\u00f8de.  Foto: Fredrik Solstad \/ VG<\/p>\n<p class=\"_paragraph_o9xde_4 _paragraph_xtcu6_10 layout-component text-serif-m layout-normal text-serif-m layout-padded\">Foreldrene til Bita skriver i en uttalelse til VG at dommen betyr mye.<\/p>\n<p class=\"_paragraph_o9xde_4 _paragraph_xtcu6_10 layout-component text-serif-m layout-normal text-serif-m layout-padded\">\u2013 Den bekrefter noe vi har b\u00e5ret alene i hjertene v\u00e5re i over ett \u00e5r:\u00a0Bita hadde ikke skylden. Hun gjorde ikke noe galt. Hun mistet livet p\u00e5 grunn av\u00a0grovt uaktsom kj\u00f8ring, mobilbruk bak rattet og farlig adferd som aldri skulle v\u00e6rt akseptert i en bil full av unge menneske, skriver de.<\/p>\n<p class=\"_paragraph_o9xde_4 _paragraph_xtcu6_10 layout-component text-serif-m layout-normal text-serif-m layout-padded\">Dommen lindrer likevel ikke sorgen og savnet etter datteren, som skulle studere til \u00e5 bli tannlege bare uker etter at hun d\u00f8de.<\/p>\n<p><img alt=\"Veien var lenge stengt i morgentimene etter d\u00f8dsulykken.   Foto: ans O. Torgersen \/ ans O. Torgersen\" class=\"_image_qp4xg_65 layout-component layout-normal\" data-fullscreen- data-track-element-type=\"Article image fullscreen\" data-track-name=\"ImageFullscreen\" decoding=\"async\" loading=\"lazy\" height=\"1080\" itemprop=\"image\"  src=\"https:\/\/www.europesays.com\/no\/wp-content\/uploads\/2025\/12\/9fe4d741-9bb3-494d-98bc-7e10afb0b873\"  style=\"object-position:0% 0%\" width=\"1920\"\/>Veien var lenge stengt i morgentimene etter d\u00f8dsulykken.   Foto: ans O. Torgersen \/ ans O. Torgersen<\/p>\n<p class=\"_paragraph_o9xde_4 _paragraph_xtcu6_10 layout-component text-serif-m layout-normal text-serif-m layout-padded\">\u2013 Vi vil b\u00e6re denne sorgen resten av livet. Vi har mistet fremtiden sammen med henne. Vi f\u00e5r aldri se henne fullf\u00f8re dr\u00f8mmene sine, aldri se henne gifte seg, aldri se henne holde sine egne barn. Dette er \u00f8yeblikk andre tar for gitt \u2013 \u00f8yeblikk vi n\u00e5 bare kan forestille oss. Slikt et tap kan ikke m\u00e5les, og det kan aldri erstattes, skriver foreldrene.<\/p>\n<p class=\"_paragraph_o9xde_4 _paragraph_xtcu6_10 layout-component text-serif-m layout-normal text-serif-m layout-padded\">Store folkemengder var med da de fulgte datteren sin til sitt siste hvilested i august i fjor. <a href=\"https:\/\/www.vg.no\/i\/eMGypy\" data-track-element-type=\"Link\" data-track-id=\"link:eMGypy\" class=\"_link_o9xde_39\" rel=\"nofollow noopener\" target=\"_blank\">Ogs\u00e5 VG fikk v\u00e6re til stede<\/a>.<\/p>\n<p class=\"_paragraph_o9xde_4 _paragraph_xtcu6_10 layout-component text-serif-m layout-normal text-serif-m layout-padded\">\u2013 Det gir oss tr\u00f8st \u00e5 vite at hun betydde s\u00e5 mye for s\u00e5 mange, sa en av Bitas fettere til VG da.<\/p>\n<p class=\"_paragraph_o9xde_4 _paragraph_xtcu6_10 layout-component text-serif-m layout-normal text-serif-m layout-padded\">Foreldrene h\u00e5per at Bitas d\u00f8d, og dommen mot venninnen, kan f\u00e5 flere til \u00e5 tenke seg om med \u00e5 bruke mobiltelefon mens de kj\u00f8rer. <\/p>\n<p class=\"_paragraph_o9xde_4 _paragraph_xtcu6_10 layout-component text-serif-m layout-normal text-serif-m layout-padded\">\u2013 Hvis hennes historie kan f\u00e5 \u00e9n person til \u00e5 legge bort mobilen bak rattet, hvis det kan redde \u00e9n annen datter eller s\u00f8nn, da betyr det mer enn noen ord kan uttrykke. Vi elsker henne for alltid. Og vi savner henne hver eneste sekund.<\/p>\n","protected":false},"excerpt":{"rendered":"Venninnen som kj\u00f8rte bilen natten da Bita Azizi d\u00f8de, er d\u00f8mt til \u00e5tte m\u00e5neders fengsel. Hun m\u00e5 ogs\u00e5&hellip;\n","protected":false},"author":2,"featured_media":103710,"comment_status":"","ping_status":"","sticky":false,"template":"","format":"standard","meta":{"footnotes":""},"categories":[10],"tags":[20,21,2675,2616,24,25,15,22,23,8042,13,30,28,29,14,16,26,27],"class_list":{"0":"post-103709","1":"post","2":"type-post","3":"status-publish","4":"format-standard","5":"has-post-thumbnail","7":"category-norge","8":"tag-breaking-news","9":"tag-breakingnews","10":"tag-dommer","11":"tag-dodsulykker","12":"tag-featured-news","13":"tag-featurednews","14":"tag-headlines","15":"tag-latest-news","16":"tag-latestnews","17":"tag-mobilbruk","18":"tag-news","19":"tag-no","20":"tag-norge","21":"tag-norway","22":"tag-nyheter","23":"tag-overskrifter","24":"tag-top-stories","25":"tag-topstories"},"share_on_mastodon":{"url":"https:\/\/pubeurope.com\/@no\/115659846837534124","error":""},"_links":{"self":[{"href":"https:\/\/www.europesays.com\/no\/wp-json\/wp\/v2\/posts\/103709","targetHints":{"allow":["GET"]}}],"collection":[{"href":"https:\/\/www.europesays.com\/no\/wp-json\/wp\/v2\/posts"}],"about":[{"href":"https:\/\/www.europesays.com\/no\/wp-json\/wp\/v2\/types\/post"}],"author":[{"embeddable":true,"href":"https:\/\/www.europesays.com\/no\/wp-json\/wp\/v2\/users\/2"}],"replies":[{"embeddable":true,"href":"https:\/\/www.europesays.com\/no\/wp-json\/wp\/v2\/comments?post=103709"}],"version-history":[{"count":0,"href":"https:\/\/www.europesays.com\/no\/wp-json\/wp\/v2\/posts\/103709\/revisions"}],"wp:featuredmedia":[{"embeddable":true,"href":"https:\/\/www.europesays.com\/no\/wp-json\/wp\/v2\/media\/103710"}],"wp:attachment":[{"href":"https:\/\/www.europesays.com\/no\/wp-json\/wp\/v2\/media?parent=103709"}],"wp:term":[{"taxonomy":"category","embeddable":true,"href":"https:\/\/www.europesays.com\/no\/wp-json\/wp\/v2\/categories?post=103709"},{"taxonomy":"post_tag","embeddable":true,"href":"https:\/\/www.europesays.com\/no\/wp-json\/wp\/v2\/tags?post=103709"}],"curies":[{"name":"wp","href":"https:\/\/api.w.org\/{rel}","templated":true}]}}