{"id":103715,"date":"2025-12-04T06:24:15","date_gmt":"2025-12-04T06:24:15","guid":{"rendered":"https:\/\/www.europesays.com\/no\/103715\/"},"modified":"2025-12-04T06:24:15","modified_gmt":"2025-12-04T06:24:15","slug":"tidligere-lege-domt-til-fengsel-i-25-ar-nrk-urix-utenriksnyheter-og-dokumentarer","status":"publish","type":"post","link":"https:\/\/www.europesays.com\/no\/103715\/","title":{"rendered":"Tidligere lege d\u00f8mt til fengsel i 2,5 \u00e5r \u2013 NRK Urix \u2013 Utenriksnyheter og -dokumentarer"},"content":{"rendered":"<p>I oktober 2023 ble Matthew Perry funnet d\u00f8d i sitt eget hjem.<\/p>\n<p><strong>Skuespilleren, som var mest kjent for sin rolle som Chandler Bing i TV-serien \u00abFriends\u00bb, eller \u00abVenner for livet\u00bb, d\u00f8de som f\u00f8lge av en overdose av ketamin.<\/strong><\/p>\n<p>Han ble 54 \u00e5r gammel.<\/p>\n<p>Ketamin<\/p>\n<p>Ketamin er et hurtigvirkende smertestillende legemiddel og anestesimiddel.<\/p>\n<p>Legemiddelet brukes ofte som anestetikum p\u00e5 dyr, men ogs\u00e5 p\u00e5 mennesker i kortere kirurgiske inngrep. I nyere tid er ketamin blitt vanligere \u00e5 bruke i behandling av depresjon.<\/p>\n<p>Ketamin kan i passende enkeltdose fremkalle s\u00f8vn og hindre bevisst smerteopplevelse i 20\u201330 minutter.<\/p>\n<p>Ketamin kan i likhet med mange andre psykedeliske rusmidler, som LSD og psilocybin, f\u00f8re til dissosiasjon og hallusinasjoner.<\/p>\n<p>Totalt fem personer ble p\u00e5grepet og siktet for \u00e5 ha medvirket til Perrys d\u00f8dsfall, deriblant to leger.<\/p>\n<p>N\u00e5 er den f\u00f8rste av de siktede d\u00f8mt i saken.<\/p>\n<p>Salvador Plasencia var lege ved en klinikk i Malibu i California, og innr\u00f8mmet \u00e5 ha solgt 20 hetteglass, totalt 100 milligram, med ketamin til Perry.<\/p>\n<p><strong>Han er n\u00e5 d\u00f8mt til fengsel i 2,5 \u00e5r.<\/strong><\/p>\n<p><img decoding=\"async\"   src=\"data:image\/gif;base64,R0lGODlhAQABAIAAAAAAAP\/\/\/yH5BAEAAAAALAAAAAABAAEAAAIBRAA7\" loading=\"eager\" alt=\"Tre personer g\u00e5r sammen utend\u00f8rs, if\u00f8rt dress i m\u00f8rke farger. Personene ser alvorlige ut.\" title=\"Foto: Mike Blake \/ Reuters \/ NTB\"\/><\/p>\n<p class=\"\">Salvador Plasencia solgte st\u00f8rre mengder med ketamin til Matthew Perry. Her er han p\u00e5 vei inn i rettssalen.<\/p>\n<p>Foto: Mike Blake \/ Reuters \/ NTB<\/p>\n<p>Han skal selv ha injisert Perry med rusmiddelet ved tidligere anledninger f\u00f8r skuespillerens d\u00f8d, if\u00f8lge <a href=\"https:\/\/www.bbc.com\/news\/articles\/c784l795lzdo\" target=\"_blank\" ec-id=\"https:\/\/www.bbc.com\/news\/articles\/c784l795lzdo\" ec-name=\"BBC\" rel=\"nofollow noopener\">BBC<\/a>.<\/p>\n<p>Han rekrutterte ogs\u00e5 den andre legen involvert i saken, Mark Chavez, til \u00e5 forsyne han med rusmiddelet. Plasencia og Chavez uttrykte et \u00f8nske om \u00e5 bli Perrys \u00abhovedkilde\u00bb til ketamin, if\u00f8lge <a href=\"http:\/\/www.nbclosangeles.com\/entertainment\/entertainment-news\/doctor-sentence-matthew-perry-ketamine-death\/3810870\/\" target=\"_blank\" ec-id=\"http:\/\/www.nbclosangeles.com\/entertainment\/entertainment-news\/doctor-sentence-matthew-perry-ketamine-death\/3810870\/\" ec-name=\"NBC Los Angeles\" rel=\"nofollow noopener\">NBC Los Angeles<\/a>.<\/p>\n<p>Plasencia nektet f\u00f8rst straffskyld, men i <a href=\"http:\/\/www.nrk.no\/nyheter\/lege-erklaerte-skyld-etter-dodsfallet-til-matthew-perry-1.17503128\" ec-id=\"pp:article:1.17503128\" ec-name=\"juli erkl\u00e6rte han seg skyldig\" rel=\"nofollow noopener\" target=\"_blank\">juli erkl\u00e6rte han seg skyldig<\/a> i fire tilfeller av ulovlig distribusjon av ketamin. Strafferammen var p\u00e5 inntil 40 \u00e5rs fengsel.<\/p>\n<p>\u2013 Dr. Plasencia angrer dypt for beslutningene han tok mens han ga ketamin til Matthew Perry, sa hans advokat i en tidligere uttalelse.<\/p>\n<p><strong>Den tidligere legen var ikke tiltalt for \u00e5 solgt den d\u00f8delige dosen som tok livet av Perry.<\/strong><\/p>\n<p>\u2013 Plasencia s\u00e5 p\u00e5 dette som en mulighet til \u00e5 tjene p\u00e5 Perry. I en tekstmelding han sendte i september 2023 skrev han \u00abjeg lurer p\u00e5 hvor mye denne idioten vil betale\u00bb, uttalte statsadvokat i California Martin Estrada i august i fjor.<\/p>\n<p><img decoding=\"async\"   src=\"data:image\/gif;base64,R0lGODlhAQABAIAAAAAAAP\/\/\/yH5BAEAAAAALAAAAAABAAEAAAIBRAA7\" loading=\"eager\" alt=\"En mann i bl\u00e5 dress og lyse skjorte taler ved en podium. I bakgrunnen st\u00e5r to personer delvis synlige. Det er et m\u00f8rkt bakteppe med flagg. Det ser ut som en formell pressekonferanse.\" title=\"Foto: Reuters\"\/><\/p>\n<p class=\"\">Martin Estrada er statsadvokat i Californias sentrale distrikt.<\/p>\n<p>Foto: Reuters<\/p>\n<p>Perry var \u00e5pen om sin kamp mot rusavhengighet. I boken \u00abFriends, Lovers and the Big Terrible Thing\u00bb, som kom i 2022, fortalte han blant annet at han hadde deltatt i 6000 AA-m\u00f8ter, hatt 14 operasjoner og v\u00e6rt p\u00e5 15 avrusninger som f\u00f8lge av misbruket.<\/p>\n<p>Operasjonene var relatert til komplikasjoner etter at tykktarmen hans revnet, etter overdreven bruk av opioider.<\/p>\n<p>Interessert i mer utenriks? H\u00f8r redaksjonens siste podkast:<\/p>\n<p>Publisert<\/p>\n<p>03.12.2025, kl. 21.58<\/p>\n<p>Oppdatert<\/p>\n<p>03.12.2025, kl. 22.09<\/p>\n","protected":false},"excerpt":{"rendered":"I oktober 2023 ble Matthew Perry funnet d\u00f8d i sitt eget hjem. Skuespilleren, som var mest kjent for&hellip;\n","protected":false},"author":2,"featured_media":103716,"comment_status":"","ping_status":"","sticky":false,"template":"","format":"standard","meta":{"footnotes":""},"categories":[12],"tags":[20,21,24,25,15,22,23,13,30,28,29,14,16,26,27,42,43,44,45],"class_list":{"0":"post-103715","1":"post","2":"type-post","3":"status-publish","4":"format-standard","5":"has-post-thumbnail","7":"category-verden","8":"tag-breaking-news","9":"tag-breakingnews","10":"tag-featured-news","11":"tag-featurednews","12":"tag-headlines","13":"tag-latest-news","14":"tag-latestnews","15":"tag-news","16":"tag-no","17":"tag-norge","18":"tag-norway","19":"tag-nyheter","20":"tag-overskrifter","21":"tag-top-stories","22":"tag-topstories","23":"tag-verden","24":"tag-world","25":"tag-world-news","26":"tag-worldnews"},"share_on_mastodon":{"url":"https:\/\/pubeurope.com\/@no\/115659870213914103","error":""},"_links":{"self":[{"href":"https:\/\/www.europesays.com\/no\/wp-json\/wp\/v2\/posts\/103715","targetHints":{"allow":["GET"]}}],"collection":[{"href":"https:\/\/www.europesays.com\/no\/wp-json\/wp\/v2\/posts"}],"about":[{"href":"https:\/\/www.europesays.com\/no\/wp-json\/wp\/v2\/types\/post"}],"author":[{"embeddable":true,"href":"https:\/\/www.europesays.com\/no\/wp-json\/wp\/v2\/users\/2"}],"replies":[{"embeddable":true,"href":"https:\/\/www.europesays.com\/no\/wp-json\/wp\/v2\/comments?post=103715"}],"version-history":[{"count":0,"href":"https:\/\/www.europesays.com\/no\/wp-json\/wp\/v2\/posts\/103715\/revisions"}],"wp:featuredmedia":[{"embeddable":true,"href":"https:\/\/www.europesays.com\/no\/wp-json\/wp\/v2\/media\/103716"}],"wp:attachment":[{"href":"https:\/\/www.europesays.com\/no\/wp-json\/wp\/v2\/media?parent=103715"}],"wp:term":[{"taxonomy":"category","embeddable":true,"href":"https:\/\/www.europesays.com\/no\/wp-json\/wp\/v2\/categories?post=103715"},{"taxonomy":"post_tag","embeddable":true,"href":"https:\/\/www.europesays.com\/no\/wp-json\/wp\/v2\/tags?post=103715"}],"curies":[{"name":"wp","href":"https:\/\/api.w.org\/{rel}","templated":true}]}}