{"id":103719,"date":"2025-12-04T06:35:21","date_gmt":"2025-12-04T06:35:21","guid":{"rendered":"https:\/\/www.europesays.com\/no\/103719\/"},"modified":"2025-12-04T06:35:21","modified_gmt":"2025-12-04T06:35:21","slug":"stor-lekkasje-viser-assads-hemmelige-register-i-syria","status":"publish","type":"post","link":"https:\/\/www.europesays.com\/no\/103719\/","title":{"rendered":"Stor lekkasje viser Assads hemmelige register i Syria"},"content":{"rendered":"\n<ul class=\"_list_o9xde_3 _list_64s2r_85 _unordered_o9xde_106 text-sans-m\">\n<li class=\"_item_o9xde_30\">VG har i samarbeid med 24 internasjonale medier i 20 land avdekket 33.000 bilder av 10.200 ofre for Assad-regimet i Syria.<\/li>\n<li class=\"_item_o9xde_30\">Bildene  tatt mellom 2015 og 2024 viser brutal behandling av politiske motstandere, aktivister og andre sivile.<\/li>\n<li class=\"_item_o9xde_30\">Minst 100.000 mennesker forsvant under Assads styre gjennom krigen. <\/li>\n<li class=\"_item_o9xde_30\">Lekkasjen, som tyske kringkasteren NDR fikk tilgang til, gir nytt h\u00e5p for syrere verden over, ogs\u00e5 i Norge, om \u00e5 f\u00e5 svar p\u00e5 hva som har skjedd med deres familiemedlemmer.<\/li>\n<\/ul>\n<p>Vis mer <\/p>\n<p class=\"_paragraph_o9xde_4 _paragraph_xtcu6_10 layout-component text-serif-m layout-normal text-serif-m layout-padded\">P\u00e5 en metallplate ligger en d\u00f8d mann. Han er utsultet, naken og med \u00f8ynene \u00e5pne. <\/p>\n<p class=\"_paragraph_o9xde_4 _paragraph_xtcu6_10 layout-component text-serif-m layout-normal text-serif-m layout-padded\">P\u00e5 h\u00f8yre arm skimtes noe som er skrevet med en svart tusj: <\/p>\n<p class=\"_paragraph_o9xde_4 _paragraph_xtcu6_10 layout-component text-serif-m layout-normal text-serif-m layout-padded\">Nummeret 3659.<\/p>\n<p class=\"_paragraph_o9xde_4 _paragraph_xtcu6_10 layout-component text-serif-m layout-normal text-serif-m layout-padded\">Et annet lik ligger blodig i bagasjerommet i en varebil. Fotografiet av ham viser at fluer svirrer over kroppen: <\/p>\n<p class=\"_paragraph_o9xde_4 _paragraph_xtcu6_10 layout-component text-serif-m layout-normal text-serif-m layout-padded\">Nummer 4038.<\/p>\n<p class=\"_paragraph_o9xde_4 _paragraph_xtcu6_10 layout-component text-serif-m layout-normal text-serif-m layout-padded\">Dette er bare to eksempler p\u00e5 forsvunnede mennesker som n\u00e5 er funnet i et arkiv p\u00e5 over 10.200 ulike nummererte lik. <\/p>\n<p class=\"_paragraph_o9xde_4 _paragraph_xtcu6_10 layout-component text-serif-m layout-normal text-serif-m layout-padded\">Disse sv\u00e6rt sensitive, h\u00f8yoppl\u00f8selige bildene er aldri f\u00f8r publisert.<\/p>\n<p class=\"_paragraph_o9xde_4 _paragraph_xtcu6_10 layout-component text-serif-m layout-normal text-serif-m layout-padded\">Verdenssamfunnet har ikke visst at de fantes \u2013 f\u00f8r i dag.<\/p>\n<p class=\"_paragraph_o9xde_4 _paragraph_xtcu6_10 layout-component text-serif-m layout-normal text-serif-m layout-padded\">Likbildene er det groteske resultatet av\u00a0<a href=\"https:\/\/www.vg.no\/tag\/syria?utm_source=vg-article&amp;utm_medium=auto-tagger&amp;utm_campaign=43jA39\" class=\"_link_o9xde_39\" rel=\"nofollow noopener\" target=\"_blank\">Syrias<\/a>\u00a0tidligere president Bashar al-Assads styre \u2013 et regime ofte beskrevet som et systematisk og byr\u00e5kratisk drapsmaskineri.<\/p>\n<p class=\"_paragraph_o9xde_4 _paragraph_xtcu6_10 layout-component text-serif-m layout-normal text-serif-m layout-padded\">Alle bildene er tatt av regimet selv \u2013 av syriske milit\u00e6rfotografer. <\/p>\n<p class=\"_paragraph_o9xde_4 _paragraph_xtcu6_10 layout-component text-serif-m layout-normal text-serif-m layout-padded\">Hensikten med bildene var \u00e5 holde oversikt og katalogisere alle de drepte.<\/p>\n<p class=\"_paragraph_o9xde_4 _paragraph_xtcu6_10 layout-component text-serif-m layout-normal text-serif-m layout-padded\">Frem til desember i fjor l\u00e5 de samlet p\u00e5 en harddisk i en safe i den syriske hovedstaden.<\/p>\n<p class=\"_paragraph_o9xde_4 _paragraph_xtcu6_10 layout-component text-serif-m layout-normal text-serif-m layout-padded\">I over 50 \u00e5r, frem til desember i fjor, styrte familiedynastiet landet med jernh\u00e5nd. <\/p>\n<p><img alt=\"Bashar al-Assad fotografert i 2011.   Foto: AFP\" class=\"_image_qp4xg_65 layout-component layout-normal\" data-fullscreen- data-track-element-type=\"Article image fullscreen\" data-track-name=\"ImageFullscreen\" decoding=\"async\" loading=\"lazy\" height=\"1949\" itemprop=\"image\"  src=\"https:\/\/www.europesays.com\/no\/wp-content\/uploads\/2025\/12\/78d4e226-7017-4adc-ba8a-f04bc37ad1e3\"  style=\"object-position:0% 0%\" width=\"1462\"\/>Bashar al-Assad fotografert i 2011.   Foto: AFP<img alt=\"Bashar al-Assad fotografert i 2011.   Foto: AFP\" class=\"_image_qp4xg_65 layout-component layout-normal\" data-fullscreen- data-track-element-type=\"Article image fullscreen\" data-track-name=\"ImageFullscreen\" decoding=\"async\" loading=\"lazy\" height=\"1949\" itemprop=\"image\"  src=\"https:\/\/www.europesays.com\/no\/wp-content\/uploads\/2025\/12\/2103a56e-19a0-4e44-9ea4-129325ad1867\"  style=\"object-position:0% 0%\" width=\"2599\"\/>Bashar al-Assad fotografert i 2011.   Foto: AFP<img alt=\"Bashar al-Assad fotografert i 2011.   Foto: AFP\" class=\"_image_qp4xg_65 layout-component layout-normal\" data-fullscreen- data-track-element-type=\"Article image fullscreen\" data-track-name=\"ImageFullscreen\" decoding=\"async\" loading=\"lazy\" height=\"1949\" itemprop=\"image\"  src=\"https:\/\/www.europesays.com\/no\/wp-content\/uploads\/2025\/12\/2103a56e-19a0-4e44-9ea4-129325ad1867\"  style=\"object-position:0% 0%\" width=\"2599\"\/>Bashar al-Assad fotografert i 2011.   Foto: AFP<\/p>\n<p class=\"_paragraph_o9xde_4 _paragraph_xtcu6_10 layout-component text-serif-m layout-normal text-serif-m layout-padded\">F\u00f8rst n\u00e5 f\u00e5r omverdenen virkelig innsyn i omfanget av en av de st\u00f8rste statlige overgrepene mot en befolkning i nyere tid.<\/p>\n<p class=\"_paragraph_o9xde_4 _paragraph_xtcu6_10 layout-component text-serif-m layout-normal text-serif-m layout-padded\">En gruppe internasjonale medier, ledet av gravenettverket ICIJICIJInternational Consortium of Investigative Journalists (ICIJ) er et globalt nettverk av journalister som samarbeider om \u00e5 avdekke internasjonale saker., der VG er med, har f\u00e5tt tilgang til oppsiktsvekkende dokumentasjon\u00a0som f\u00f8rst ble gitt til\u00a0den tyske kringkasteren NDR.<\/p>\n<p class=\"_paragraph_o9xde_4 _paragraph_xtcu6_10 layout-component text-serif-m layout-normal text-serif-m layout-padded\">Materialet forteller om den systematiske brutaliteten regimet begikk, i detalj:<\/p>\n<p class=\"_paragraph_o9xde_4 _paragraph_xtcu6_10 layout-component text-serif-m layout-normal text-serif-m layout-padded\">De digitale bildene viser politiske motstandere, aktivister, l\u00e6rere, taxisj\u00e5f\u00f8rer og vanlige folk.<\/p>\n<p class=\"_paragraph_o9xde_4 _paragraph_xtcu6_10 layout-component text-serif-m layout-normal text-serif-m layout-padded\">Alle\u00a0ble arrestert og deretter drept\u00a0av regimet mellom 2015 og 2024.<\/p>\n<p class=\"_paragraph_o9xde_4 _paragraph_xtcu6_10 layout-component text-serif-m layout-normal text-serif-m layout-padded\">Alle bildene er stort sett for grufulle til \u00e5\u00a0bli vist og publisert\u00a0usladdet i sin helhet. <\/p>\n<p class=\"_paragraph_o9xde_4 _paragraph_xtcu6_10 layout-component text-serif-m layout-normal text-serif-m layout-padded\">De viser \u00f8delagte menneskekropper \u2013 noens bror, far, bestefar eller s\u00f8nn.<\/p>\n<p class=\"_paragraph_o9xde_4 _paragraph_xtcu6_10 layout-component text-serif-m layout-normal text-serif-m layout-padded\">Samtidig er bildene sv\u00e6rt avgj\u00f8rende dokumentasjon som offentligheten og de gjenlevende familiemedlemmene b\u00f8r f\u00e5 vite om.<\/p>\n<p class=\"_paragraph_o9xde_4 _paragraph_xtcu6_10 layout-component text-serif-m layout-normal text-serif-m layout-padded\">Derfor viser VG ogs\u00e5 et lite utvalg av materialet, slik at leserne kan \u00e5pent f\u00e5 innsikt i hva regimet gjorde mot sin egen befolkning. <\/p>\n<p>Hva er lekkasjen?<\/p>\n<p class=\"_paragraph_o9xde_4 _paragraph_xtcu6_10 _paragraph_16v91_10 layout-component text-serif-m layout-normal text-sans-m layout-padded\">\u00abThe Damaskus Dossier\u00bb er en omfattende internasjonal unders\u00f8kelse som avsl\u00f8rer nye, rystende detaljer om et av de mest brutale statsstyrte drapssystemene i det 21. \u00e5rhundre: Regimet til Syrias tidligere president Bashar al-Assad.<\/p>\n<p class=\"_paragraph_o9xde_4 _paragraph_xtcu6_10 _paragraph_16v91_10 layout-component text-serif-m layout-normal text-sans-m layout-padded\">Etterforskningen avdekker hvordan Assads etterretningsapparat opererte.<\/p>\n<p class=\"_paragraph_o9xde_4 _paragraph_xtcu6_10 _paragraph_16v91_10 layout-component text-serif-m layout-normal text-sans-m layout-padded\"><strong class=\"_strong_o9xde_25\">Datagrunnlag:<\/strong><br \/>Basert p\u00e5 et omfattende arkiv av klassifiserte syriske etterretningsdokumenter gitt til den tyske kringkasteren NDR og delt med The International Consortium of Investigative Journalists (ICIJ) og internasjonale mediepartnere.<\/p>\n<p class=\"_paragraph_o9xde_4 _paragraph_xtcu6_10 _paragraph_16v91_10 layout-component text-serif-m layout-normal text-sans-m layout-padded\"><strong class=\"_strong_o9xde_25\">Omfang av samarbeidet:<\/strong><br \/>ICIJ, NDR og 24 mediepartnere i 20 land har brukt over \u00e5tte m\u00e5neder p\u00e5 \u00e5 organisere og analysere dokumentene, konsultere eksperter og intervjue syriske familier p\u00e5 leting etter forsvunne slektninger.<\/p>\n<p class=\"_paragraph_o9xde_4 _paragraph_xtcu6_10 _paragraph_16v91_10 layout-component text-serif-m layout-normal text-sans-m layout-padded\"><strong class=\"_strong_o9xde_25\">Dette er mediepartnerne:<\/strong><\/p>\n<ul class=\"_list_o9xde_3 _list_xtcu6_9 _list_16v91_9 _unordered_o9xde_106 layout-component text-serif-m layout-normal text-sans-m layout-padded\">\n<li class=\"_item_o9xde_30\">NDR, S\u00fcddeutsche Zeitung og WDR (Tyskland)<\/li>\n<li class=\"_item_o9xde_30\">VG (Norge)<\/li>\n<li class=\"_item_o9xde_30\">Le Monde (Frankrike)<\/li>\n<li class=\"_item_o9xde_30\">El Pais og LaSexta (Spania)<\/li>\n<li class=\"_item_o9xde_30\">The Toronto Star og CBC (Canada)<\/li>\n<li class=\"_item_o9xde_30\">ARIJ (Egypt)<\/li>\n<li class=\"_item_o9xde_30\">The Washington Post (USA)<\/li>\n<li class=\"_item_o9xde_30\">Irish Times (Irland)<\/li>\n<li class=\"_item_o9xde_30\">L&#8217;Espresso (Italia)<\/li>\n<li class=\"_item_o9xde_30\">Knack og Le Soir (Belgia)<\/li>\n<li class=\"_item_o9xde_30\">ORF (\u00d8sterrike)<\/li>\n<li class=\"_item_o9xde_30\">Pointer (KRO-NCRV) (Nederland)<\/li>\n<li class=\"_item_o9xde_30\">SVT og Utrikesmagasinet (Sverige)\u00a0<\/li>\n<li class=\"_item_o9xde_30\">Yle (Finland)<\/li>\n<li class=\"_item_o9xde_30\">Times of London (Storbritannia)<\/li>\n<li class=\"_item_o9xde_30\">ARIJ<\/li>\n<li class=\"_item_o9xde_30\">Daraj<\/li>\n<li class=\"_item_o9xde_30\">De Tijd<\/li>\n<li class=\"_item_o9xde_30\">SIRAJ<\/li>\n<\/ul>\n<p>Vis mer<\/p>\n<p class=\"_paragraph_o9xde_4 _paragraph_xtcu6_10 layout-component text-serif-m layout-normal text-serif-m layout-padded\">Selv i all sin brutalitet gir bildene n\u00e5 et nytt h\u00e5p for syrere verden over \u2013 folk som flyktet fra Assad-regimet, ogs\u00e5 til Norge.<\/p>\n<p class=\"_paragraph_o9xde_4 _paragraph_xtcu6_10 layout-component text-serif-m layout-normal text-serif-m layout-padded\">Over seks millioner mennesker flyktet fra Syria gjennom krigen som br\u00f8t ut i 2011.<\/p>\n<p class=\"_paragraph_o9xde_4 _paragraph_xtcu6_10 layout-component text-serif-m layout-normal text-serif-m layout-padded\">Minst 100.000 mennesker forsvant under Assads styre gjennom krigen. <\/p>\n<p class=\"_paragraph_o9xde_4 _paragraph_xtcu6_10 layout-component text-serif-m layout-normal text-serif-m layout-padded\">Sv\u00e6rt mange familier har aldri f\u00e5tt svar p\u00e5 hva som faktisk skjedde med deres familiemedlemmer. <\/p>\n<p class=\"_paragraph_o9xde_4 _paragraph_xtcu6_10 layout-component text-serif-m layout-normal text-serif-m layout-padded\"><strong class=\"_strong_o9xde_25\">Kan de n\u00e5 finne spor, eller bilder, i den nye lekkasjen?<\/strong><\/p>\n<p>    &#13;<br \/>\n      &#13;<br \/>\n&#13;<\/p>\n<p>&#13;<br \/>\n        &#13;<br \/>\n          P\u00e5 harddisken ble det funnet 134.000 hemmelige dokumenter fra Assads&#13;<br \/>\n          overv\u00e5kningsregime.&#13;<br \/>\n        &#13;\n      <\/p>\n<p>&#13;<br \/>\n&#13;<\/p>\n<p>&#13;<br \/>\n        &#13;<br \/>\n          I filene var det 33.000 bilder av 10.200 mennesker som var arrestert og drept i&#13;<br \/>\n          fangenskap.&#13;<br \/>\n        &#13;\n      <\/p>\n<p>&#13;<br \/>\n&#13;<\/p>\n<p>&#13;<br \/>\n        &#13;<br \/>\n          En analyse av et utvalg av bildene viser at 65 prosent av kroppene hadde&#13;<br \/>\n          klare tegn p\u00e5 fysisk vold.&#13;<br \/>\n        &#13;\n      <\/p>\n<p>&#13;<br \/>\n&#13;<\/p>\n<p>&#13;<br \/>\n        Nesten 75 prosent viste tegn p\u00e5 utsulting.&#13;\n      <\/p>\n<p>&#13;<\/p>\n<p class=\"_paragraph_o9xde_4 _paragraph_xtcu6_10 layout-component text-serif-m layout-normal text-serif-m layout-padded\">Ogs\u00e5 en av Syrias mest prominente aktivister, <a href=\"https:\/\/www.vg.no\/i\/rPe63K\" data-track-element-type=\"Link\" data-track-id=\"link:rPe63K\" class=\"_link_o9xde_39\" rel=\"nofollow noopener\" target=\"_blank\">Mazen al-Hamada<\/a>, er \u00e5 finne i materialet. Han skal ha blitt drept samme \u00e5r som regimet falt, alts\u00e5 i fjor.<\/p>\n<p class=\"_paragraph_o9xde_4 _paragraph_xtcu6_10 layout-component text-serif-m layout-normal text-serif-m layout-padded\">Familien hans har godtatt publiseringen av bildet i denne artikkelen:<\/p>\n<p><img alt=\"\" class=\"_image_qp4xg_65 layout-component layout-normal\" data-fullscreen- data-track-element-type=\"Article image fullscreen\" data-track-name=\"ImageFullscreen\" decoding=\"async\" loading=\"lazy\" height=\"2592\" itemprop=\"image\"  src=\"https:\/\/www.europesays.com\/no\/wp-content\/uploads\/2025\/12\/fb939bc5-272c-4154-88f6-c8a3b938cd07\"  style=\"object-position:0% 0%\" width=\"3456\"\/><\/p>\n<p class=\"_paragraph_o9xde_4 _paragraph_xtcu6_10 layout-component text-serif-m layout-normal text-serif-m layout-padded\">Bildene er ogs\u00e5\u00a0uavhengig delt\u00a0med den tyske statsadvokaten, som skal bruke materialet i etterforskningen av mulige syriske krigsforbrytere. <\/p>\n<p class=\"_paragraph_o9xde_4 _paragraph_xtcu6_10 layout-component text-serif-m layout-normal text-serif-m layout-padded\">FN er ogs\u00e5 gitt tilgang.<\/p>\n<p class=\"_paragraph_o9xde_4 _paragraph_xtcu6_10 layout-component text-serif-m layout-normal text-serif-m layout-padded\">Bildene ble lekket av en oberst i det syriske milit\u00e6rpolitiet, som selv ledet enheten som tok og arkiverte bildene.<\/p>\n<p class=\"_paragraph_o9xde_4 _paragraph_xtcu6_10 layout-component text-serif-m layout-normal text-serif-m layout-padded\">Mellom 2020 og 2024 ledet mannen \u00abEnheten for bevis\u00bb i Damaskus\u2019 milit\u00e6rpoliti. <\/p>\n<p class=\"_paragraph_o9xde_4 _paragraph_xtcu6_10 layout-component text-serif-m layout-normal text-serif-m layout-padded\">\u2013 Det er visse ting folk m\u00e5 f\u00e5 vite om, sier han fra et hemmelig sted, i et intervju med tyske NDR, gjort i forbindelse med denne publiseringen. <\/p>\n<p class=\"_paragraph_o9xde_4 _paragraph_xtcu6_10 layout-component text-serif-m layout-normal text-serif-m layout-padded\">Han sier videre:<\/p>\n<p class=\"_paragraph_o9xde_4 _paragraph_xtcu6_10 layout-component text-serif-m layout-normal text-serif-m layout-padded\">\u2013 Familiene til disse menneskene fortjener \u00e5 vite hva som skjedde med dem. <\/p>\n<p> Her m\u00f8ter den tyske TV-kanalen den syriske kilden. VG kjenner ikke hans identitet. Video: NDR   Her m\u00f8ter den tyske TV-kanalen den syriske kilden. VG kjenner ikke hans identitet. Video: NDR   Her m\u00f8ter den tyske TV-kanalen den syriske kilden. VG kjenner ikke hans identitet. Video: NDR  <\/p>\n<p class=\"_paragraph_o9xde_4 _paragraph_xtcu6_10 layout-component text-serif-m layout-normal text-serif-m layout-padded\">Det er n\u00e5 g\u00e5tt ett \u00e5r siden Bashar al-Assads regime falt.<\/p>\n<p class=\"_paragraph_o9xde_4 _paragraph_xtcu6_10 layout-component text-serif-m layout-normal text-serif-m layout-padded\">Etter en 14 \u00e5r lang borgerkrig tok oppr\u00f8rsgrupper i desember i fjor plutselig, og med en oppsiktsvekkende fart, by etter by.<\/p>\n<p class=\"_paragraph_o9xde_4 _paragraph_xtcu6_10 layout-component text-serif-m layout-normal text-serif-m layout-padded\">P\u00e5 en uke, med hele verdens \u00f8yne rettet mot Syria, klarte de \u00e5 velte regimet som hadde styrt landet i fem ti\u00e5r. <\/p>\n<p class=\"_paragraph_o9xde_4 _paragraph_xtcu6_10 layout-component text-serif-m layout-normal text-serif-m layout-padded\">Syria, som s\u00e5 lenge hadde v\u00e6rt lukket for omverdenen, ble plutselig tilgjengelig \u2013 ogs\u00e5 for journalister.<\/p>\n<p class=\"_paragraph_o9xde_4 _paragraph_xtcu6_10 layout-component text-serif-m layout-normal text-serif-m layout-padded\">Kun dager senere reiste VG inn i Syria og til det beryktede <a href=\"https:\/\/www.vg.no\/i\/93Xamr\" data-track-element-type=\"Link\" data-track-id=\"link:93Xamr\" class=\"_link_o9xde_39\" rel=\"nofollow noopener\" target=\"_blank\">Sednaya-fengselet, <\/a>der tusenvis av politiske fanger var blitt holdt fengslet.<\/p>\n<p> &#13;<br \/>\n      &#13;<br \/>\n&#13;<\/p>\n<p>&#13;<br \/>\n        Fengslet ble kalt \u00abslakterhuset\u00bb p\u00e5 folkemunne.&#13;\n      <\/p>\n<p>&#13;<br \/>\n&#13;<\/p>\n<p>&#13;<br \/>\n        De fleste som havnet der, kom aldri ut igjen.&#13;\n      <\/p>\n<p>&#13;<br \/>\n&#13;<\/p>\n<p class=\"_paragraph_o9xde_4 _paragraph_xtcu6_10 layout-component text-serif-m layout-normal text-serif-m layout-padded\">I dagene som fulgte, str\u00f8mmet desperate familiemedlemmer og venner dit for \u00e5 s\u00f8ke etter sine kj\u00e6re.<\/p>\n<p class=\"_paragraph_o9xde_4 _paragraph_xtcu6_10 layout-component text-serif-m layout-normal text-serif-m layout-padded\">Med bare hender gravde de i bakken rundt fengslet med h\u00e5p om \u00e5 finne hemmelige celler. Papirer ble gjennoms\u00f8kt og kl\u00e6r samlet inn. <\/p>\n<p class=\"_paragraph_o9xde_4 _paragraph_xtcu6_10 layout-component text-serif-m layout-normal text-serif-m layout-padded\">Men det var f\u00e5 spor \u00e5 finne. Deres kj\u00e6re var forsvunnet.<\/p>\n<p><img alt=\"Foto: Espen Rasmussen, VG\" class=\"_image_qp4xg_65 layout-component layout-normal\" data-fullscreen- data-track-element-type=\"Article image fullscreen\" data-track-name=\"ImageFullscreen\" decoding=\"async\" loading=\"lazy\" height=\"3337\" itemprop=\"image\"  src=\"https:\/\/www.europesays.com\/no\/wp-content\/uploads\/2025\/12\/06cf5245-9546-44db-8836-26023fd56476\"  style=\"object-position:0% 0%\" width=\"2503\"\/>Foto: Espen Rasmussen, VG<img alt=\"Foto: Espen Rasmussen, VG\" class=\"_image_qp4xg_65 layout-component layout-normal\" data-fullscreen- data-track-element-type=\"Article image fullscreen\" data-track-name=\"ImageFullscreen\" decoding=\"async\" loading=\"lazy\" height=\"3337\" itemprop=\"image\"  src=\"https:\/\/www.europesays.com\/no\/wp-content\/uploads\/2025\/12\/2ae4b66a-8bf9-4777-bfc1-4426c49af2cb\"  style=\"object-position:0% 0%\" width=\"4449\"\/>Foto: Espen Rasmussen, VG<img alt=\"Foto: Espen Rasmussen, VG\" class=\"_image_qp4xg_65 layout-component layout-normal\" data-fullscreen- data-track-element-type=\"Article image fullscreen\" data-track-name=\"ImageFullscreen\" decoding=\"async\" loading=\"lazy\" height=\"3337\" itemprop=\"image\"  src=\"https:\/\/www.europesays.com\/no\/wp-content\/uploads\/2025\/12\/2ae4b66a-8bf9-4777-bfc1-4426c49af2cb\"  style=\"object-position:0% 0%\" width=\"4449\"\/>Foto: Espen Rasmussen, VG<\/p>\n<p class=\"_paragraph_o9xde_4 _paragraph_xtcu6_10 layout-component text-serif-m layout-normal text-serif-m layout-padded\">Siden 70-tallet har Assad-regimet brukt all sin makt p\u00e5 \u00e5 knuse motstand og opposisjon. <\/p>\n<p class=\"_paragraph_o9xde_4 _paragraph_xtcu6_10 layout-component text-serif-m layout-normal text-serif-m layout-padded\">Statsapparatet ble bygd opp til et enormt byr\u00e5kratisk system basert p\u00e5 overv\u00e5kning, arrestasjon og tortur. <\/p>\n<p class=\"_paragraph_o9xde_4 _paragraph_xtcu6_10 layout-component text-serif-m layout-normal text-serif-m layout-padded\">Familiemedlemmer, venner og kollegaer kunne angi hverandre, alt i et h\u00e5p om \u00e5 unng\u00e5 \u00e5 selv havne i etterretningens s\u00f8kelys.<\/p>\n<p class=\"_paragraph_o9xde_4 _paragraph_xtcu6_10 layout-component text-serif-m layout-normal text-serif-m layout-padded\">Etter Assad r\u00f8mte landet, har mange av statens hemmeligheter lekket ut. <\/p>\n<p class=\"_paragraph_o9xde_4 _paragraph_xtcu6_10 layout-component text-serif-m layout-normal text-serif-m layout-padded\">Mange av dokumentene i denne lekkasjen stammer fra Syrias etterretningsenhet i luftforsvaret. <\/p>\n<p class=\"_paragraph_o9xde_4 _paragraph_xtcu6_10 layout-component text-serif-m layout-normal text-serif-m layout-padded\">Tidligere i \u00e5r gikk<a href=\"https:\/\/www.vg.no\/nyheter\/i\/zAwElO\/syria-naa-er-oppgjoeret-mot-assad-regimet-kommet\" data-track-element-type=\"Link\" data-track-id=\"link:zAwElO\" class=\"_link_o9xde_39\" rel=\"nofollow noopener\" target=\"_blank\"> VG selv<\/a> gjennom de forlatte lokalene til denne etterretningsenheten. <\/p>\n<p class=\"_paragraph_o9xde_4 _paragraph_xtcu6_10 layout-component text-serif-m layout-normal text-serif-m layout-padded\">I kjelleren l\u00e5 fengselscellene. Veggene var fylt av innrissede barnenavn, hjerter og ord: <\/p>\n<p class=\"_paragraph_o9xde_4 _paragraph_xtcu6_10 layout-component text-serif-m layout-normal text-serif-m layout-padded\">\u00abMitt kj\u00e6re liv er forsvunnet\u00bb. \u00abN\u00e5r vil vi se v\u00e5re kj\u00e6re igjen?\u00bb \u00abMitt smil ble til t\u00e5rer\u00bb.<\/p>\n<p>  &#13;<br \/>\n      &#13;<br \/>\n&#13;<\/p>\n<p>&#13;<br \/>\n        &#13;<br \/>\n          Kontorpultene var forlatt i et hastverk og bildene av Bashar&#13;<br \/>\n          al-Assad var revet ned.&#13;<br \/>\n        &#13;\n      <\/p>\n<p>&#13;<br \/>\n&#13;<br \/>\n      &#13;<\/p>\n<p>&#13;<br \/>\n        P\u00e5 gulvet l\u00e5 hemmelige dokumenter str\u00f8dd.&#13;\n      <\/p>\n<p>&#13;<br \/>\n&#13;<br \/>\n      &#13;<\/p>\n<p class=\"_paragraph_o9xde_4 _paragraph_xtcu6_10 layout-component text-serif-m layout-normal text-serif-m layout-padded\">I arbeidet med denne saken har VG snakket med en rekke syriske familier i Norge som flyktet fra Assad-regimet i l\u00f8pet av borgerkrigen.<\/p>\n<p class=\"_paragraph_o9xde_4 _paragraph_xtcu6_10 layout-component text-serif-m layout-normal text-serif-m layout-padded\">I Stavanger sitter en av dem som fortsatt klamrer seg til et h\u00e5p. <\/p>\n<p class=\"_paragraph_o9xde_4 _paragraph_xtcu6_10 layout-component text-serif-m layout-normal text-serif-m layout-padded\">Trebarnsfar Yahya Alajour (34) flyktet selv fra krigen i Syria, etter at han ble arrestert av etterretningen.<\/p>\n<p class=\"_paragraph_o9xde_4 _paragraph_xtcu6_10 layout-component text-serif-m layout-normal text-serif-m layout-padded\">Han var redd for selv \u00e5 ende opp i et fengsel for s\u00e5 \u00e5 forsvinne, slik som s\u00e5 mange andre.<\/p>\n<p><img decoding=\"async\" alt=\"Bilde av Yahya Alajour\" class=\"_image_ygndg_42\" height=\"40\" itemprop=\"image\" loading=\"lazy\"  src=\"https:\/\/www.europesays.com\/no\/wp-content\/uploads\/2025\/12\/f89ca259-4e43-4b56-b927-4f9499c09bfb\"  width=\"40\"\/><strong class=\"_name_ygndg_51 title-serif-xs\">Yahya Alajour<\/strong><\/p>\n<p class=\"_paragraph_o9xde_4 text-sans-m _description_ygndg_56\">Flyktet fra krigen<\/p>\n<p class=\"_paragraph_o9xde_4 _paragraph_xtcu6_10 layout-component text-serif-m layout-normal text-serif-m layout-padded\">For han hadde sett hvordan slektninger og venner ble tatt av det hemmelige syriske politiet, for s\u00e5 \u00e5 bli borte. <\/p>\n<p class=\"_paragraph_o9xde_4 _paragraph_xtcu6_10 layout-component text-serif-m layout-normal text-serif-m layout-padded\">Slik som hans fetter og gode venn Abd Hasan Alajour, som ble tatt i 2012, da han skal ha nektet \u00e5 tjenestegj\u00f8re i den syriske h\u00e6ren. <\/p>\n<p><img alt=\"Abd Hasan Alajour, savnet siden 2012.   Foto: Bilde delt av familien\" class=\"_image_qp4xg_65 layout-component layout-normal\" data-fullscreen- data-track-element-type=\"Article image fullscreen\" data-track-name=\"ImageFullscreen\" decoding=\"async\" loading=\"lazy\" height=\"1274\" itemprop=\"image\"  src=\"https:\/\/www.europesays.com\/no\/wp-content\/uploads\/2025\/12\/68553733-5b7a-4a11-8e1c-93b0958a4bca\"  style=\"object-position:0% 0%\" width=\"1044\"\/>Abd Hasan Alajour, savnet siden 2012.   Foto: Bilde delt av familien<\/p>\n<p class=\"_paragraph_o9xde_4 _paragraph_xtcu6_10 layout-component text-serif-m layout-normal text-serif-m layout-padded\">P\u00e5 desperat vis har familien i over et ti\u00e5r fors\u00f8kt \u00e5 f\u00e5 informasjon om hva som skjedde med ham.<\/p>\n<p class=\"_paragraph_o9xde_4 _paragraph_xtcu6_10 layout-component text-serif-m layout-normal text-serif-m layout-padded\">\u2013 Vi vet fortsatt ingenting, sier Yahya i Stavanger til VG.<\/p>\n<p class=\"_paragraph_o9xde_4 _paragraph_xtcu6_10 layout-component text-serif-m layout-normal text-serif-m layout-padded\">Da fangene ble sluppet fri fra Sednaya-fengselet, fikk de et stort h\u00e5p, sier han. <\/p>\n<p class=\"_paragraph_o9xde_4 _paragraph_xtcu6_10 layout-component text-serif-m layout-normal text-serif-m layout-padded\">\u2013 Jeg unders\u00f8kte alle fangelistene som ble publisert, og jeg kunne innbille meg at jeg s\u00e5 navnet hans der. Vi svever mellom h\u00e5p og frykt.<\/p>\n<p class=\"_paragraph_o9xde_4 _paragraph_xtcu6_10 layout-component text-serif-m layout-normal text-serif-m layout-padded\">Dette er ikke f\u00f8rste gang bilder av syrere drept i regimets fangenskap deles. <\/p>\n<p class=\"_paragraph_o9xde_4 _paragraph_xtcu6_10 layout-component text-serif-m layout-normal text-serif-m layout-padded\">En tidligere milit\u00e6r politimann, med kallenavnet Caesar, smuglet for over ti \u00e5r siden med seg bilder han selv hadde tatt i det syriske regimets fengsler. <\/p>\n<p class=\"_paragraph_o9xde_4 _paragraph_xtcu6_10 layout-component text-serif-m layout-normal text-serif-m layout-padded\">Bildene dokumenterer tortur og drap, og sjokkerte den gang verden. <\/p>\n<p class=\"_paragraph_o9xde_4 _paragraph_xtcu6_10 layout-component text-serif-m layout-normal text-serif-m layout-padded\">Bildene ble tatt mellom 2012 og 2014.<\/p>\n<p><img alt=\"Caesar, i bl\u00e5 hettegenser, viser bilder for det amerikanske senatet.  Foto: J. Scott Applewhite \/ AP \/ NTB\" class=\"_image_qp4xg_65 layout-component layout-normal\" data-fullscreen- data-track-element-type=\"Article image fullscreen\" data-track-name=\"ImageFullscreen\" decoding=\"async\" loading=\"lazy\" height=\"2467\" itemprop=\"image\"  src=\"https:\/\/www.europesays.com\/no\/wp-content\/uploads\/2025\/12\/16ace457-5133-46d7-b5dd-39f62c428e9c\"  style=\"object-position:0% 0%\" width=\"1836\"\/>Caesar, i bl\u00e5 hettegenser, viser bilder for det amerikanske senatet.  Foto: J. Scott Applewhite \/ AP \/ NTB<img alt=\"Caesar, i bl\u00e5 hettegenser, viser bilder for det amerikanske senatet.  Foto: J. Scott Applewhite \/ AP \/ NTB\" class=\"_image_qp4xg_65 layout-component layout-normal\" data-fullscreen- data-track-element-type=\"Article image fullscreen\" data-track-name=\"ImageFullscreen\" decoding=\"async\" loading=\"lazy\" height=\"2299\" itemprop=\"image\"  src=\"https:\/\/www.europesays.com\/no\/wp-content\/uploads\/2025\/12\/50a878fd-f08b-4ff5-b6c7-88fa6279ed9b\"  style=\"object-position:0% 0%\" width=\"3065\"\/>Caesar, i bl\u00e5 hettegenser, viser bilder for det amerikanske senatet.  Foto: J. Scott Applewhite \/ AP \/ NTB<img alt=\"Caesar, i bl\u00e5 hettegenser, viser bilder for det amerikanske senatet.  Foto: J. Scott Applewhite \/ AP \/ NTB\" class=\"_image_qp4xg_65 layout-component layout-normal\" data-fullscreen- data-track-element-type=\"Article image fullscreen\" data-track-name=\"ImageFullscreen\" decoding=\"async\" loading=\"lazy\" height=\"2299\" itemprop=\"image\"  src=\"https:\/\/www.europesays.com\/no\/wp-content\/uploads\/2025\/12\/50a878fd-f08b-4ff5-b6c7-88fa6279ed9b\"  style=\"object-position:0% 0%\" width=\"3065\"\/>Caesar, i bl\u00e5 hettegenser, viser bilder for det amerikanske senatet.  Foto: J. Scott Applewhite \/ AP \/ NTB<\/p>\n<p class=\"_paragraph_o9xde_4 _paragraph_xtcu6_10 layout-component text-serif-m layout-normal text-serif-m layout-padded\">Bildene VG og andre medier publiserer i dag, er bildene som er tatt av den samme enheten, fra 2015 og frem til\u00a0regimets fall\u00a0i slutten av 2024.<\/p>\n<p class=\"_paragraph_o9xde_4 _paragraph_xtcu6_10 layout-component text-serif-m layout-normal text-serif-m layout-padded\">Yahya har brukt mye tid p\u00e5 \u00e5 studere Caesar-filene i jakten etter \u00e5 f\u00e5 vite hva som har skjedd med fetteren hans. <\/p>\n<p class=\"_paragraph_o9xde_4 _paragraph_xtcu6_10 layout-component text-serif-m layout-normal text-serif-m layout-padded\">\u2013 Bildene er s\u00e5 vonde \u00e5 g\u00e5 gjennom. Jeg f\u00e5r en klump i magen og klarer nesten ikke \u00e5 puste. Innimellom tror jeg at jeg ser Abd Hasan i bildene, f\u00f8r jeg skj\u00f8nner at det ikke er ham.<\/p>\n<p class=\"_paragraph_o9xde_4 _paragraph_xtcu6_10 layout-component text-serif-m layout-normal text-serif-m layout-padded\">Men det er usikkerheten som er tyngst.<\/p>\n<p class=\"_paragraph_o9xde_4 _paragraph_xtcu6_10 layout-component text-serif-m layout-normal text-serif-m layout-padded\">\u2013 Det er s\u00e5 vondt ikke \u00e5 ha en grav \u00e5 g\u00e5 til. P\u00e5 mange m\u00e5ter er det\u00a0det vanskeligste\u00a0\u00e5 ikke vite hva som har skjedd.<\/p>\n<p class=\"_paragraph_o9xde_4 _paragraph_xtcu6_10 layout-component text-serif-m layout-normal text-serif-m layout-padded\">N\u00e5 h\u00e5per han \u00e5 finne svar i de nye filene.<\/p>\n<p><img alt=\"Foto: Kyrre Lien \/ VG\" class=\"_image_qp4xg_65 layout-component layout-normal\" data-fullscreen- data-track-element-type=\"Article image fullscreen\" data-track-name=\"ImageFullscreen\" decoding=\"async\" loading=\"lazy\" height=\"5107\" itemprop=\"image\"  src=\"https:\/\/www.europesays.com\/no\/wp-content\/uploads\/2025\/12\/25b802f0-6a04-4f09-b603-4362c9950295\"  style=\"object-position:0% 0%\" width=\"3832\"\/>Foto: Kyrre Lien \/ VG<img alt=\"Foto: Kyrre Lien \/ VG\" class=\"_image_qp4xg_65 layout-component layout-normal\" data-fullscreen- data-track-element-type=\"Article image fullscreen\" data-track-name=\"ImageFullscreen\" decoding=\"async\" loading=\"lazy\" height=\"5128\" itemprop=\"image\"  src=\"https:\/\/www.europesays.com\/no\/wp-content\/uploads\/2025\/12\/449afe8a-2d1e-4fed-8617-9a3e637dcb43\"  style=\"object-position:0% 0%\" width=\"6841\"\/>Foto: Kyrre Lien \/ VG<img alt=\"Foto: Kyrre Lien \/ VG\" class=\"_image_qp4xg_65 layout-component layout-normal\" data-fullscreen- data-track-element-type=\"Article image fullscreen\" data-track-name=\"ImageFullscreen\" decoding=\"async\" loading=\"lazy\" height=\"5128\" itemprop=\"image\"  src=\"https:\/\/www.europesays.com\/no\/wp-content\/uploads\/2025\/12\/449afe8a-2d1e-4fed-8617-9a3e637dcb43\"  style=\"object-position:0% 0%\" width=\"6841\"\/>Foto: Kyrre Lien \/ VG<\/p>\n<p class=\"_paragraph_o9xde_4 _paragraph_xtcu6_10 layout-component text-serif-m layout-normal text-serif-m layout-padded\">Om disse nye, lekkede bildene noen gang vil bli brukt i en rettssak mot Bashar al-Assad, er umulig \u00e5 si.<\/p>\n<p class=\"_paragraph_o9xde_4 _paragraph_xtcu6_10 layout-component text-serif-m layout-normal text-serif-m layout-padded\">Etter at regimet falt i fjor, flyktet han til sin n\u00e6re allierte Russland. Der er han, per n\u00e5, beskyttet\u00a0mot utlevering\u00a0av Vladimir Putin.<\/p>\n<p class=\"_paragraph_o9xde_4 _paragraph_xtcu6_10 layout-component text-serif-m layout-normal text-serif-m layout-padded\">Han skal n\u00e5, if\u00f8lge flere rapporter, leve et luksusliv i eksil, i en skyskraper i Moskva.<\/p>\n<p class=\"_paragraph_o9xde_4 _paragraph_xtcu6_10 layout-component text-serif-m layout-normal text-serif-m layout-padded\"><strong class=\"_strong_o9xde_25\">Savner du noen i Syria? <\/strong><\/p>\n<p class=\"_paragraph_o9xde_4 _paragraph_xtcu6_10 layout-component text-serif-m layout-normal text-serif-m layout-padded\">\u00d8nsker du informasjon om innholdet i filene? Dokumentene i denne lekkasjen er delt med f\u00f8lgende organisasjoner, som kan kontaktes: <\/p>\n<p class=\"_paragraph_o9xde_4 _paragraph_xtcu6_10 layout-component text-serif-m layout-normal text-serif-m layout-padded\"><strong class=\"_strong_o9xde_25\">U.N. Independent <a href=\"https:\/\/iimp.un.org\/\" class=\"_link_o9xde_39\" rel=\"nofollow noopener\" target=\"_blank\">Institution<\/a> on Missing Persons<\/strong>:\u00a0<a href=\"https:\/\/www.vg.no\/nyheter\/i\/43jA39\/mailto:iimp-syria@un.org\" class=\"_link_o9xde_39\" rel=\"nofollow noopener\" target=\"_blank\">iimp-syria@un.org<\/a><\/p>\n<p class=\"_paragraph_o9xde_4 _paragraph_xtcu6_10 layout-component text-serif-m layout-normal text-serif-m layout-padded\"><strong class=\"_strong_o9xde_25\"><a href=\"https:\/\/www.taafi-sy.org\/home\/\" class=\"_link_o9xde_39\" rel=\"nofollow noopener\" target=\"_blank\">Ta\u2019afi:<\/a> <\/strong>Grunnlegger Ahmad Helmi:\u00a0<a href=\"https:\/\/www.vg.no\/nyheter\/i\/43jA39\/mailto:ahmad.helmi@taafi-sy.org\" class=\"_link_o9xde_39\" rel=\"nofollow noopener\" target=\"_blank\">ahmad.helmi@taafi-sy.org<\/a><\/p>\n<p class=\"_paragraph_o9xde_4 _paragraph_xtcu6_10 layout-component text-serif-m layout-normal text-serif-m layout-padded\"><strong class=\"_strong_o9xde_25\">Syrian <a href=\"https:\/\/snhr.org\/\" class=\"_link_o9xde_39\" rel=\"nofollow noopener\" target=\"_blank\">Network<\/a> for Human Rights:<\/strong>\u00a0<a href=\"https:\/\/www.vg.no\/nyheter\/i\/43jA39\/mailto:info@snhr.org\" class=\"_link_o9xde_39\" rel=\"nofollow noopener\" target=\"_blank\">info@snhr.org<\/a><\/p>\n<p class=\"_paragraph_o9xde_4 _paragraph_xtcu6_10 layout-component text-serif-m layout-normal text-serif-m layout-padded\"><strong class=\"_strong_o9xde_25\"><a href=\"https:\/\/www.sigrid-rausing-trust.org\/grantee\/syrian-centre-for-legal-studies-and-research\/\" class=\"_link_o9xde_39\" rel=\"nofollow noopener\" target=\"_blank\">Syrian Center<\/a> for Legal Studies and Research:<\/strong>\u00a0<a href=\"https:\/\/www.vg.no\/nyheter\/i\/43jA39\/mailto:info@sl-center.org\" class=\"_link_o9xde_39\" rel=\"nofollow noopener\" target=\"_blank\">info@sl-center.org<\/a><\/p>\n<p> <img decoding=\"async\" alt=\"Kyrre Lien\" class=\"_image_uv074_179\" src=\"https:\/\/www.europesays.com\/no\/wp-content\/uploads\/2025\/12\/4bd4fafe-13b9-4b5b-a584-2321d2512207\" width=\"480\"\/>Amund Bakke Foss<\/p>\n<p class=\"text-sans-s\">Utenriksjournalist<\/p>\n<p><img decoding=\"async\" alt=\"Amund Bakke Foss\" class=\"_image_uv074_179\" src=\"https:\/\/www.europesays.com\/no\/wp-content\/uploads\/2025\/12\/b1c0513a-25cc-4ed8-a6d1-f2cd16e8f69e\" width=\"480\"\/><br \/>\nLes ogs\u00e5<\/p>\n","protected":false},"excerpt":{"rendered":"VG har i samarbeid med 24 internasjonale medier i 20 land avdekket 33.000 bilder av 10.200 ofre for&hellip;\n","protected":false},"author":2,"featured_media":103720,"comment_status":"","ping_status":"","sticky":false,"template":"","format":"standard","meta":{"footnotes":""},"categories":[10],"tags":[13057,20,21,24,25,15,22,23,13,30,28,29,14,16,7724,26,27,13058],"class_list":{"0":"post-103719","1":"post","2":"type-post","3":"status-publish","4":"format-standard","5":"has-post-thumbnail","7":"category-norge","8":"tag-bashar-al-assad","9":"tag-breaking-news","10":"tag-breakingnews","11":"tag-featured-news","12":"tag-featurednews","13":"tag-headlines","14":"tag-latest-news","15":"tag-latestnews","16":"tag-news","17":"tag-no","18":"tag-norge","19":"tag-norway","20":"tag-nyheter","21":"tag-overskrifter","22":"tag-syria","23":"tag-top-stories","24":"tag-topstories","25":"tag-tortur"},"share_on_mastodon":{"url":"https:\/\/pubeurope.com\/@no\/115659914405357917","error":""},"_links":{"self":[{"href":"https:\/\/www.europesays.com\/no\/wp-json\/wp\/v2\/posts\/103719","targetHints":{"allow":["GET"]}}],"collection":[{"href":"https:\/\/www.europesays.com\/no\/wp-json\/wp\/v2\/posts"}],"about":[{"href":"https:\/\/www.europesays.com\/no\/wp-json\/wp\/v2\/types\/post"}],"author":[{"embeddable":true,"href":"https:\/\/www.europesays.com\/no\/wp-json\/wp\/v2\/users\/2"}],"replies":[{"embeddable":true,"href":"https:\/\/www.europesays.com\/no\/wp-json\/wp\/v2\/comments?post=103719"}],"version-history":[{"count":0,"href":"https:\/\/www.europesays.com\/no\/wp-json\/wp\/v2\/posts\/103719\/revisions"}],"wp:featuredmedia":[{"embeddable":true,"href":"https:\/\/www.europesays.com\/no\/wp-json\/wp\/v2\/media\/103720"}],"wp:attachment":[{"href":"https:\/\/www.europesays.com\/no\/wp-json\/wp\/v2\/media?parent=103719"}],"wp:term":[{"taxonomy":"category","embeddable":true,"href":"https:\/\/www.europesays.com\/no\/wp-json\/wp\/v2\/categories?post=103719"},{"taxonomy":"post_tag","embeddable":true,"href":"https:\/\/www.europesays.com\/no\/wp-json\/wp\/v2\/tags?post=103719"}],"curies":[{"name":"wp","href":"https:\/\/api.w.org\/{rel}","templated":true}]}}