{"id":103721,"date":"2025-12-04T06:36:10","date_gmt":"2025-12-04T06:36:10","guid":{"rendered":"https:\/\/www.europesays.com\/no\/103721\/"},"modified":"2025-12-04T06:36:10","modified_gmt":"2025-12-04T06:36:10","slug":"bilkjoper-kreves-for-129-000-kr-etter-at-hun-ikke-fikk-billan","status":"publish","type":"post","link":"https:\/\/www.europesays.com\/no\/103721\/","title":{"rendered":"Bilkj\u00f8per kreves for 129.000 kr etter at hun ikke fikk bill\u00e5n"},"content":{"rendered":"<p>\n        KOSTBART: Tekstmeldingen (innfelt) kan bli kostbar for kvinnen som ville kj\u00f8pe denne Audien, en Q8 sportsback.<br \/>\n        Foto: GUDIMBIL\n    <\/p>\n<p class=\"kicker t31 tm25 font-weight-bold m-font-weight-bold font-Roboto\" style=\"\">Bilkj\u00f8p mellom private:<\/p>\n<p>    \u2013 Jeg bekrefter kj\u00f8pet, skrev bilkj\u00f8peren i en tekstmelding. Det kan koste henne 129.000 kroner, pluss titusener i forsinkelsesrenter.<\/p>\n<p>En 46 \u00e5r gammel Oslo-kvinne har f\u00e5tt et stort pengekrav<br \/>\netter at hun og mannen hennes ville kj\u00f8pe en splitter ny Audi Q8.<\/p>\n<p>Gudimbil i Bergen annonserte den flotte bilen p\u00e5 vegne av<br \/>\nen privatperson i et s\u00e5kalt kommisjonssalg. Kvinnen tok kontakt og ble etter<br \/>\nhvert enig med bilforhandleren om kj\u00f8pesummen.<\/p>\n<p>                <img decoding=\"async\" src=\"https:\/\/www.europesays.com\/no\/wp-content\/uploads\/2025\/12\/338434.webp\" width=\"360\" height=\"231\" title=\"SMS: Dialogen mellom selgeren og kj\u00f8peren p\u00e5 sms.\" alt=\"\" loading=\"lazy\" style=\"\"\/><\/p>\n<p>\n            SMS: Dialogen mellom selgeren og kj\u00f8peren p\u00e5 sms.<br \/>\n            Faksimile\n        <\/p>\n<p>\u00abSer gjerne at du bekrefter kj\u00f8p av bilen skriftlig her<br \/>\nn\u00e5\u00bb, skrev bilforhandleren i en tekstmelding.<\/p>\n<p>\u00abJeg bekrefter kj\u00f8pet\u00bb, svarte kvinnen.<\/p>\n<p>Men kvinnen og hennes mann fikk ikke l\u00e5n. I ukene som<br \/>\nfulgte, diskuterte bilforhandleren og bilkj\u00f8peren ulike l\u00f8sninger, f\u00f8r<br \/>\nOslo-kvinnen ga opp.<\/p>\n<p>\u00abVi f\u00e5r ikke l\u00e5n og er ikke lenger interessert. Lykke til<br \/>\nvidere\u00bb, skrev kvinnen i en ny tekstmelding.<\/p>\n<p>\u2013 Kan ikke trylle<\/p>\n<p>Men privatpersonen som eide bilen, en mann fra Oslo,<br \/>\nville ikke godta at kvinnen trakk seg fra kj\u00f8pet. Han varslet at han vil kreve<br \/>\nmellomlegget og sine utgifter dekket, dersom han m\u00e5 selge bilen til en lavere pris.<\/p>\n<p class=\"font-weight-bold m-font-weight-bold\" data-lab-font_weight=\"font-weight-bold\">To m\u00e5neder senere ble bilen solgt for 760.000 kroner. Det<br \/>\nvar 110.000 kroner mindre enn prisen Oslo-kvinnen sa hun skulle betale.<\/p>\n<p>Den private selgeren krevde mellomlegget p\u00e5 110.000<br \/>\nkroner, pluss 19.000 kroner i ekstra utlegg som han har hatt, blant annet<br \/>\ngebyret til kommisjonsforhandleren Gudimbil.<\/p>\n<p>Da kvinnen motsatte seg kravet, tok selgeren saken til<br \/>\nForbrukertilsynet, som fors\u00f8kte \u00e5 mekle til en l\u00f8sning mellom de to. Men<br \/>\nkvinnen nektet fortsatt \u00e5 betale.<\/p>\n<p>\u2013 Jeg kan ikke trylle, skrev kvinnen i 40-\u00e5rene i et brev<br \/>\ntil Forbrukertilsynet.<\/p>\n<p>\u2013 Bindende avtale<\/p>\n<p>Dermed havnet saken i Forbrukerklageutvalget, som i et<br \/>\nvedtak har bestemt at kvinnen skal betale til sammen 129.000 kroner.<\/p>\n<p>\u2013 Basert p\u00e5 fremlagt korrespondanse hvor kj\u00f8peren bekrefter kj\u00f8pet i<br \/>\ntekstmeldingen, er det utvalgets oppfatning at det ble inng\u00e5tt en bindende<br \/>\navtale om kj\u00f8p av bil, skriver Forbrukerklageutvalget i sitt vedtak.<\/p>\n<p class=\"font-weight-bold m-font-weight-bold\" data-lab-font_weight=\"font-weight-bold\">De mener kvinnen ikke hadde angrerett.<\/p>\n<p>Men kvinnen nektet fortsatt \u00e5 betale. Hun tok ut stevning,<br \/>\nog i Oslo tingrett vant hun frem.<\/p>\n<p>Tingretten konkluderer i sin ferske dom at det ble<br \/>\ninng\u00e5tt en bindende avtale da kvinnen bekreftet bilkj\u00f8pet i tekstmeldingen hun<br \/>\nsendte.<\/p>\n<p>                <img decoding=\"async\" src=\"https:\/\/www.europesays.com\/no\/wp-content\/uploads\/2025\/12\/338432.webp\" width=\"480\" height=\"274\" title=\"SMS: Kvinnen sendte til slutt denne tekstmeldingen.\" alt=\"\" loading=\"lazy\" style=\"\"\/><\/p>\n<p>\n            SMS: Kvinnen sendte til slutt denne tekstmeldingen.<br \/>\n            Faksimile\n        <\/p>\n<p>Men tingretten mener ogs\u00e5 at kvinnen hadde angrerett. Dommeren<br \/>\nsom d\u00f8mte, vedg\u00e5r imidlertid at han var veldig i tvil om denne konklusjonen.<\/p>\n<p class=\"font-weight-bold m-font-weight-bold\" data-lab-font_weight=\"font-weight-bold\">\u2013 Rettens vurdering er preget av tvil, skriver dommeren.<\/p>\n<p>Den private bileieren som krevde pengene, har n\u00e5 anket<br \/>\ndommen til lagmannsretten.<\/p>\n<p>\u2013 Det er veldig overraskende at jeg fikk fullt medhold i<br \/>\nForbrukerklageutvalget og at tingrettsdommeren g\u00e5r imot det. Men advokaten min<br \/>\nmener jeg har en sikker sak og har gitt meg klar anbefaling om \u00e5 anke, sier<br \/>\nmannen til Motor.\u00a0<\/p>\n<p>Han \u00f8nsker ikke at vi bruker navnet hans.<\/p>\n<p>\u2013 Tenk deg om<\/p>\n<p>Mannen p\u00e5peker ogs\u00e5 at han vil kreve kvinnen for<br \/>\nforsinkelsesrenter.<\/p>\n<p class=\"font-weight-bold m-font-weight-bold\" data-lab-font_weight=\"font-weight-bold\">\u2013 Med forsinkelsesrenter vil kravet mitt v\u00e6re oppe i<br \/>\nnesten 200.000 kroner.<\/p>\n<p>Motor har spurt den 46 \u00e5r gamle kvinnen hva hun synes om<br \/>\nkonflikten mellom henne og den private bilselgeren. Hun svarer i en tekstmelding<br \/>\nat hun ikke vil snakke om saken.<\/p>\n<p>Gudimbil p\u00e5peker overfor Motor at de kun har bist\u00e5tt med salget,<br \/>\nog at de ikke er part i konflikten mellom den private selgeren og kj\u00f8peren.<\/p>\n<p>Tidligere i h\u00f8st skrev Motor om en <a href=\"https:\/\/www.motor.no\/aktuelt\/denne-meldingen-til-bilselgeren-kostet-bilkjoperen-75000-kr\/331075\" target=\"_blank\" rel=\"nofollow noopener\">tilsvarende<br \/>\nsak<\/a>\u00a0(se ogs\u00e5 nederst), hvor en bilkj\u00f8per m\u00e5tte betale 75.000 kroner til bilselgeren, etter at<br \/>\nhan trakk seg fra kj\u00f8psavtalen.<\/p>\n<p>Senioradvokat Vigdis Svennungsen i NAF Advokat p\u00e5pekte da<br \/>\nat en kj\u00f8psbekreftelse er bindende.<\/p>\n<p>\u2013 Tenk deg om f\u00f8r du bekrefter et kj\u00f8p. Ikke v\u00e6r for<br \/>\nkjapp. Det er ikke s\u00e5 enkelt at man kan ombestemme seg, sa Svennungsen.<\/p>\n<p class=\"font-weight-bold m-font-weight-bold\" data-lab-font_weight=\"font-weight-bold\">Les denne artikkelen her:<\/p>\n<p>        <a itemprop=\"url\" class=\"\" href=\"https:\/\/www.motor.no\/aktuelt\/denne-meldingen-til-bilselgeren-kostet-bilkjoperen-75000-kr\/331075\" data-k5a-url=\"https:\/\/www.motor.no\/a\/331075\" rel=\"nofollow noopener\" target=\"_blank\"><\/p>\n<p>\nBruktbilkj\u00f8p:\n<\/p>\n<p>            Denne meldingen kostet bil\u00adkj\u00f8peren 75.000 kr<\/p>\n<p>        <\/a><\/p>\n","protected":false},"excerpt":{"rendered":"KOSTBART: Tekstmeldingen (innfelt) kan bli kostbar for kvinnen som ville kj\u00f8pe denne Audien, en Q8 sportsback. Foto: GUDIMBIL&hellip;\n","protected":false},"author":2,"featured_media":103722,"comment_status":"","ping_status":"","sticky":false,"template":"","format":"standard","meta":{"footnotes":""},"categories":[5],"tags":[20,21,24,25,15,19,22,23,17,18,13,30,28,29,14,16,26,27],"class_list":{"0":"post-103721","1":"post","2":"type-post","3":"status-publish","4":"format-standard","5":"has-post-thumbnail","7":"category-overskrifter","8":"tag-breaking-news","9":"tag-breakingnews","10":"tag-featured-news","11":"tag-featurednews","12":"tag-headlines","13":"tag-hovedoppslag","14":"tag-latest-news","15":"tag-latestnews","16":"tag-main-news","17":"tag-mainnews","18":"tag-news","19":"tag-no","20":"tag-norge","21":"tag-norway","22":"tag-nyheter","23":"tag-overskrifter","24":"tag-top-stories","25":"tag-topstories"},"share_on_mastodon":{"url":"https:\/\/pubeurope.com\/@no\/115659917476666819","error":""},"_links":{"self":[{"href":"https:\/\/www.europesays.com\/no\/wp-json\/wp\/v2\/posts\/103721","targetHints":{"allow":["GET"]}}],"collection":[{"href":"https:\/\/www.europesays.com\/no\/wp-json\/wp\/v2\/posts"}],"about":[{"href":"https:\/\/www.europesays.com\/no\/wp-json\/wp\/v2\/types\/post"}],"author":[{"embeddable":true,"href":"https:\/\/www.europesays.com\/no\/wp-json\/wp\/v2\/users\/2"}],"replies":[{"embeddable":true,"href":"https:\/\/www.europesays.com\/no\/wp-json\/wp\/v2\/comments?post=103721"}],"version-history":[{"count":0,"href":"https:\/\/www.europesays.com\/no\/wp-json\/wp\/v2\/posts\/103721\/revisions"}],"wp:featuredmedia":[{"embeddable":true,"href":"https:\/\/www.europesays.com\/no\/wp-json\/wp\/v2\/media\/103722"}],"wp:attachment":[{"href":"https:\/\/www.europesays.com\/no\/wp-json\/wp\/v2\/media?parent=103721"}],"wp:term":[{"taxonomy":"category","embeddable":true,"href":"https:\/\/www.europesays.com\/no\/wp-json\/wp\/v2\/categories?post=103721"},{"taxonomy":"post_tag","embeddable":true,"href":"https:\/\/www.europesays.com\/no\/wp-json\/wp\/v2\/tags?post=103721"}],"curies":[{"name":"wp","href":"https:\/\/api.w.org\/{rel}","templated":true}]}}