{"id":103727,"date":"2025-12-04T06:42:15","date_gmt":"2025-12-04T06:42:15","guid":{"rendered":"https:\/\/www.europesays.com\/no\/103727\/"},"modified":"2025-12-04T06:42:15","modified_gmt":"2025-12-04T06:42:15","slug":"frp-mener-norge-ma-folge-sverige-med-ansiktsgjenkjenning","status":"publish","type":"post","link":"https:\/\/www.europesays.com\/no\/103727\/","title":{"rendered":"Frp mener Norge m\u00e5 f\u00f8lge Sverige med ansiktsgjenkjenning"},"content":{"rendered":"\n<p class=\"_lead_o9xde_2 _lead_xtcu6_50 layout-component text-serif-m layout-normal text-serif-l layout-component layout-wide layout-padded _wide_17hqh_1 layout-padded\">I Sverige kan politiet ta i bruk kunstig intelligens og ansiktsgjenkjenning til \u00e5 identifisere kriminelle i sanntid. Det vil ikke justisminister Astri Aas-Hansen (Ap) tillate.<\/p>\n<p><img alt=\"Myndighetene i Norge og Sverige vil ta i bruk ansiktsgjenkjenning, men med ulike regler.   Foto: Audun Braastad \/ NTB\" class=\"_image_qp4xg_65 layout-component layout-wide\" data-fullscreen- data-track-element-type=\"Article image fullscreen\" data-track-name=\"ImageFullscreen\" fetchpriority=\"high\" decoding=\"sync\" loading=\"eager\" height=\"2411\" itemprop=\"image\"  src=\"https:\/\/www.europesays.com\/no\/wp-content\/uploads\/2025\/12\/49ee90c0-2349-4d68-b3fb-cd8b47969ce8\"  style=\"object-position:0% 0%\" width=\"3616\"\/>Myndighetene i Norge og Sverige vil ta i bruk ansiktsgjenkjenning, men med ulike regler.   Foto: Audun Braastad \/ NTB<\/p>\n<ul aria-hidden=\"true\" class=\"_images_1uft6_111\">\n<li><a class=\"_link_1uft6_116\" href=\"https:\/\/www.vg.no\/forfatter\/alf-bjarne-johnsen\" style=\"z-index:1\" title=\"Alf Bjarne Johnsen\" rel=\"nofollow noopener\" target=\"_blank\"><img alt=\"Bilde av Alf Bjarne Johnsen\" class=\"_image_1uft6_93\" fetchpriority=\"low\" loading=\"lazy\" decoding=\"async\" itemprop=\"image\"  src=\"https:\/\/www.europesays.com\/no\/wp-content\/uploads\/2025\/12\/1764830533_954_a8952b63-f4d3-424e-ab5c-93e67076c9b0\"  width=\"480\"\/><\/a><\/li>\n<\/ul>\n<p> Oppdatert torsdag 4. desember kl. 07:03     <\/p>\n<p class=\"_paragraph_o9xde_4 _paragraph_xtcu6_10 layout-component text-serif-m layout-normal text-serif-m layout-padded\"><strong class=\"_strong_o9xde_25\">\u2013 Med ansiktsgjenkjenning i sanntid kan vi ta grove kriminelle langt raskere enn vi eller kan, sa <a href=\"https:\/\/www.vg.no\/tag\/sverige?utm_source=vg-article&amp;utm_medium=auto-tagger&amp;utm_campaign=d459qz\" class=\"_link_o9xde_39\" rel=\"nofollow noopener\" target=\"_blank\">Sveriges<\/a> innenriksminister Erik Slottner p\u00e5 et pressem\u00f8te i Stockholm.<\/strong><\/p>\n<p class=\"_paragraph_o9xde_4 _paragraph_xtcu6_10 layout-component text-serif-m layout-normal text-serif-m layout-padded\">Men Ap-regjeringen vil ikke la politiet bruke et slikt verkt\u00f8y i realtid. <\/p>\n<p class=\"_paragraph_o9xde_4 _paragraph_xtcu6_10 layout-component text-serif-m layout-normal text-serif-m layout-padded\">I november sendte justisminister Astri Aas-Hansen ut et<a href=\"https:\/\/www.regjeringen.no\/no\/aktuelt\/horing-regler-for-politiets-bruk-av-ki-til-ansiktsgjenkjenning\/id3140479\/\" class=\"_link_o9xde_39\" rel=\"nofollow noopener\" target=\"_blank\"> forslag p\u00e5 h\u00f8ring<\/a> om \u00e5 la politiet bruke opptak og KI til \u00e5 identifisere personer i ettertid, og etter at p\u00e5talemyndighetene har godkjent slike s\u00f8k. <\/p>\n<p class=\"_paragraph_o9xde_4 _paragraph_xtcu6_10 layout-component text-serif-m layout-normal text-serif-m layout-padded\"><strong class=\"_strong_o9xde_25\">\u2013 Enkelte verkt\u00f8y  kan inneb\u00e6re et inngrep i v\u00e5re privatliv. Derfor er det viktig med rettslige rammer som sikrer rimelig og forsvarlig bruk, skriver Aas-Hansen i h\u00f8ringsbrevet. <\/strong><\/p>\n<p><img alt=\"F\u00c5R NYTT VERKT\u00d8Y: Svensk politi - her p\u00e5 jobb i Stockholm-  f\u00e5r gr\u00f8nt lys til \u00e5  bruke KI for \u00e5 gjenkjenne ansikter.    Foto: Claudio Bresciani\/TT Nyhetsbyr\u00e5n \/ NTB\" class=\"_image_qp4xg_65 layout-component layout-normal\" data-fullscreen- data-track-element-type=\"Article image fullscreen\" data-track-name=\"ImageFullscreen\" decoding=\"async\" loading=\"lazy\" height=\"1280\" itemprop=\"image\"  src=\"https:\/\/www.europesays.com\/no\/wp-content\/uploads\/2025\/12\/e48c9243-1a9e-40e8-a31b-f8f518cc91ca\"  style=\"object-position:0% 0%\" width=\"1920\"\/>F\u00c5R NYTT VERKT\u00d8Y: Svensk politi &#8211; her p\u00e5 jobb i Stockholm-  f\u00e5r gr\u00f8nt lys til \u00e5  bruke KI for \u00e5 gjenkjenne ansikter.    Foto: Claudio Bresciani\/TT Nyhetsbyr\u00e5n \/ NTBFrp: Norge velger \u00ablight\u00bb<\/p>\n<p class=\"_paragraph_o9xde_4 _paragraph_xtcu6_10 layout-component text-serif-m layout-normal text-serif-m layout-padded\"><strong class=\"_strong_o9xde_25\">Frp mener at Norge m\u00e5 g\u00e5 like langt som Sverige og \u00e5pne for KI-identifisering i sanntid:<\/strong><\/p>\n<p class=\"_paragraph_o9xde_4 _paragraph_xtcu6_10 layout-component text-serif-m layout-normal text-serif-m layout-padded\">\u2013 Det er typisk for den norske regjeringen \u00e5 velge en \u00ablight\u00bb-versjon n\u00e5r Sverige n\u00e5 tar i bruk kraftfulle virkemidler for \u00e5 sl\u00e5 ned p\u00e5 grov og grenseoverskridende kriminalitet. Men det kan ha en h\u00f8y pris, sier Jon Engen-Helgheim (Frp) til VG. Han er leder i Stortingets justiskomite.<\/p>\n<p><img decoding=\"async\" alt=\"Bilde av Jon Engen-Helgheim (Frp) leder Stortingets justiskomite \" class=\"_image_ygndg_42\" height=\"27\" itemprop=\"image\" loading=\"lazy\"  src=\"https:\/\/www.europesays.com\/no\/wp-content\/uploads\/2025\/12\/69fe3706-f7d7-43d2-971a-d053b8d0f810\"  width=\"40\"\/><strong class=\"_name_ygndg_51 title-serif-xs\">Jon Engen-Helgheim (Frp) leder Stortingets justiskomite <\/strong><\/p>\n<p class=\"_paragraph_o9xde_4 _paragraph_xtcu6_10 layout-component text-serif-m layout-normal text-serif-m layout-padded\">Frp-leder Sylvi Listhaug har tidligere foresl\u00e5tt \u00e5 bruke ansiktsgjenkjenning p\u00e5 grenseovergangene til Norge, for \u00e5 ha kontroll over hvem som kommer til landet. Hun tok med forslaget hjem etter en studietur til Danmark i sommer. <\/p>\n<p class=\"_paragraph_o9xde_4 _paragraph_xtcu6_10 layout-component text-serif-m layout-normal text-serif-m layout-padded\">\u2013 N\u00e5r b\u00e5de Sverige og Danmark tillater ansiktsgjenkjenning i sann tid, \u00f8ker risikoen for at grov kriminalitet krysser grensen til Norge.  Sverige har allerede advart om at Norge kan bli et nytt paradis for kriminelle, og regjeringen har sagt at Norden b\u00f8r ha like regler for \u00e5 bekjempe kriminalitet, sier Engen-Helgheim.<\/p>\n<p class=\"_paragraph_o9xde_4 _paragraph_xtcu6_10 layout-component text-serif-m layout-normal text-serif-m layout-padded\"><strong class=\"_strong_o9xde_25\">\u2013 Hva skjer med personvern og retten til privatliv om politiet skal f\u00e5 ta i bruk KI til ansiktsgjenkjenning?<\/strong><\/p>\n<p class=\"_paragraph_o9xde_4 _paragraph_xtcu6_10 layout-component text-serif-m layout-normal text-serif-m layout-padded\">\u2013 Det er trist at utviklingen krever tiltak p\u00e5 bekostning av personvernet. Men jeg tror at det kommer til \u00e5 bli verre for v\u00e5r alles trygghet og personvern om vi ikke klarer \u00e5 stoppe de kriminelle.  Jeg mener at dette tiltaket har lav risiko for \u00e5 ramme uskyldige, svarer han.<\/p>\n","protected":false},"excerpt":{"rendered":"I Sverige kan politiet ta i bruk kunstig intelligens og ansiktsgjenkjenning til \u00e5 identifisere kriminelle i sanntid. Det&hellip;\n","protected":false},"author":2,"featured_media":103728,"comment_status":"","ping_status":"","sticky":false,"template":"","format":"standard","meta":{"footnotes":""},"categories":[10],"tags":[13059,2878,20,21,24,25,15,9316,148,22,23,13,30,28,281,29,14,16,1359,26,27,205],"class_list":{"0":"post-103727","1":"post","2":"type-post","3":"status-publish","4":"format-standard","5":"has-post-thumbnail","7":"category-norge","8":"tag-ansiktsgjenkjenning","9":"tag-astri-aas-hansen-ap","10":"tag-breaking-news","11":"tag-breakingnews","12":"tag-featured-news","13":"tag-featurednews","14":"tag-headlines","15":"tag-jon-helgheim","16":"tag-kriminalitet","17":"tag-latest-news","18":"tag-latestnews","19":"tag-news","20":"tag-no","21":"tag-norge","22":"tag-norsk-politikk","23":"tag-norway","24":"tag-nyheter","25":"tag-overskrifter","26":"tag-sverige","27":"tag-top-stories","28":"tag-topstories","29":"tag-vgsamfunn"},"share_on_mastodon":{"url":"https:\/\/pubeurope.com\/@no\/115659941246570297","error":""},"_links":{"self":[{"href":"https:\/\/www.europesays.com\/no\/wp-json\/wp\/v2\/posts\/103727","targetHints":{"allow":["GET"]}}],"collection":[{"href":"https:\/\/www.europesays.com\/no\/wp-json\/wp\/v2\/posts"}],"about":[{"href":"https:\/\/www.europesays.com\/no\/wp-json\/wp\/v2\/types\/post"}],"author":[{"embeddable":true,"href":"https:\/\/www.europesays.com\/no\/wp-json\/wp\/v2\/users\/2"}],"replies":[{"embeddable":true,"href":"https:\/\/www.europesays.com\/no\/wp-json\/wp\/v2\/comments?post=103727"}],"version-history":[{"count":0,"href":"https:\/\/www.europesays.com\/no\/wp-json\/wp\/v2\/posts\/103727\/revisions"}],"wp:featuredmedia":[{"embeddable":true,"href":"https:\/\/www.europesays.com\/no\/wp-json\/wp\/v2\/media\/103728"}],"wp:attachment":[{"href":"https:\/\/www.europesays.com\/no\/wp-json\/wp\/v2\/media?parent=103727"}],"wp:term":[{"taxonomy":"category","embeddable":true,"href":"https:\/\/www.europesays.com\/no\/wp-json\/wp\/v2\/categories?post=103727"},{"taxonomy":"post_tag","embeddable":true,"href":"https:\/\/www.europesays.com\/no\/wp-json\/wp\/v2\/tags?post=103727"}],"curies":[{"name":"wp","href":"https:\/\/api.w.org\/{rel}","templated":true}]}}