{"id":103729,"date":"2025-12-04T06:45:13","date_gmt":"2025-12-04T06:45:13","guid":{"rendered":"https:\/\/www.europesays.com\/no\/103729\/"},"modified":"2025-12-04T06:45:13","modified_gmt":"2025-12-04T06:45:13","slug":"altfor-god-til-a-gi-seg","status":"publish","type":"post","link":"https:\/\/www.europesays.com\/no\/103729\/","title":{"rendered":"\u2013 Altfor god til \u00e5 gi seg"},"content":{"rendered":"\n<p class=\"_lead_o9xde_2 _lead_xtcu6_50 layout-component text-serif-m layout-normal text-serif-l layout-component layout-wide layout-padded _wide_17hqh_1 layout-padded\">Katrine Lunde (45) spiller kanskje sin beste h\u00e5ndball i sitt siste mesterskap. Hun f\u00e5r klar beskjed av sine lagvenninner.<\/p>\n<ul class=\"_gallery_1qa3s_23\" tabindex=\"0\">\n<li class=\"_item_1qa3s_37\" data-index=\"0\"><img fetchpriority=\"high\" decoding=\"async\" class=\"_image_foru8_23 _introGallery_foru8_43\" data-fullscreen- width=\"8456\" height=\"5637\" itemprop=\"image\" loading=\"eager\"  src=\"https:\/\/www.europesays.com\/no\/wp-content\/uploads\/2025\/12\/2708ca77-9959-40a3-ae5b-944bffe08270\"  style=\"object-position:50% 50%;aspect-ratio:var(--gallery-aspect-ratio, 16 \/ 9)\"\/>Katrine Lunde stoppet svenskene kontakt i storseieren onsdag.<br \/>\nFoto: Beate Oma Dahle \/ NTB<\/li>\n<li class=\"_item_1qa3s_37\" data-index=\"1\"><img decoding=\"async\" class=\"_image_foru8_23 _introGallery_foru8_43\" data-fullscreen- width=\"7849\" height=\"5233\" itemprop=\"image\" loading=\"lazy\"  src=\"https:\/\/www.europesays.com\/no\/wp-content\/uploads\/2025\/12\/026e5fee-e8a6-4019-aac7-054d90fb1a6b\"  style=\"object-position:50% 50%;aspect-ratio:var(--gallery-aspect-ratio, 16 \/ 9)\"\/>Katrine Lunde fikk nok en gang med seg prisen som banens beste.<br \/>\nFoto: Beate Oma Dahle \/ NTB<\/li>\n<\/ul>\n<p>Katrine Lunde stoppet svenskene kontakt i storseieren onsdag.<br \/>\nFoto: Beate Oma Dahle \/ NTB<\/p>\n<ul aria-hidden=\"true\" class=\"_images_1uft6_111\">\n<li><a class=\"_link_1uft6_116\" href=\"https:\/\/www.vg.no\/forfatter\/ntb\" style=\"z-index:1\" title=\"NTB\" rel=\"nofollow noopener\" target=\"_blank\"><img alt=\"Bilde av NTB\" class=\"_image_1uft6_93\" fetchpriority=\"low\" loading=\"lazy\" decoding=\"async\" itemprop=\"image\"  src=\"https:\/\/www.europesays.com\/no\/wp-content\/uploads\/2025\/12\/1764830713_900_c33980b0-5d07-4027-84a1-813f90a7c8d6\"  width=\"480\"\/><\/a><\/li>\n<\/ul>\n<p> Oppdatert torsdag 4. desember kl. 07:16    <\/p>\n<ul class=\"_list_o9xde_3 _list_64s2r_85 _unordered_o9xde_106 text-sans-m\">\n<li class=\"_item_o9xde_30\">Katrine Lunde dominerer i sitt siste mesterskap som h\u00e5ndballspiller.<\/li>\n<li class=\"_item_o9xde_30\">Lagvenninne Henny Reistad hyller Lunde som fortjent banens beste.<\/li>\n<li class=\"_item_o9xde_30\">Landslagssjef Ole Gustav Gjekstad mener Lunde er p\u00e5 sitt beste niv\u00e5.<\/li>\n<li class=\"_item_o9xde_30\">Lunde selv er ydmyk og fokusert p\u00e5 neste kamp.<\/li>\n<\/ul>\n<p>Vis mer <\/p>\n<p class=\"_paragraph_o9xde_4 _paragraph_xtcu6_10 layout-component text-serif-m layout-normal text-serif-m layout-padded\">Lunde har dominert voldsomt i sitt 25. og aller siste mesterskap. Onsdag kveld holdt hun et nytt show og reddet 50 prosent av de svenske avslutningene.<\/p>\n<p class=\"_paragraph_o9xde_4 _paragraph_xtcu6_10 layout-component text-serif-m layout-normal text-serif-m layout-padded\">Prosenten for banens besteprisen i VM, derimot: 100.<\/p>\n<p class=\"_paragraph_o9xde_4 _paragraph_xtcu6_10 layout-component text-serif-m layout-normal text-serif-m layout-padded\">\u2013 Hun kan bare fortsette \u00e5 h\u00f8ste inn de bestemannspremiene, for det er veldig fortjent, sier Henny Reistad til NTB.<\/p>\n<p class=\"_paragraph_o9xde_4 _paragraph_xtcu6_10 layout-component text-serif-m layout-normal text-serif-m layout-padded\">Lunde selv var ydmyk da NTB spurte henne om hvor god hun er akkurat n\u00e5 etter kalasseieren mot Sverige.<\/p>\n<p class=\"_paragraph_o9xde_4 _paragraph_xtcu6_10 layout-component text-serif-m layout-normal text-serif-m layout-padded\">\u2013 Jeg synes selv det var en god kamp. Jeg er godt forn\u00f8yd. Jeg var bra i dag, men man er ikke bedre enn det man presterer neste gang, sa Lunde.<\/p>\n<p class=\"_paragraph_o9xde_4 _paragraph_xtcu6_10 layout-component text-serif-m layout-normal text-serif-m layout-padded\">Landslagssjef Ole Gustav Gjekstad mener Lundes prestasjon s\u00e5 langt er helt der oppe av hva hun har gjort tidligere i karrieren som har gitt henne 383 landskamper.<\/p>\n<p class=\"_paragraph_o9xde_4 _paragraph_xtcu6_10 layout-component text-serif-m layout-normal text-serif-m layout-padded\"><strong class=\"_strong_o9xde_25\">\u2013 Det er vel opp mot det beste niv\u00e5et jeg har sett henne p\u00e5. Det er veldig solid, sier Gjekstad.<\/strong><\/p>\n<p class=\"_paragraph_o9xde_4 _paragraph_xtcu6_10 layout-component text-serif-m layout-normal text-serif-m layout-padded\">Snart er det slutt. For to uker siden kunngjorde hun at verdensmesterskapet i Tyskland og Nederland blir hennes siste p\u00e5 landslaget.<\/p>\n<p class=\"_paragraph_o9xde_4 _paragraph_xtcu6_10 layout-component text-serif-m layout-normal text-serif-m layout-padded\">\u2013 Det pr\u00f8ver jeg \u00e5 ikke tenke s\u00e5 mye p\u00e5. Det er ikke noe vi skal bruke tid p\u00e5 \u00e5 snakke om n\u00e5. Vi skal la henne f\u00e5 st\u00e5 i m\u00e5l, og s\u00e5 skal vi fokusere p\u00e5 kampene. S\u00e5 f\u00e5r vi ta det n\u00e5r mesterskapet er over, sier Gjekstad.<\/p>\n<p class=\"_paragraph_o9xde_4 _paragraph_xtcu6_10 layout-component text-serif-m layout-normal text-serif-m layout-padded\">Stine Ruscetta Skogrand m\u00e5 ta seg tid n\u00e5r hun blir spurt om keeperveteranen.<\/p>\n<p class=\"_paragraph_o9xde_4 _paragraph_xtcu6_10 layout-component text-serif-m layout-normal text-serif-m layout-padded\">\u2013 Man er nesten tom for ord. Det er s\u00e5 imponerende at hun kamp etter kamp etter kamp leverer s\u00e5nne store prestasjoner. Vi kan ikke forvente at hun tar s\u00e5 mange 100-prosentsjanser, men hun gj\u00f8r det likevel. <\/p>\n<p class=\"_paragraph_o9xde_4 _paragraph_xtcu6_10 layout-component text-serif-m layout-normal text-serif-m layout-padded\">\u2013 Jeg tenker jo at hun er altfor god til \u00e5 gi seg p\u00e5 landslaget. Det er vi alle sammen enig om. Men det er en tid for alt, og vi har full respekt for den avgj\u00f8relsen. <\/p>\n<p>\u2013 \u00d8mt tema<\/p>\n<p class=\"_paragraph_o9xde_4 _paragraph_xtcu6_10 layout-component text-serif-m layout-normal text-serif-m layout-padded\">Hennes siste landskamp kan bli finalen i Rotterdam om Norge fortsetter som i 39-26-seieren over Sverige. Det blir trolig en emosjonell kveld.<\/p>\n<p class=\"_paragraph_o9xde_4 _paragraph_xtcu6_10 layout-component text-serif-m layout-normal text-serif-m layout-padded\">\u2013 Jeg har ikke snakket med henne om det \u2013 det er jo et \u00f8mt tema for oss andre ogs\u00e5, sier Ingvild Bakkerud.<\/p>\n<p class=\"_paragraph_o9xde_4 _paragraph_xtcu6_10 layout-component text-serif-m layout-normal text-serif-m layout-padded\">Norge st\u00e5r med full pott s\u00e5 langt i mesterskapet og har allerede en fot i kvartfinalen. Neste oppgave er mot Tsjekkia fredag. Deretter fullf\u00f8res hovedrunden mot Brasil s\u00f8ndag.<\/p>\n","protected":false},"excerpt":{"rendered":"Katrine Lunde (45) spiller kanskje sin beste h\u00e5ndball i sitt siste mesterskap. Hun f\u00e5r klar beskjed av sine&hellip;\n","protected":false},"author":2,"featured_media":103730,"comment_status":"","ping_status":"","sticky":false,"template":"","format":"standard","meta":{"footnotes":""},"categories":[59],"tags":[105,9443,1526,30,28,29,83,82],"class_list":{"0":"post-103729","1":"post","2":"type-post","3":"status-publish","4":"format-standard","5":"has-post-thumbnail","7":"category-sport","8":"tag-handball","9":"tag-handball-vm","10":"tag-katrine-lunde","11":"tag-no","12":"tag-norge","13":"tag-norway","14":"tag-sport","15":"tag-sports"},"share_on_mastodon":{"url":"https:\/\/pubeurope.com\/@no\/115659953015513828","error":""},"_links":{"self":[{"href":"https:\/\/www.europesays.com\/no\/wp-json\/wp\/v2\/posts\/103729","targetHints":{"allow":["GET"]}}],"collection":[{"href":"https:\/\/www.europesays.com\/no\/wp-json\/wp\/v2\/posts"}],"about":[{"href":"https:\/\/www.europesays.com\/no\/wp-json\/wp\/v2\/types\/post"}],"author":[{"embeddable":true,"href":"https:\/\/www.europesays.com\/no\/wp-json\/wp\/v2\/users\/2"}],"replies":[{"embeddable":true,"href":"https:\/\/www.europesays.com\/no\/wp-json\/wp\/v2\/comments?post=103729"}],"version-history":[{"count":0,"href":"https:\/\/www.europesays.com\/no\/wp-json\/wp\/v2\/posts\/103729\/revisions"}],"wp:featuredmedia":[{"embeddable":true,"href":"https:\/\/www.europesays.com\/no\/wp-json\/wp\/v2\/media\/103730"}],"wp:attachment":[{"href":"https:\/\/www.europesays.com\/no\/wp-json\/wp\/v2\/media?parent=103729"}],"wp:term":[{"taxonomy":"category","embeddable":true,"href":"https:\/\/www.europesays.com\/no\/wp-json\/wp\/v2\/categories?post=103729"},{"taxonomy":"post_tag","embeddable":true,"href":"https:\/\/www.europesays.com\/no\/wp-json\/wp\/v2\/tags?post=103729"}],"curies":[{"name":"wp","href":"https:\/\/api.w.org\/{rel}","templated":true}]}}