{"id":103731,"date":"2025-12-04T06:49:12","date_gmt":"2025-12-04T06:49:12","guid":{"rendered":"https:\/\/www.europesays.com\/no\/103731\/"},"modified":"2025-12-04T06:49:12","modified_gmt":"2025-12-04T06:49:12","slug":"jeg-ville-ikke-ha-onsket-det","status":"publish","type":"post","link":"https:\/\/www.europesays.com\/no\/103731\/","title":{"rendered":"\u2013 Jeg ville ikke ha \u00f8nsket det"},"content":{"rendered":"\n<p class=\"_paragraph_o9xde_4 _paragraph_xtcu6_10 layout-component text-serif-m layout-normal text-serif-m layout-padded\">\u2013 Jeg tror du vil innse at dette er krig. Disse menneskene har drept millioner av v\u00e5re folk over tid, hvis du ser p\u00e5 det gjennom flere \u00e5r.<\/p>\n<p class=\"_paragraph_o9xde_4 _paragraph_xtcu6_10 layout-component text-serif-m layout-normal text-serif-m layout-padded\">Det sa Trump under en pressekonferanse i Det hvite hus onsdag, etter sp\u00f8rsm\u00e5l om amerikanske angrep mot to overlevende som klamret seg fast til en b\u00e5t.<\/p>\n<p class=\"_paragraph_o9xde_4 _paragraph_xtcu6_10 layout-component text-serif-m layout-normal text-serif-m layout-padded\">Bakgrunnen er en <a href=\"https:\/\/www.washingtonpost.com\/national-security\/2025\/11\/28\/hegseth-kill-them-all-survivors-boat-strike\/?utm_source=sdrn%3Avg%3Aarticle%3A6qwAEO\" class=\"_link_o9xde_39\" rel=\"nofollow noopener\" target=\"_blank\">artikkel publisert av Washington Post den 28. november,<\/a> som har vakt oppsikt rundt USAs angrep mot p\u00e5st\u00e5tte kartellb\u00e5ter i Karibia. <\/p>\n<p class=\"_paragraph_o9xde_4 _paragraph_xtcu6_10 layout-component text-serif-m layout-normal text-serif-m layout-padded\">Den amerikanske storavisen har intervjuet syv anonyme kilder med kjennskap til en milit\u00e6r operasjon utenfor \u00f8ya Trinidad den 2. september. <\/p>\n<p class=\"_paragraph_o9xde_4 _paragraph_xtcu6_10 layout-component text-serif-m layout-normal text-serif-m layout-padded\">If\u00f8lge avisen skal USAs krigsminister <a href=\"https:\/\/www.vg.no\/tag\/pete-hegseth?utm_source=vg-article&amp;utm_medium=auto-tagger&amp;utm_campaign=OkbR8k\" class=\"_link_o9xde_39\" rel=\"nofollow noopener\" target=\"_blank\">Pete Hegseth<\/a> <a href=\"https:\/\/www.vg.no\/nyheter\/i\/6qwAEO\/washington-post-hegseth-skal-ha-beordret-om-aa-drepe-alle-i-angrep-mot-baat-i-karibia\" data-track-element-type=\"Link\" data-track-id=\"link:6qwAEO\" class=\"_link_o9xde_39\" rel=\"nofollow noopener\" target=\"_blank\">ha beordret \u00e5 \u00abdrepe alle\u00bb i angrepet mot b\u00e5ten<\/a>. Det var elleve mennesker om bord.  <\/p>\n<p class=\"_paragraph_o9xde_4 _paragraph_xtcu6_10 layout-component text-serif-m layout-normal text-serif-m layout-padded\">Etter at det f\u00f8rste missilet ble avfyrt, skal milit\u00e6ret ha observert to mennesker som klamret seg til brennende vrakrester i vannet. De hadde overlevd. <\/p>\n<p class=\"_paragraph_o9xde_4 _paragraph_xtcu6_10 layout-component text-serif-m layout-normal text-serif-m layout-padded\">Deretter skal admiral Frank M. Bradley, som ledet operasjonen, ha beordret et nytt angrep \u2013 angivelig for \u00e5 etterkomme Hegseths ordre om \u00e5 \u00abdrepe alle\u00bb. <\/p>\n<p class=\"_paragraph_o9xde_4 _paragraph_xtcu6_10 layout-component text-serif-m layout-normal text-serif-m layout-padded\"><strong class=\"_strong_o9xde_25\">Alle elleve om bord ble drept. <\/strong><\/p>\n<p><img decoding=\"async\" alt=\"Bilde av Frank M. Bradley \" class=\"_image_ygndg_42\" height=\"27\" itemprop=\"image\" loading=\"lazy\"  src=\"https:\/\/www.europesays.com\/no\/wp-content\/uploads\/2025\/12\/00b9af25-b13a-41e4-83d5-6810ef3b9c63\"  width=\"40\"\/><strong class=\"_name_ygndg_51 title-serif-xs\">Frank M. Bradley <\/strong><\/p>\n<p class=\"_paragraph_o9xde_4 text-sans-m _description_ygndg_56\">Admiral i den amerikanske marinen, kommand\u00f8r for United States Special Operations Command<\/p>\n<p class=\"_paragraph_o9xde_4 _paragraph_xtcu6_10 layout-component text-serif-m layout-normal text-serif-m layout-padded\">Under intervjuet p\u00e5 Air Force One s\u00f8ndag ble Trump spurt om han ville \u00f8nsket \u00e5 beordre et nytt angrep \u2013 dersom han s\u00e5 overlevende. Det tok presidenten avstand fra. <\/p>\n<p class=\"_paragraph_o9xde_4 _paragraph_xtcu6_10 layout-component text-serif-m layout-normal text-serif-m layout-padded\">\u2013 Jeg ville ikke ha \u00f8nsket det. Ikke et nytt angrep, sa han if\u00f8lge <a href=\"https:\/\/www.nytimes.com\/2025\/12\/01\/us\/politics\/trump-hegseth-drug-boat-strike-venezuela.html\" class=\"_link_o9xde_39\" rel=\"nofollow noopener\" target=\"_blank\">The New York Times<\/a>. <\/p>\n<p class=\"_paragraph_o9xde_4 _paragraph_xtcu6_10 layout-component text-serif-m layout-normal text-serif-m layout-padded\">Trump fortalte ogs\u00e5 at Hegseth hadde avvist \u00e5 ha beordret drapet p\u00e5 de to mennene, og han la til: \u00abJeg tror p\u00e5 ham, 100 prosent.\u00bb<\/p>\n<p class=\"_paragraph_o9xde_4 _paragraph_xtcu6_10 layout-component text-serif-m layout-normal text-serif-m layout-padded\">Men onsdag er tonen spissere og Trump sier at USA snart vil utvide operasjonene til land:<\/p>\n<p class=\"_paragraph_o9xde_4 _paragraph_xtcu6_10 layout-component text-serif-m layout-normal text-serif-m layout-padded\">\u2013 Veldig snart kommer vi til \u00e5 begynne \u00e5 gj\u00f8re det p\u00e5 land ogs\u00e5, fordi vi kjenner hver rute. Vi vet hvor hvert hus er. Vi vet hvor de produserer dette s\u00f8ppelet. Vi vet hvor de setter alt sammen, sa presidenten.<\/p>\n<p>Postet meme <\/p>\n<p class=\"_paragraph_o9xde_4 _paragraph_xtcu6_10 layout-component text-serif-m layout-normal text-serif-m layout-padded\">Siden det f\u00f8rste angrepet i september har USA gjennomf\u00f8rt en rekke angrep mot b\u00e5ter i Karibia, som de hevder frakter narkotika fra Venezuela. Minst 83 mennesker har blitt drept av amerikanerne. <\/p>\n<p class=\"_paragraph_o9xde_4 _paragraph_xtcu6_10 layout-component text-serif-m layout-normal text-serif-m layout-padded\">Mens Trump var i luften publiserte Hegseth en meme p\u00e5 X. Under teksten \u00abtil deres jule-\u00f8nskeliste\u00bb la han ut et bilde av en skilpadde med amerikanske flagg p\u00e5 armene som sendte missiler mot b\u00e5ter. Bildet spiller p\u00e5 barnebokserien om skilpadden Franklin \u2013 med Hegseths egen vri og teksten \u00abFranklin angriper narkoterrorister\u00bb. <\/p>\n<p class=\"_root_1xq52_1\" lang=\"en\" dir=\"auto\">For your Christmas wish list\u2026<\/p>\n<p class=\"_paragraph_o9xde_4 _paragraph_xtcu6_10 layout-component text-serif-m layout-normal text-serif-m layout-padded\">Inlegget utl\u00f8ste en storm av kritikk. Flere konservative X-brukere har reagert, skriver The New York Times. <\/p>\n<p class=\"_paragraph_o9xde_4 _paragraph_xtcu6_10 layout-component text-serif-m layout-normal text-serif-m layout-padded\">\u00abSiviliserte folk respekterer liv gitt av Gud og tar ikke lett p\u00e5 det \u00e5 ta liv, uansett hvor ondsinnet livet ble brukt\u00bb, skrivet en. <\/p>\n<p class=\"_paragraph_o9xde_4 _paragraph_xtcu6_10 layout-component text-serif-m layout-normal text-serif-m layout-padded\">\u00abDen memen var langt fra kristen. Den var blodt\u00f8rstig\u00bb, skriver en annen. <\/p>\n<p>Stiller sp\u00f8rsm\u00e5l ved lovlighet <\/p>\n<p class=\"_paragraph_o9xde_4 _paragraph_xtcu6_10 layout-component text-serif-m layout-normal text-serif-m layout-padded\">USAs angrep i Karibia har m\u00f8tt massiv kritikk internasjonalt, og FNs h\u00f8ykommiss\u00e6r for menneskerettigheter, Volker T\u00fcrk, har tidligere omtalt dem som mulige \u00abutenomrettslige henrettelser\u00bb.<\/p>\n<p class=\"_paragraph_o9xde_4 _paragraph_xtcu6_10 layout-component text-serif-m layout-normal text-serif-m layout-padded\">Saken fra Washington Post har ogs\u00e5 satt fyr p\u00e5 diskusjonen om lovligheten i disse angrepene p\u00e5 hjemmebane. Enkelte mener Washington Post-artikkelen beviser at Hegseth er skyldig i krigsforbrytelser. <\/p>\n<p class=\"_paragraph_o9xde_4 _paragraph_xtcu6_10 layout-component text-serif-m layout-normal text-serif-m layout-padded\">Den demokratiske senatoren Mark Kelly fra Arizona, som tidligere har jobbet som marinepilot, minnet ansatte i det amerikanske milit\u00e6ret om at de ikke m\u00e5 f\u00f8lge ulovlige ordre under et intervju med NBCs Meet the Press s\u00f8ndag.  <\/p>\n<p class=\"_paragraph_o9xde_4 _paragraph_xtcu6_10 layout-component text-serif-m layout-normal text-serif-m layout-padded\">\u2013 Folk b\u00f8r greie se forskjell p\u00e5 noe som er lovlig, og noe som er ulovlig. Hvis jeg ble gitt en ulovlig ordre, s\u00e5 ville jeg nektet, sa Kelly. <\/p>\n<p><img decoding=\"async\" alt=\"Bilde av Mark Kelly \" class=\"_image_ygndg_42\" height=\"27\" itemprop=\"image\" loading=\"lazy\"  src=\"https:\/\/www.europesays.com\/no\/wp-content\/uploads\/2025\/12\/f70ee3c9-90f5-4732-b322-653eaef94ed3\"  width=\"40\"\/><strong class=\"_name_ygndg_51 title-serif-xs\">Mark Kelly <\/strong><\/p>\n<p class=\"_paragraph_o9xde_4 text-sans-m _description_ygndg_56\">Senator fra Arizona <\/p>\n<p>Hegseth: \u2013 Det var riktig avgj\u00f8relse <\/p>\n<p class=\"_paragraph_o9xde_4 _paragraph_xtcu6_10 layout-component text-serif-m layout-normal text-serif-m layout-padded\">Saken var ogs\u00e5 tema i et kabinettm\u00f8te i Det hvite hus tirsdag, der krigsminister Hegseth kommenterte p\u00e5standene, skriver <a href=\"https:\/\/www.nytimes.com\/2025\/12\/02\/us\/politics\/hegseth-boat-strikes.html\" class=\"_link_o9xde_39\" rel=\"nofollow noopener\" target=\"_blank\">The New York Times<\/a>. <\/p>\n<p class=\"_paragraph_o9xde_4 _paragraph_xtcu6_10 layout-component text-serif-m layout-normal text-serif-m layout-padded\">Hegseth fortalte at han s\u00e5 operasjonen 2. september direkte p\u00e5 video, f\u00f8r han \u00abgikk videre\u00bb til sitt neste m\u00f8te. Etter nyhetene om det andre angrepet p\u00e5 den p\u00e5st\u00e5tte kartellb\u00e5ten, som drepte de to resterende overlevende, sa Hegseth at han \u00abikke ble v\u00e6rende\u00bb for \u00e5 se det. <\/p>\n<p class=\"_paragraph_o9xde_4 _paragraph_xtcu6_10 layout-component text-serif-m layout-normal text-serif-m layout-padded\">Krigsministeren sa samtidig at admiral Bradley \u00abtok riktig avgj\u00f8relse\u00bb ved \u00e5 beordre det andre angrepet p\u00e5 b\u00e5ten.<\/p>\n<p class=\"_paragraph_o9xde_4 _paragraph_xtcu6_10 layout-component text-serif-m layout-normal text-serif-m layout-padded\">\u2013 Han senket b\u00e5ten, senket b\u00e5ten og eliminerte trusselen, og det var riktig avgj\u00f8relse, sa Hegseth. <\/p>\n<p><img alt=\"Donald Trump og Pete Hegseth under kabinettm\u00f8tet tirsdag.   Foto: Julia Demaree Nikhinson \/ AP \/ NTB\" class=\"_image_qp4xg_65 layout-component layout-normal\" data-fullscreen- data-track-element-type=\"Article image fullscreen\" data-track-name=\"ImageFullscreen\" decoding=\"async\" loading=\"lazy\" height=\"5447\" itemprop=\"image\"  src=\"https:\/\/www.europesays.com\/no\/wp-content\/uploads\/2025\/12\/cd0c6282-5fd2-4c8d-a626-9e0429a1d5b8\"  style=\"object-position:0% 0%\" width=\"8171\"\/>Donald Trump og Pete Hegseth under kabinettm\u00f8tet tirsdag.   Foto: Julia Demaree Nikhinson \/ AP \/ NTB<\/p>\n<p class=\"_paragraph_o9xde_4 _paragraph_xtcu6_10 layout-component text-serif-m layout-normal text-serif-m layout-padded\">Hegseth har likevel m\u00f8tt motstand i egne rekker. <\/p>\n<p class=\"_paragraph_o9xde_4 _paragraph_xtcu6_10 layout-component text-serif-m layout-normal text-serif-m layout-padded\">Republikaneren Roger Wicker og demokraten Jack Reed, begge i senatets forsvarskomit\u00e9 som kontrollerer milit\u00e6ret, har sl\u00e5tt seg sammen i et sjeldent tverrpolitisk samarbeid i saken.<\/p>\n<p class=\"_paragraph_o9xde_4 _paragraph_xtcu6_10 layout-component text-serif-m layout-normal text-serif-m layout-padded\">De har bedt om en utdyping av grunngivelsen for angrepene, og om de i det hele tatt er lovlige.<\/p>\n<p class=\"_paragraph_o9xde_4 _paragraph_xtcu6_10 layout-component text-serif-m layout-normal text-serif-m layout-padded\">De ba om svar f\u00f8rst i et brev 23. september og deretter i et brev 6. oktober. I det siste brevet ba de om et skriftlig svar p\u00e5 lovgrunnlaget for operasjonene.<\/p>\n<p>Ber om offentliggj\u00f8ring av video <\/p>\n<p class=\"_paragraph_o9xde_4 _paragraph_xtcu6_10 layout-component text-serif-m layout-normal text-serif-m layout-padded\">Den 2.september publiserte president Donald Trump en redigert 29 sekunder lang overv\u00e5kingsdronevideo som viser angrepet. <\/p>\n<p class=\"_paragraph_o9xde_4 _paragraph_xtcu6_10 layout-component text-serif-m layout-normal text-serif-m layout-padded\"><strong class=\"_strong_o9xde_25\">Videoen inneholder ikke noe opptak av det p\u00e5f\u00f8lgende angrepet p\u00e5 de overlevende.<\/strong><\/p>\n<p><img alt=\"Foto: DONALD TRUMP VIA TRUTH SOCIAL \/ Reuters\" class=\"_image_qp4xg_65 layout-component layout-normal\" data-fullscreen- data-track-element-type=\"Article image fullscreen\" data-track-name=\"ImageFullscreen\" decoding=\"async\" loading=\"lazy\" height=\"2110\" itemprop=\"image\"  src=\"https:\/\/www.europesays.com\/no\/wp-content\/uploads\/2025\/12\/2b7e05e9-61d4-45cd-a363-a6db82216af8\"  style=\"object-position:0% 0%\" width=\"3752\"\/>Foto: DONALD TRUMP VIA TRUTH SOCIAL \/ Reuters<\/p>\n<p class=\"_paragraph_o9xde_4 _paragraph_xtcu6_10 layout-component text-serif-m layout-normal text-serif-m layout-padded\">Den demokratiske senatoren Mark Warner fra Virginia reagerer p\u00e5 at informasjonen om det andre angrepet p\u00e5 b\u00e5ten, f\u00f8rst har n\u00e5dd offentligheten tre m\u00e5neder senere. <\/p>\n<p class=\"_paragraph_o9xde_4 _paragraph_xtcu6_10 layout-component text-serif-m layout-normal text-serif-m layout-padded\">\u2013 Jeg synes det er p\u00e5 tide at administrasjonen frigir hele den uredigerte videoen av dette angrepet, sier han i et intervju med <a href=\"https:\/\/www.nbcnews.com\/meet-the-press\/video\/trump-admin-should-release-unedited-video-of-strikes-on-alleged-drug-boats-says-sen-warner-253382213921\" class=\"_link_o9xde_39\" rel=\"nofollow noopener\" target=\"_blank\">NBC News<\/a>. <\/p>\n<p><img decoding=\"async\" alt=\"Bilde av Mark Warner \" class=\"_image_ygndg_42\" height=\"27\" itemprop=\"image\" loading=\"lazy\"  src=\"https:\/\/www.europesays.com\/no\/wp-content\/uploads\/2025\/12\/2165b555-a2bb-4ec7-ac33-7c9c0dd85f62\"  width=\"40\"\/><strong class=\"_name_ygndg_51 title-serif-xs\">Mark Warner <\/strong><\/p>\n<p class=\"_paragraph_o9xde_4 text-sans-m _description_ygndg_56\">Senator fra Virginia<\/p>\n<p class=\"_paragraph_o9xde_4 _paragraph_xtcu6_10 layout-component text-serif-m layout-normal text-serif-m layout-padded\">Trump-regjeringen har insistert p\u00e5 at b\u00e5tene de har angrepet siden september har transportert narkotika. De har ikke fremlagt bevis eller offentlig rettferdiggjort for hvorfor de har valgt \u00e5 angripe og drepe mennesker om bord &#8211; i stedet for \u00e5 stoppe b\u00e5tene og anholde passasjerene. <\/p>\n","protected":false},"excerpt":{"rendered":"\u2013 Jeg tror du vil innse at dette er krig. Disse menneskene har drept millioner av v\u00e5re folk&hellip;\n","protected":false},"author":2,"featured_media":103732,"comment_status":"","ping_status":"","sticky":false,"template":"","format":"standard","meta":{"footnotes":""},"categories":[12],"tags":[20,21,55,24,25,15,9115,22,23,13,30,28,29,14,16,6506,26,27,50,42,43,44,45],"class_list":{"0":"post-103731","1":"post","2":"type-post","3":"status-publish","4":"format-standard","5":"has-post-thumbnail","7":"category-verden","8":"tag-breaking-news","9":"tag-breakingnews","10":"tag-donald-trump","11":"tag-featured-news","12":"tag-featurednews","13":"tag-headlines","14":"tag-karibia","15":"tag-latest-news","16":"tag-latestnews","17":"tag-news","18":"tag-no","19":"tag-norge","20":"tag-norway","21":"tag-nyheter","22":"tag-overskrifter","23":"tag-pete-hegseth","24":"tag-top-stories","25":"tag-topstories","26":"tag-usa","27":"tag-verden","28":"tag-world","29":"tag-world-news","30":"tag-worldnews"},"share_on_mastodon":{"url":"https:\/\/pubeurope.com\/@no\/115659968864710531","error":""},"_links":{"self":[{"href":"https:\/\/www.europesays.com\/no\/wp-json\/wp\/v2\/posts\/103731","targetHints":{"allow":["GET"]}}],"collection":[{"href":"https:\/\/www.europesays.com\/no\/wp-json\/wp\/v2\/posts"}],"about":[{"href":"https:\/\/www.europesays.com\/no\/wp-json\/wp\/v2\/types\/post"}],"author":[{"embeddable":true,"href":"https:\/\/www.europesays.com\/no\/wp-json\/wp\/v2\/users\/2"}],"replies":[{"embeddable":true,"href":"https:\/\/www.europesays.com\/no\/wp-json\/wp\/v2\/comments?post=103731"}],"version-history":[{"count":0,"href":"https:\/\/www.europesays.com\/no\/wp-json\/wp\/v2\/posts\/103731\/revisions"}],"wp:featuredmedia":[{"embeddable":true,"href":"https:\/\/www.europesays.com\/no\/wp-json\/wp\/v2\/media\/103732"}],"wp:attachment":[{"href":"https:\/\/www.europesays.com\/no\/wp-json\/wp\/v2\/media?parent=103731"}],"wp:term":[{"taxonomy":"category","embeddable":true,"href":"https:\/\/www.europesays.com\/no\/wp-json\/wp\/v2\/categories?post=103731"},{"taxonomy":"post_tag","embeddable":true,"href":"https:\/\/www.europesays.com\/no\/wp-json\/wp\/v2\/tags?post=103731"}],"curies":[{"name":"wp","href":"https:\/\/api.w.org\/{rel}","templated":true}]}}