{"id":103737,"date":"2025-12-04T06:56:07","date_gmt":"2025-12-04T06:56:07","guid":{"rendered":"https:\/\/www.europesays.com\/no\/103737\/"},"modified":"2025-12-04T06:56:07","modified_gmt":"2025-12-04T06:56:07","slug":"fsb-koblet-russisk-mann-brukte-falskt-navn-i-kontakt-med-nord-universitet-nordland","status":"publish","type":"post","link":"https:\/\/www.europesays.com\/no\/103737\/","title":{"rendered":"FSB-koblet russisk mann brukte falskt navn i kontakt med Nord universitet \u2013 Nordland"},"content":{"rendered":"<p>I april 2021 var det travle dager ved Nord universitet i Bod\u00f8. Det var midt under pandemien, og en konferanse om nordomr\u00e5dene skulle arrangeres.<\/p>\n<p>Ett av arrangementene het \u00abArctic 2050: Mapping the future of the Arctic\u00bb. I panelet satt eksperter fra Russland og fra Skandinavia. De snakket om Arktisk r\u00e5d, milj\u00f8vern og \u00f8konomiske muligheter i russisk Arktis.<\/p>\n<p><strong>NRK kan avsl\u00f8re at arrangementet fikk hjelp fra en russisk mann som opptr\u00e5dte under falskt navn.<\/strong><\/p>\n<p>Han presenterte seg selv som \u00abArtem Palmetti\u00bb.<\/p>\n<p>Han har bak seg ti \u00e5r som ansatt hos den russiske sikkerhetstjenesten FSB, if\u00f8lge dokumenter NRK har.<\/p>\n<p>Dette er lekkasjen<\/p>\n<p><img decoding=\"async\"   src=\"data:image\/gif;base64,R0lGODlhAQABAIAAAAAAAP\/\/\/yH5BAEAAAAALAAAAAABAAEAAAIBRAA7\" loading=\"eager\" alt=\"Et bilde av en epost til Nord universitet. Logoen til universitetet er oppe i venstre hj\u00f8rne. Man kan lese starten av eposten: &quot;Artem ville jeg skulle sp\u00f8rre..&quot;\" title=\"Foto: Simen Wingstad \/ NRK\"\/><\/p>\n<p>Foto: Simen Wingstad \/ NRK<\/p>\n<p>NRK har f\u00e5tt tilgang til en lekkasje p\u00e5 30 sider fra en vestlig etterretningstjeneste. Den inneholder blant annet en rekke e-poster og dokumenter. Mesteparten handler om Artjom Kur\u00e9jev, blant annet<\/p>\n<ul>\n<li>E-poster<\/li>\n<li>Billett-kvitteringer<\/li>\n<li>Kur\u00e9jevs CV<\/li>\n<li>Visum-s\u00f8knad<\/li>\n<li>Lister over journalister i Europa som er eller har v\u00e6rt i kontakt med Kur\u00e9jev eller hans nettverk<\/li>\n<\/ul>\n<p>Der skal han ha spesialisert seg p\u00e5 \u00e5 rekruttere vestlige akademikere til \u00e5 se positivt p\u00e5 Russland.<\/p>\n<p>Men det visste ikke de ansatte i Bod\u00f8 da de kommuniserte med han.<\/p>\n<p><strong>For Artem liker \u00e5 framstille seg selv p\u00e5 ulike vis. Og Palmetti er ikke hans egentlige navn. <\/strong><\/p>\n<p>Egentlig heter han Artj\u00f3m Kur\u00e9jev.<\/p>\n<p>Og samtidig som Palmetti jobbet mot seminaret i Bod\u00f8 i det han kaller et \u00abmedieoppdrag\u00bb, var han flere ganger p\u00e5 statlige russiske kanaler som milit\u00e6ranalytiker Artj\u00f3m Kur\u00e9jev.<\/p>\n<p><strong>Der kom han blant annet med analyser av Norges rolle i Nato.<\/strong><\/p>\n<p>    <img alt=\"En skjermdump fra en artikkel i Ria Novosti viser soldater i vinteruniform p\u00e5 sn\u00f8 omgitt av skog i Arktiske str\u00f8k\"  loading=\"lazy\"\/><\/p>\n<blockquote class=\"dhspb__sitat-boks--fa5d2 | dhspb__standard--b7513 dhspb__dark--ed586\">\n<p>\u00ab&#8230; Northern Norway will immediately become the main NATO springboard on the way to Russia&#8217;s Murmansk.\u00bb<\/p>\n<p class=\"dhspb__sitert-person--b9a5f\">Artj\u00f3m Kur\u00e9jev<\/p>\n<p class=\"dhspb__rolle--bc408\">\u00abekspert fra analyseklubben Valdai\u00bb<\/p>\n<\/blockquote>\n<p>Kur\u00e9jev har senere g\u00e5tt videre til \u00e5 lede en stor, russisk informasjonskampanje i Afrika, og blitt sanksjonert i mange land for dette. Amerikanske myndigheter har kalt det <a href=\"https:\/\/2021-2025.state.gov\/the-kremlins-efforts-to-spread-deadly-disinformation-in-africa\/\" ec-id=\"https:\/\/2021-2025.state.gov\/the-kremlins-efforts-to-spread-deadly-disinformation-in-africa\/\" ec-name=\"\u00aben d\u00f8delig desinformasjonskampanje\u00bb\" rel=\"nofollow noopener\" target=\"_blank\">\u00aben d\u00f8delig desinformasjonskampanje\u00bb<\/a>.<\/p>\n<p><a href=\"https:\/\/eur-lex.europa.eu\/legal-content\/EN\/TXT\/?uri=OJ:L_202403188\" ec-id=\"https:\/\/eur-lex.europa.eu\/legal-content\/EN\/TXT\/\" ec-name=\"EU\" rel=\"nofollow noopener\" target=\"_blank\">EU<\/a> og <a href=\"https:\/\/assets.publishing.service.gov.uk\/media\/687a1fe05f0f5104b9806b65\/Notice_Russia_180725.pdf\" ec-id=\"https:\/\/assets.publishing.service.gov.uk\/media\/687a1fe05f0f5104b9806b65\/Notice_Russia_180725.pdf\" ec-name=\"Storbritannia\" rel=\"nofollow noopener\" target=\"_blank\">Storbritannia <\/a>har sagt at det han driver med, er skadelige p\u00e5virkningskampanjer p\u00e5 vegne av FSB.<\/p>\n<p><strong>Hvorfor brukte Artem falskt etternavn? Og hvorfor skulle den russiske sikkerhetstjenesten FSB ha interesse av et seminar i Bod\u00f8? <\/strong><\/p>\n<p>Eksperter mener det hele kan ha v\u00e6rt en del av en bevisst strategi fra Russland, og at det russiske milit\u00e6ret har et helt eget uttrykk for dette \u2013 som handler om \u00e5 villede fienden. Maskirovka.<\/p>\n<p>Men oppn\u00f8stinga av dette mysteriet har bydd p\u00e5 noen overraskelser. Den har vist en mann som tilsynelatende ikke synes det er til bry \u00e5 bli sanksjonert. <\/p>\n<p>For denne p\u00e5st\u00e5tte FSB-agenten bruker det til materiale for memes og tull.<\/p>\n<p>    <img alt=\"Artj\u00f3m Kur\u00e9jev kommenterer at han har blitt sanksjonert tidligere i 2024. Han legger uten post julaften med en illustrasjon han skriver at han har laget for \u00e5 vise at han (orken) blir fors\u00f8kt lurt av vestlige krefter (kvinnen med r\u00f8d eliksir) \" width=\"3840\" height=\"3840\"  loading=\"lazy\"\/><img alt=\"En mann ser rett i kamera og smiler litt. Han har kortermet hvit skjorte og m\u00f8rk bukse og en bl\u00e5 jakke over venstre arm.\" width=\"3840\" height=\"3839\"  loading=\"lazy\"\/><\/p>\n<p>I kontakt med Nord universitet er han \u00abPalmetti\u00bb. P\u00e5 sin egen Telegram bruker han en gr\u00f8nn ork som et bilde p\u00e5 seg selv. Bak dem er \u00e9n og samme mann, Artj\u00f3m Kur\u00e9jev. Skrap for \u00e5 se bildet han har sendt til NRK.<\/p>\n<p>Slik kom Palmetti i kontakt med Nord universitet<\/p>\n<p>I e-postene Nord universitet har mottatt, st\u00e5r Artem Palmetti  p\u00e5 kopi eller blindkopi.<\/p>\n<p>NRK har med ulike metoder kontrollert at Artem Palmetti og Artj\u00f3m Kur\u00e9jev er samme mann.<\/p>\n<p><img decoding=\"async\"   src=\"data:image\/gif;base64,R0lGODlhAQABAIAAAAAAAP\/\/\/yH5BAEAAAAALAAAAAABAAEAAAIBRAA7\" loading=\"eager\" alt=\"Skjermdump fra ett av svarene fra verkt\u00f8yet Osint Industries ved \u00e5 s\u00f8ke p\u00e5 epostdressen palmetti@yandex.ru\" title=\"Foto: Osint Industries\"\/><\/p>\n<p class=\"\">Vi har brukt flere metoder for \u00e5 knytte adressen palmetti@yandex.ru til Artj\u00f3m Kur\u00e9jev. Dette er en av koblingene vi fant med verkt\u00f8yet Osint Industries ved \u00e5 s\u00f8ke p\u00e5 e-postadressen. P\u00e5 det sosiale nettstedet OK.ru har han registrert seg med etternavnet Kur\u00e9jev. Ikke minst har vi sendt e-post til denne adressen og f\u00e5tt svar fra Kur\u00e9jev.<\/p>\n<p>Foto: Osint Industries<\/p>\n<p>Men vi har ogs\u00e5 f\u00e5tt kontakt med Artjom Kur\u00e9jev.<\/p>\n<p>Han forklarer til NRK at \u00abhans team\u00bb var leid inn av en russisk handelsh\u00f8yskole, Skolkovo, for \u00e5 hjelpe med video og organisering av seminaret i Bod\u00f8. Skolkovo og Nord universitet samarbeidet om en rapport i forkant av Arktis-seminaret.<\/p>\n<p>Kur\u00e9jev bekrefter ogs\u00e5 at han har brukt falskt navn.<\/p>\n<p><strong>\u2013 Jeg liker ordet Palmetti, det er enkelt \u00e5 huske, skriver han til NRK. Men han tviler p\u00e5 at noen kunne misforst\u00e5 og tro at han faktisk het dette, skriver han i en e-post.<\/strong><\/p>\n<p><strong>Det kan imidlertid \u00e9n nordmann bekrefte at han gjorde.<\/strong><\/p>\n<p>For noen dager f\u00f8r konferansen fant sted, var Palmetti i kontakt med en norsk frilanser.<\/p>\n<p>Kristian Kahrs er i dag bosatt i Serbia, og ble hyret av Palmetti for \u00e5 bidra med sine kontakter i Norge, hvor han har jobbet som journalist.<\/p>\n<p>\u2013 En russer i Beograd, som kjente Palmetti, anbefalte meg \u00e5 ta kontakt med han, skriver Kahrs \u00e5 e-post. Han forteller ogs\u00e5 til NRK at han ikke ante at Palmetti egentlig het Kurejev.<\/p>\n<p>De diskuterte Palmettis \u00abnorske mediestrategi\u00bb p\u00e5 Telegram, if\u00f8lge dokumenter NRK har sett. Kahrs sier han kun gjorde en PR-jobb, og at han aldri fikk betalt. Han sier han aldri har m\u00f8tt Palmetti, alts\u00e5 Kur\u00e9jev, fysisk.<\/p>\n<p>\u2013 Det var naturlig \u00e5 sette Palmetti i blindkopi for \u00e5 vise hvor mye jeg faktisk jobbet, sier Kahrs.<\/p>\n<p><img decoding=\"async\"   src=\"data:image\/gif;base64,R0lGODlhAQABAIAAAAAAAP\/\/\/yH5BAEAAAAALAAAAAABAAEAAAIBRAA7\" loading=\"eager\" alt=\"Et bilde av en epost til Nord universitet. Logoen til universitetet er oppe i venstre hj\u00f8rne. Man kan lese starten av eposten: &quot;Artem ville jeg skulle sp\u00f8rre..&quot;\" title=\"Foto: Simen Wingstad \/ NRK\"\/><\/p>\n<p class=\"\">Et bilde av en e-post til Nord universitet. Logoen til universitetet er oppe i venstre hj\u00f8rne. Man kan lese starten av e-posten: \u00abArtem ville jeg skulle sp\u00f8rre..&raquo;, skriver Kahrs.<\/p>\n<p>Foto: Simen Wingstad \/ NRK<\/p>\n<p>Derfor, og samtidig som det ble rigget klart til konferansen i Bod\u00f8, tikket det alts\u00e5 inn en rekke e-poster til ansatte ved Nord universitet fra Kahrs\u2019 e-post, med Palmetti p\u00e5 kopi eller blindkopi.<\/p>\n<p><strong>\u2013 Jeg kan ikke forholde meg til at mannen jeg kjente som Artem Palmetti angivelig skal ha jobbet for FSB. Kanskje stemmer NRKs opplysninger, kanskje ikke. Jeg hadde en klar forst\u00e5else av at han jobbet for Skolkovo, og jeg h\u00e5per NRK vil se p\u00e5 tonen i det dere skriver slik at dette ikke blir mistenkeliggjort, skriver han.<\/strong><\/p>\n<p>\u2013 Faktum er at jeg aldri i mitt liv har mottatt en krone fra Russland eller russere, skriver Kahrs.<\/p>\n<p>NRK har snakket med en av flere ansatte ved Nord universitet som mottok e-postene. Han har bekreftet e-postene fra Kahrs og Palmetti, alts\u00e5 Kur\u00e9jev. Han viser til ledelsen ved universitetet for ytterligere sp\u00f8rsm\u00e5l.<\/p>\n<p>Etter seminaret fortsatte Kahrs og Palmetti \u00e5 spre budskap fra seminaret til norske journalister, viser lekkasjen. Men det ble ingen bred dekning av arrangementet i norsk presse. YouTube-str\u00f8mmen av arrangementet er til n\u00e5 sett 92 ganger.<\/p>\n<p><strong>Hvorfor var Palmetti, alts\u00e5 Artjom Kur\u00e9jev, engasjert i dette seminaret?<\/strong><\/p>\n<p>    \u2190<\/p>\n<ul data-scroll-container=\"\" role=\"list\" aria-label=\"Bildegalleri\">\n<li><img alt=\"Et bilde av det digitale panelet og ordstyreren fra Skolkovo, under seminaret \u00abArctic 2050\u00bb.\"  width=\"3840\" height=\"2563\" loading=\"lazy\"\/>\n<p>\u2013 Velkommen til Arktis 2050, \u00e5 kartlegge Arktis&#8217; framtid, sa mannen som ledet paneldiskusjonen, professor Alexey Kalinin. Han er direkt\u00f8r ved Skolkovo, en ledende handelsh\u00f8yskole i Moskva. NRK har sendt ham sp\u00f8rsm\u00e5l p\u00e5 e-post knyttet til Kur\u00e9jev, men har ikke f\u00e5tt svar.  <\/p>\n<p> Illustrasjon: YouTube \/ High North Center <\/li>\n<li><img alt=\"Et bilde fra Longyearbyen med tekst p\u00e5, der det st\u00e5r \u00abWhat needs to be done for the better future of the Arctic\u00bb\"  width=\"3840\" height=\"2556\" loading=\"lazy\"\/>\n<p>\u00abHva trengs for \u00e5 lage en bedre fremtid i Arktis\u00bb var sp\u00f8rsm\u00e5let som innledet seminaret.<\/p>\n<p> Faksimile: YouTube \/ High North Center <\/li>\n<li><img alt=\"En skjermdump fra et seminar som viser en isbryter i Arktis ovenfra, med teksten utfordringer og muligheter foran et sp\u00f8rsm\u00e5lstegn, over isbryteren.\"  width=\"3840\" height=\"2201\" loading=\"lazy\"\/>\n<p>I panelet snakket flere av deltakerne om utfordringer og \u00f8konomiske muligheter for Nord\u00f8stpassasjen og handelsruten som Russland holder p\u00e5 \u00e5 utvikle.<\/p>\n<p> Faksimile: YouTube \/ High North Center <\/li>\n<li><img alt=\"Russlands ambassad\u00f8r til Norge Nicolay Korchunov under seminaret Arctic 2050 i Bod\u00f8 i 2021.\"  width=\"3840\" height=\"2557\" loading=\"lazy\"\/>\n<p>Blant deltagerne var ogs\u00e5 Nikolay Korchunov, som n\u00e5 er Russlands ambassad\u00f8r til Norge. Han fremhevet en fremtid der de arktiske statene g\u00e5r sammen om \u00e5 utforske Arktis. NRK har sendt ham sp\u00f8rsm\u00e5l knyttet til Kur\u00e9jev, men vi har ikke f\u00e5tt svar. Ogs\u00e5 Rosatom, et statlig russisk selskap som driver kjernekraftverk og atomteknologi i Russland, var representert i panelet. <\/p>\n<p> Faksimile: YouTube \/ High North Center <\/li>\n<li><img alt=\"Arctic 2050: Bakskjerm om at \u00abgeopolitiske problemer m\u00e5 l\u00f8ses\u00bb under seminaret\"  width=\"3840\" height=\"2559\" loading=\"lazy\"\/>\n<p>Korchunov sa at Russland ser mer milit\u00e6r aktivitet fra land utenfor Arktis i nordomr\u00e5dene. Han pekte p\u00e5 at det er viktig \u00e5 finne en god arena der de arktiske landene kan snakke sammen og l\u00f8se problemer. Seminaret foregikk en m\u00e5ned f\u00f8r Russland overtok formannskapet i Arktisk r\u00e5d.<\/p>\n<p> Illustrasjon: YouTube \/ High North Center <\/li>\n<\/ul>\n<p>\u2192<\/p>\n<p>Dette er Kur\u00e9jevs \u00abCV\u00bb<\/p>\n<p>Hvis du er med oss s\u00e5 langt, kan vi premiere med \u00e5 si: Dette er litt av en type.<\/p>\n<p>P\u00e5 fritida driver han med cosplay. Hver gang han blir sanksjonert, tuller han om det p\u00e5 Telegram.<\/p>\n<p>Kontoen heter \u00abDen Sanksjonerte Kur\u00e9jev\u00bb.<\/p>\n<p>    <img alt=\"En skjermdump av en post p\u00e5 Telegram som viser et synkende skip, og en humoristisk forklaring fra Kurejev om at han ikke frykter sanksjonene.\" width=\"1600\" height=\"2135\"  loading=\"lazy\"\/><\/p>\n<p>For ett \u00e5r siden la \u00absanksjonerte Kur\u00e9jev\u00bb ut sin f\u00f8rste post p\u00e5 Telegram. Vi har oversatt teksten til norsk.<\/p>\n<p>I dialogen om denne saken, har han invitert oss b\u00e5de til Krym og Moskva, hvor han har lovet oss gratis laks og krabbe. Han signerte en av e-postene slik: \u00abArtyom S. Kureev, bloody Russian propagandist!\u00bb.<\/p>\n<p>Men han har en lengre liste med alvorligere forhold p\u00e5 seg \u2013 og det inkluderer at han sier han har sponset norske journalister (ikke oss).<\/p>\n<p><img decoding=\"async\"   src=\"data:image\/gif;base64,R0lGODlhAQABAIAAAAAAAP\/\/\/yH5BAEAAAAALAAAAAABAAEAAAIBRAA7\" loading=\"eager\" alt=\"Bilde av redakt\u00f8r Artj\u00f3m Kur\u00e9jev i African Initiative, som er koblet til FSB, fra Moskva.\" title=\"Foto: African Inititative\"\/><\/p>\n<p class=\"\">Artj\u00f3m Kur\u00e9jev jobber til daglig fra Russland, der han st\u00e5r oppf\u00f8rt som ansvarlig redakt\u00f8r i det russiske sanksjonerte nettstedet \u00abAfrican Initiative\u00bb. Dette bildet har han selv sendt til oss.<\/p>\n<p>Foto: African Inititative<\/p>\n<ul>\n<li>I en dom i Estland fra 2022 st\u00e5r det at han har v\u00e6rt f\u00f8ringsagent for FSB helt siden 2009.<\/li>\n<li><strong>Hans angivelige CV, som NRK har tilgang til, lister opp at han jobbet i \u00abulike avdelinger\u00bb i FSB i perioden 2005\u20132015.<\/strong><\/li>\n<li>I CV-en st\u00e5r det videre at spesialomr\u00e5det hans er \u00e5 tiltrekke utenlandske eksperter, studenter og akademikere til \u00e5 studere i eller skrive om Russland. Det har han ogs\u00e5 jobbet med i \u00e5rene etter 2015.<\/li>\n<li>I 2023 ble han redakt\u00f8r for det russiske nettstedet \u00abAfrican Initiative\u00bb, som jobber for \u00e5 f\u00e5 russiske perspektiver, handel og partnerskap inn i afrikanske land. M\u00e5let er \u00e5 bekjempe vestlig \u00abneo-kolonialisme\u00bb, skriver han p\u00e5 Telegram.<\/li>\n<li>EU og Storbritannia mener denne jobben er desinformasjon i Afrika p\u00e5 vegne av FSB, og <a href=\"https:\/\/eur-lex.europa.eu\/legal-content\/EN\/TXT\/?uri=OJ:L_202403188\" ec-id=\"https:\/\/eur-lex.europa.eu\/legal-content\/EN\/TXT\/\" ec-name=\"sanksjonerte han for dette i fjor\" rel=\"nofollow noopener\" target=\"_blank\">sanksjonerte han for dette i fjor<\/a>.<\/li>\n<\/ul>\n<p><img decoding=\"async\"   src=\"data:image\/gif;base64,R0lGODlhAQABAIAAAAAAAP\/\/\/yH5BAEAAAAALAAAAAABAAEAAAIBRAA7\" loading=\"eager\" alt=\"Robot-mygg med amerikansk flagg - brukt i russisk desinformasjonskampanje i Afrika \" title=\"Foto: African Initiative\"\/><\/p>\n<p class=\"\">P\u00e5 det russiske desinformasjons-stedet afrinz.ru, ledet av Kur\u00e9jev, brukes dette bildet som et eksempel p\u00e5 at folk mener at USA og Bill Gates bruker bekjemping av mygg som et skalkeskjul for \u00e5 tjene penger p\u00e5 fattige afrikanere.<\/p>\n<p>Foto: African Initiative<\/p>\n<p>CV-en er et av dokumentene i lekkasjen. Kur\u00e9jev mener den bare er oppspinn. Vi har oversatt det han skriver til oss p\u00e5 e-post fra engelsk til norsk.<\/p>\n<p>H\u00e5vard, darling, jeg kan beordre mine folk \u00e5 forfalske din CV, og skrive der at du er nev\u00f8en til Vidkun Quisling og jobber for britisk etterretning. <\/p>\n<p>Hvem kommer til \u00e5 sjekke det? Med nye teknologier kan alt forfalskes \ud83d\ude42 <\/p>\n<p>Og Kur\u00e9jev fortsetter:<\/p>\n<p>\u2013 S\u00e5 hvis du har min falske CV, betyr det ikke at jeg noensinne var en FSB-agent, sier Kur\u00e9jev.<\/p>\n<p><strong>Men eksperter NRK har snakket med, har liten tro p\u00e5 at Kur\u00e9jev bare tuller rundt.<\/strong><\/p>\n<p>Derfor identifiserer vi Artj\u00f3m Kur\u00e9jev\u00a0<\/p>\n<p>Norske sikkerhetstjenester har de siste \u00e5rene advart om at akt\u00f8rer p\u00e5 vegne av den russiske stat jobber med skadelig p\u00e5virkning og desinformasjon i Norge. NRK kan ikke sl\u00e5 fast at hendelsene beskrevet ved Nord universitet inng\u00e5r i en slik operasjon, men \u00e5pne kilder i saken p\u00e5peker likhetstrekk, og mener denne type aktivitet kan true Norges sikkerhet.<\/p>\n<p>Artj\u00f3m Kur\u00e9jev innr\u00f8mmer \u00e5 ha brukt et annet navn enn hans eget i sin kontakt med Nord universitet. Han forklarer dette med at det andre navnet, Artem Palmetti, er et navn han liker og at det er enklere \u00e5 huske. Kur\u00e9jev kommer til ordet i saken og f\u00e5r svare p\u00e5 beskyldningene som rettes mot han.<\/p>\n<p>Siden Kur\u00e9jev brukte falskt navn vil en identifisering kunne bidra til \u00e5 opplyse universitetet og eventuelt andre ber\u00f8rte akt\u00f8rer om hans egentlige identitet. En identifisering vil dessuten fjerne mistanke fra andre russiske statsborgere som jobber eller samarbeider med akademia i Norge.<\/p>\n<p>To tilfeller av falskt navn i nord<\/p>\n<p>Tom R\u00f8seth er etterretningsekspert ved Forsvarets h\u00f8gskole og sier universitetet og akademikerne kan ha blitt en uvitende del av en russisk informasjonsoperasjon.<\/p>\n<p><strong>\u2013 Falskt navn er et tydelig tegn p\u00e5 at vedkommende \u00f8nsker \u00e5 skjule sin identitet og en tydelig indikasjon p\u00e5 dekke, sier R\u00f8seth.<\/strong><\/p>\n<p><img decoding=\"async\"   src=\"data:image\/gif;base64,R0lGODlhAQABAIAAAAAAAP\/\/\/yH5BAEAAAAALAAAAAABAAEAAAIBRAA7\" loading=\"eager\" alt=\"Tom R\u00f8seth st\u00e5r foran en gr\u00f8nn tuja-hekk. Han har hvit skjorte, gr\u00e5 jakke og et gr\u00e5bl\u00e5tt skjerf som henger l\u00f8st. Han ser inn i kameraet og rynker pannen. Han har gr\u00e5tt, kr\u00f8llet h\u00e5r.\" title=\"Foto: Trygve Heide\"\/><\/p>\n<p class=\"\">Tom R\u00f8seth jobber som hovedl\u00e6rer i etterretning ved Stabsskolen, Forsvarets h\u00f8gskole.<\/p>\n<p>Foto: Trygve Heide<\/p>\n<p>\u2013 Hvor dypt dekket var bygd opp, er vanskelig \u00e5 si, og ogs\u00e5 om det har flere paralleller til Mikusjin-saken.<\/p>\n<p>Mikhail Mikusjin er \u00abillegalisten\u00bb som ble arrestert i Troms\u00f8 i oktober i 2022, mistenkt for \u00e5 jobbe for russisk etterretning. I likhet med Kurej\u00e9v brukte han falskt navn, men han gjorde langt mer enn det.<\/p>\n<p>    \u2190<\/p>\n<ul data-scroll-container=\"\" role=\"list\" aria-label=\"Bildegalleri\">\n<li><img alt=\"Mikushin p\u00e5 vei til Russland \"  width=\"3840\" height=\"3840\" loading=\"lazy\"\/>\n<p>Mikusjin hadde bygget seg en helt ny identitet som Jos\u00e9 Assis Giammaria, en forsker f\u00f8dt i Brasil og utdannet i Canada. Han fikk napp ved Universitetet i Troms\u00f8, der han var tilknyttet i et \u00e5r med intetanende forskere. Han ble avsl\u00f8rt og siktet for grov etterretningsvirksomhet, men ble utvekslet til Russland i fjor. Bildet er fra turen tilbake.<\/p>\n<\/li>\n<li><img alt=\"S\u00f8knaden Mikusjin sendte til b\u00e5de UiT og Nord Universitet, med flere. Fremhevet tekst i gult er Mikusjins beskrivelser av hans store interesse for Arktis.\"  width=\"3840\" height=\"2562\" loading=\"lazy\"\/>\n<p>Her er brevet \u00abJos\u00e9 Assis Giammaria\u00bb sendte p\u00e5 e-post til Nord universitet. Det var seks m\u00e5neder etter framst\u00f8tet til \u00abPalmetti\u00bb. Her beskriver Mikusjin sin sterke interesse for Arktis.<\/p>\n<\/li>\n<\/ul>\n<p>\u2192<\/p>\n<p>Tilfellet med Kur\u00e9jev er langt mildere, men Tom R\u00f8seth ved Forsvarets h\u00f8gskole mener det er \u00e9n fellesnevner til, i tillegg til at de begge har benyttet falskt navn.<\/p>\n<p><strong>\u2013 En annen felles faktor er interessen for de akademiske milj\u00f8ene. Der er det muligheter for etterretningsakt\u00f8rer, da det normalt er lav risiko for \u00e5 bli avsl\u00f8rt.<\/strong><\/p>\n<p>Han mener dette viser at det er viktig \u00e5 sjekke bakgrunnen til dem man samarbeider med, men ogs\u00e5 hvorfor det kan v\u00e6re vanskelig.<\/p>\n<p>\u2013 Det er klart at n\u00e5r en tidligere FSB-agent ikke bruker sitt ekte navn, s\u00e5 er det utfordrende for Nord universitet \u00e5 avdekke dette.<\/p>\n<p>Han mener det kan g\u00e5 ut over omd\u00f8mmet til Nord universitet.<\/p>\n<p>\u2013 Det kan v\u00e6re problematisk at en FSB-akt\u00f8r fremmer et slikt seminar, for det fremmer sannsynligvis russiske interesser. Og universitetet og deltakerne blir da uvitende kanskje en del av en russisk informasjonsoperasjon, sier R\u00f8seth.<\/p>\n<p>Nord universitet har sagt nei til \u00e5 stille til intervju, men har svart p\u00e5 noen sp\u00f8rsm\u00e5l p\u00e5 e-post.<\/p>\n<p>Gry Alsos er dekan ved Nord universitet. Hun skriver til NRK at det i forkant var kjent at seminaret ville handle om russiske perspektiver p\u00e5 utviklingen i nordomr\u00e5dene, fordi den russiske ambassad\u00f8ren til Arktis skulle delta.\n<\/p>\n<p><img decoding=\"async\"   src=\"data:image\/gif;base64,R0lGODlhAQABAIAAAAAAAP\/\/\/yH5BAEAAAAALAAAAAABAAEAAAIBRAA7\" loading=\"eager\" alt=\"Professor ved Handelsh\u00f8gskolen i Bod\u00f8, Gry Alsos\" title=\"Foto: Benjamin Fredriksen \/ NRK\"\/><\/p>\n<p class=\"\">Dekan ved Nord universitet, Gry Agnete Alsos.<\/p>\n<p>Foto: Benjamin Fredriksen \/ NRK<\/p>\n<p>\u2013 Dette var intensjonen med seminaret, i en tid da samarbeid med russiske institusjoner var \u00f8nsket fra norske myndigheter, skriver Alsos.<\/p>\n<p>Alsos ved Nord universitet mener innblandingen fra Palmetti, alts\u00e5 Kur\u00e9jev, har hatt lite \u00e5 si for seminaret, for Nord universitet og dets ansatte.<\/p>\n<p>\u2013 Vi kan ikke se at denne mailutvekslingen har p\u00e5virket den akademiske samtalen p\u00e5 arrangementet eller den rapporten som ble presentert der, da dette var forberedt i god tid f\u00f8r denne mailutvekslingen fant sted, skriver dekan Gry Alsos ved Nord universitet.<\/p>\n<p>Dersom Alsos eller andre ved universitetet hadde googlet hans virkelige navn i 2021, hadde de f\u00e5tt opp at han hadde blitt intervjuet og skrevet artikler og analyser som milit\u00e6ranalytiker.<\/p>\n<p>Han uttalte seg om temaer som Nato, Ukraina og Syria, og hevdet at russere som bor i baltiske land, blir undertrykt.<\/p>\n<p>Men Kur\u00e9jev har ogs\u00e5 vist en interesse for Arktis, som han ikke har v\u00e6rt alene om.<\/p>\n<p>Deler interesser med Mikusjin<\/p>\n<p>En annen ekspert, Kari Aga Myklebost ved Universitetet i Troms\u00f8, sier det ikke er tilfeldig at Palmetti, alts\u00e5 Kur\u00e9jev, har en mediestrategi for et seminar som handler om Arktis.<\/p>\n<p>Myklebost er professor i russisk historie. Hun sier det er et hovedm\u00e5l for russiske informasjonsoperasjoner i Arktis \u00e5 selge inn Russland som en god og konstruktiv partner, og \u00e5 framstille Moskvas milit\u00e6re investeringer i nordomr\u00e5dene som defensive.<\/p>\n<p>Hun peker p\u00e5 at seminaret ble arrangert kort tid f\u00f8r Russland skulle overta ledelsen av Arktisk r\u00e5d, som hun mener Russland lenge har brukt til \u00e5 fremme en bevisst historie fra Kreml.\n<\/p>\n<p><img decoding=\"async\"   src=\"data:image\/gif;base64,R0lGODlhAQABAIAAAAAAAP\/\/\/yH5BAEAAAAALAAAAAABAAEAAAIBRAA7\" loading=\"eager\" alt=\"Kari Aga Myklebost\" title=\"Foto: Eirik Hind Sveen \/ NRK\"\/><\/p>\n<p class=\"\">Kari Aga Myklebost er professor i russisk historie ved UiT Norges arktiske universitet.<\/p>\n<p>Foto: Eirik Hind Sveen \/ NRK<\/p>\n<p><strong>\u2013 Det har v\u00e6rt kjempeviktig med denne typen maskirovka: \u00c5 fremme et konstruktivt bilde av Russland, mens man samtidig holder p\u00e5 med helt andre ting. Alts\u00e5 milit\u00e6r oppbygging, russisk strategisk utvikling i Arktis.<\/strong><\/p>\n<p>PST: \u2013 Russisk etterretning sv\u00e6rt interessert i Arktis-diskusjoner i Nord-Norge <\/p>\n<p><img decoding=\"async\"   src=\"data:image\/gif;base64,R0lGODlhAQABAIAAAAAAAP\/\/\/yH5BAEAAAAALAAAAAABAAEAAAIBRAA7\" loading=\"eager\" alt=\" Alexander Vandbakk, PST Nordland\" title=\"Foto: Ingvild Hegge Eriksen \/ NRK\"\/><\/p>\n<p>Foto: Ingvild Hegge Eriksen \/ NRK<\/p>\n<p>Enhetsleder Alexander Vandbakk i PST i Nordland sier p\u00e5 generelt grunnlag at seminarer og konferanser, som samler representanter fra forskning og politikk, er av interesse for russisk etterretningstjeneste.<\/p>\n<p>\u2013 Vi vet at Arktis er et omr\u00e5de som russiske myndigheter er sv\u00e6rt interessert i.<\/p>\n<p>\u2013 Hvilke akademiske temaer er det russisk etterretning har vist interesse for i nord? <\/p>\n<p>\u2013 Det er flere temaer. Blant annet diskuteres det sikkerhetspolitiske sp\u00f8rsm\u00e5l p\u00e5 disse konkurransene. Det vil v\u00e6re naturlig for de \u00e5 innhente informasjon om.<\/p>\n<p>Han sier det kan v\u00e6re interessant for russisk etterretning \u00e5 komme i kontakt med ansatte ved utdanningsinstitusjoner i Nord-Norge.<\/p>\n<p>\u2013 De er en del av milj\u00f8er hvor disse diskusjonene finner sted. \u00c5 komme p\u00e5 innsiden av disse milj\u00f8ene, og ogs\u00e5 f\u00e5 et nettverk hvor disse temaene diskuteres, er sv\u00e6rt verdifullt.<\/p>\n<p>\u2013 NRK kan ogs\u00e5 dokumentere at en som skal v\u00e6re FSB -agent, har v\u00e6rt i direkte kontakt med Nord universitet og bidratt til oppmerksomhet rundt et arktis-seminar i 2021. Er det greit?<\/p>\n<p><strong>\u2013 P\u00e5 generelt grunnlag kan jeg si at en person som representerer fremmede etterretning, f\u00e5r lov til \u00e5 sette agendaen p\u00e5 en slik konferanse, er uheldig. Det gj\u00f8r at denne fremmede etterretningstjenesten kan v\u00e6re spissa i sin innhenting, og ogs\u00e5 kunne p\u00e5virke de diskusjonene som foreg\u00e5r. <\/strong><\/p>\n<p>Han sier PST har r\u00e5det universitetsmilj\u00f8ene til \u00e5 identifisere sine verdier og s\u00e5rbarheter, og \u00e5 ta kontakt hvis de opplever adferd ut over det som er normalt.<\/p>\n<p>\u2013 Det har v\u00e6rt en massiv argumentasjon fra Russland siden 2014 om at spenningene fra \u00abUkraina-krisen\u00bb, en russisk omskriving av den milit\u00e6re aggresjonen i Ukraina, ikke m\u00e5tte f\u00e5 \u00f8delegge for samarbeidsflater mellom Vesten og Russland i nord, sier Myklebost.<\/p>\n<p>Hun sier eksemplet fra Nord universitet ikke er unikt, da de store kunnskaps- og kulturinstitusjonene i landsdelen lenge har v\u00e6rt sentrale arenaer for russisk p\u00e5virkning.<\/p>\n<p>\u2013 Det er ikke uventa at en p\u00e5virkningsakt\u00f8r med dekknavn kommer opp i mylderet av norsk-russiske arrangementer som har foreg\u00e5tt i Nord-Norge, sier Myklebost.<\/p>\n<p>Men Artj\u00f3m Kur\u00e9jev har ikke bare v\u00e6rt opptatt av Arktis.<\/p>\n<p>Det Artj\u00f3m Kur\u00e9jev p\u00e5 ingen m\u00e5te benekter, er at han gjerne sender journalister til russisk-okkuperte Krym og \u00d8st-Ukraina, dersom de vil skrive \u00absannheten om den russisk-ukrainske krigen\u00bb.<\/p>\n<p>Skal ha betalt reise for norske skribenter \u2013 fikk bonuspoeng<\/p>\n<p>\u2013 Det var mange presseturer til krigssonen! Jeg kan ikke huske hvor mange! Jeg gj\u00f8r alltid jobben min ordentlig! skriver han til NRK.<\/p>\n<p>De lekkede dokumentene viser ogs\u00e5 at han har bestilt og betalt for deler av reisen til fire nordmenn i 2023, hvor de blant annet m\u00f8tte og intervjuet den russisk innsatte ledelsen p\u00e5 Krym.<\/p>\n<p>Blant reisef\u00f8lget var Hendrik Weber, norsk forfatter og leder av en norsk russiskvennlig forening for Krym. Weber ble sitert i russisk statlig pressetjeneste Ria Novosti Krym p\u00e5 at \u00abVesten m\u00e5 anerkjenne at Krym er russisk\u00bb. Turen er tidligere omtalt av <a href=\"https:\/\/www.nettavisen.no\/krigen-i-ukraina\/krym-halvoya\/russland\/her-poserer-nordmannen-med-putins-mann-pa-krym\/s\/5-95-1242840\" ec-id=\"https:\/\/www.nettavisen.no\/krigen-i-ukraina\/krym-halvoya\/russland\/her-poserer-nordmannen-med-putins-mann-pa-krym\/s\/5-95-1242840\" ec-name=\"Nettavisen\" rel=\"nofollow noopener\" target=\"_blank\">Nettavisen <\/a>og <a href=\"https:\/\/filternyheter.no\/nordmenn-deltar-i-russisk-krigspropaganda-reiser-i-okkuperte-omrader-som-journalister\/\" ec-id=\"https:\/\/filternyheter.no\/nordmenn-deltar-i-russisk-krigspropaganda-reiser-i-okkuperte-omrader-som-journalister\/\" ec-name=\"Filter nyheter\" rel=\"nofollow noopener\" target=\"_blank\">Filter nyheter<\/a>.<\/p>\n<p><img decoding=\"async\"   src=\"data:image\/gif;base64,R0lGODlhAQABAIAAAAAAAP\/\/\/yH5BAEAAAAALAAAAAABAAEAAAIBRAA7\" loading=\"eager\" alt=\"Skjermdump fra RIA Novosti Crimea, hvor Hendrik Weber uttaler seg 2. august 2023: Vesten m\u00e5 anerkjenne Krym som russisk\" title=\"Faksimile: RIA Novosti Krym\"\/><\/p>\n<p class=\"\">Skjermdump fra Ria Novosti Crimea, hvor Hendrik Weber uttaler seg 2. august 2023: \u00abVesten m\u00e5 anerkjenne Krym som russisk\u00bb<\/p>\n<p>Faksimile: RIA Novosti Krym<\/p>\n<p>I tidligere intervju har Weber nektet for at russiske myndigheter har betalt for reisene. Han sier han alltid har betalt reisene selv.<\/p>\n<p><strong>Blant dokumentene NRK har tilgang til, finnes det kvitteringer som viser at det var Kur\u00e9jev som bestilte og betalte flybillettene for Weber og de tre andre.<\/strong><\/p>\n<p>Vi har skrevet og ringt til Weber og spurt om han brukte disse billettene. Han har ikke svart.<\/p>\n<p>Flyet de skulle ta gikk fra Oslo til Helsinki 21. juli 2023 klokken 13.10. Kur\u00e9jev fikk bonuspoeng for bestillingen.<\/p>\n<p>Han sier han gjerne arrangerer det p\u00e5 nytt. Denne gangen med oss.<\/p>\n<p><strong>\u2013 Jeg kan hjelpe deg med det, hvis du ikke er p\u00e5 v\u00e5r russiske sanksjonsliste! skriver han til NRK.<\/strong><\/p>\n","protected":false},"excerpt":{"rendered":"I april 2021 var det travle dager ved Nord universitet i Bod\u00f8. Det var midt under pandemien, og&hellip;\n","protected":false},"author":2,"featured_media":103738,"comment_status":"","ping_status":"","sticky":false,"template":"","format":"standard","meta":{"footnotes":""},"categories":[12],"tags":[20,21,24,25,15,22,23,13,30,28,29,14,16,26,27,42,43,44,45],"class_list":{"0":"post-103737","1":"post","2":"type-post","3":"status-publish","4":"format-standard","5":"has-post-thumbnail","7":"category-verden","8":"tag-breaking-news","9":"tag-breakingnews","10":"tag-featured-news","11":"tag-featurednews","12":"tag-headlines","13":"tag-latest-news","14":"tag-latestnews","15":"tag-news","16":"tag-no","17":"tag-norge","18":"tag-norway","19":"tag-nyheter","20":"tag-overskrifter","21":"tag-top-stories","22":"tag-topstories","23":"tag-verden","24":"tag-world","25":"tag-world-news","26":"tag-worldnews"},"share_on_mastodon":{"url":"https:\/\/pubeurope.com\/@no\/115659996187840336","error":""},"_links":{"self":[{"href":"https:\/\/www.europesays.com\/no\/wp-json\/wp\/v2\/posts\/103737","targetHints":{"allow":["GET"]}}],"collection":[{"href":"https:\/\/www.europesays.com\/no\/wp-json\/wp\/v2\/posts"}],"about":[{"href":"https:\/\/www.europesays.com\/no\/wp-json\/wp\/v2\/types\/post"}],"author":[{"embeddable":true,"href":"https:\/\/www.europesays.com\/no\/wp-json\/wp\/v2\/users\/2"}],"replies":[{"embeddable":true,"href":"https:\/\/www.europesays.com\/no\/wp-json\/wp\/v2\/comments?post=103737"}],"version-history":[{"count":0,"href":"https:\/\/www.europesays.com\/no\/wp-json\/wp\/v2\/posts\/103737\/revisions"}],"wp:featuredmedia":[{"embeddable":true,"href":"https:\/\/www.europesays.com\/no\/wp-json\/wp\/v2\/media\/103738"}],"wp:attachment":[{"href":"https:\/\/www.europesays.com\/no\/wp-json\/wp\/v2\/media?parent=103737"}],"wp:term":[{"taxonomy":"category","embeddable":true,"href":"https:\/\/www.europesays.com\/no\/wp-json\/wp\/v2\/categories?post=103737"},{"taxonomy":"post_tag","embeddable":true,"href":"https:\/\/www.europesays.com\/no\/wp-json\/wp\/v2\/tags?post=103737"}],"curies":[{"name":"wp","href":"https:\/\/api.w.org\/{rel}","templated":true}]}}