{"id":103739,"date":"2025-12-04T06:57:20","date_gmt":"2025-12-04T06:57:20","guid":{"rendered":"https:\/\/www.europesays.com\/no\/103739\/"},"modified":"2025-12-04T06:57:20","modified_gmt":"2025-12-04T06:57:20","slug":"styrtrike-arvinger-frontkollisjon-med-demokratiet","status":"publish","type":"post","link":"https:\/\/www.europesays.com\/no\/103739\/","title":{"rendered":"Styrtrike arvinger: &#8211; Frontkollisjon med demokratiet"},"content":{"rendered":"<p>  B\u00e5de p\u00e5 inntektstoppen og formuestoppen er det et flertall av arvinger. R\u00f8dts Mimir Kristjansson vil ha \u00abskyh\u00f8y arveskatt\u00bb.<\/p>\n<p>\n    NORGES RIKESTE: Gustav Witz\u00f8e var bare 12 \u00e5r gammel da han arvet lakseselskapet faren har bygget opp. Eierskapet har gjort at han har toppet lista over Norges rikeste de siste \u00e5ra. Foto: Gitte Paulsbo \/ NTB\n  <\/p>\n<p>    Kort fortalt<\/p>\n<p lang=\"nb-NO\">Skattelistene for 2024 viser at arvinger dominerer b\u00e5de inntekts- og formuestoppen i Norge.<\/p>\n<p lang=\"nb-NO\">\u00c5tte av de ti rikeste i landet har arvet sin formue, mens sju av de ti med h\u00f8yest inntekt har f\u00e5tt et godt utgangspunkt fra sine forfedre.<\/p>\n<p lang=\"nb-NO\">R\u00f8dts Mimir Kristjansson mener dette viser en skjevhet i samfunnet og foresl\u00e5r en h\u00f8y arveskatt for \u00e5 motvirke ulikhet.<\/p>\n<p lang=\"nb-NO\">SVs Marthe Hammer understreker viktigheten av \u00e5pne skattelister for \u00e5 belyse den store \u00f8konomiske ulikheten i Norge.<\/p>\n<p class=\"italic ai-disclaimer\" data-lab-italic=\"italic\">Sammendraget er laget av ChatGPT og godkjent av B\u00f8rsen.<\/p>\n<p>      Vis mer<br \/>\n      Vis mindre<\/p>\n<p>Har du som m\u00e5l \u00e5 toppe skattelistene, enten for inntekt eller formue, b\u00f8r du ha arvet penger.<\/p>\n<p>Det viser skattelistetallene for 2024, som kom onsdag morgen.<\/p>\n<p>Blant de 10 personene med h\u00f8yest skatteformue i Norge finner vi hele \u00e5tte arvinger.\u00a0<\/p>\n<p> Ser vi p\u00e5 inntektstoppen har sju av de ti personene \u00f8verst p\u00e5 lista f\u00e5tt et sv\u00e6rt godt utgangspunkt fra sine forfedre. <\/p>\n<p>&#8211; Helt skakkj\u00f8rt\t<\/p>\n<p>&#8211; Dette viser at forskjellssamfunnet har blitt helt skakkj\u00f8rt. Man har f\u00e5tt tilbake det man nesten ikke har hatt i Norge &#8211; adel &#8211; der folk gjennom blodets rett f\u00e5r maktposisjoner, selv om de ikke har gjort noe annet riktig eller galt enn \u00e5 ha rette foreldre, sier finanspolitisk talsperson for R\u00f8dt, Mimir Kristjansson, til B\u00f8rsen.<\/p>\n<p class=\"font-weight-bold m-font-weight-bold\" data-lab-font_weight=\"font-weight-bold\">P\u00e5 formuestoppen er det som vanlig Gustav Magnar Witz\u00f8e som topper, med en formue p\u00e5 29,9 milliarder kroner. Han arvet i 2011 store deler av aksjene i familieselskapet Kverva, som eier oppdrettsselskapet SalMar.<\/p>\n<p>Dette selskapet er det faren Gustav Witz\u00f8e som har bygget opp.<\/p>\n<p>Videre p\u00e5 lista blant landets rikeste finner vi f\u00f8lgende arvinger:<\/p>\n<ul>\n<li class=\"lab-bodytext-line\">Alexandra Andresen-Thompson, Ferd-arving.<\/li>\n<li class=\"lab-bodytext-line\">Katharina Kvasnes Andresen, Ferd-arving.<\/li>\n<li class=\"lab-bodytext-line\">Else Helene Sundt, rederarving.<\/li>\n<li class=\"lab-bodytext-line\">Ole Robert Reitan, Rema-arving.<\/li>\n<li class=\"lab-bodytext-line\">Knut Sigurd Johannson, Norgesgruppen-arving.<\/li>\n<li class=\"lab-bodytext-line\">Peder Oskar Johansson, Norgesgruppen-arving.<\/li>\n<\/ul>\n<p>          <img loading=\"lazy\" decoding=\"async\" src=\"https:\/\/www.europesays.com\/no\/wp-content\/uploads\/2025\/12\/83933184.webp\" width=\"686\" height=\"392\" title=\"ARVING: Katharina Kvasnes Andresen er en av \u00e5tte arvinger som befinner seg p\u00e5 lista over Norges rikeste. Foto: Vidar Ruud \/ NTB\" alt=\"\" class=\"\" style=\"--aspect-ratio-image: 1.75; \"\/><\/p>\n<p>\n          ARVING: Katharina Kvasnes Andresen er en av \u00e5tte arvinger som befinner seg p\u00e5 lista over Norges rikeste. Foto: Vidar Ruud \/ NTB\n      <\/p>\n<p>&#8211; B\u00f8r f\u00e5 arveskatt\t<\/p>\n<p>Kristjansson mener denne oversikten viser at ulikheten er s\u00e5 stor at \u00abideen om kapitalisme &#8211; at man kan jobbe seg opp &#8211; stemmer d\u00e5rligere og d\u00e5rligere\u00bb.<\/p>\n<p>&#8211; Norge er et av veldig f\u00e5 siviliserte land i verden som ikke har arveskatt. Veldig mange overf\u00f8rer n\u00e5 pengene til ungene veldig tidlig. De kan sikkert v\u00e6re redde for at det kommer en arveskatt, sier Kristjansson, som er tilhenger av nettopp det &#8211; en arveskatt.<\/p>\n<p class=\"font-weight-bold m-font-weight-bold\" data-lab-font_weight=\"font-weight-bold\">&#8211; Vi burde f\u00e5 en skyh\u00f8y skatt p\u00e5 arv. De har ikke gjort noe for \u00e5 arve. Det er ikke hardt arbeid og gode evner som er avgj\u00f8rende for at du er rik. Det tror jeg mange opplever som urettferdig.<\/p>\n<p>          <img loading=\"lazy\" decoding=\"async\" src=\"https:\/\/www.europesays.com\/no\/wp-content\/uploads\/2025\/12\/83933204.webp\" width=\"980\" height=\"559\" title=\"VIL HA ARVESKATT: Mimir Kristjansson mener skattelistetallene er et godt bevis p\u00e5 at man b\u00f8r f\u00e5 arveskatt i Norge. Foto: J\u00f8rn H. Moen \/ Dagbladet\" alt=\"\" class=\"\" style=\"--aspect-ratio-image: 1.75; \"\/><\/p>\n<p>\n          VIL HA ARVESKATT: Mimir Kristjansson mener skattelistetallene er et godt bevis p\u00e5 at man b\u00f8r f\u00e5 arveskatt i Norge. Foto: J\u00f8rn H. Moen \/ Dagbladet\n      <\/p>\n<p>Det er to personer p\u00e5 topp 10-lista som ikke faller i kategorien arvinger. Den ene er Oljefond-sjef Nicolai Tangen, som har en formue p\u00e5 8,1 milliarder kroner.<\/p>\n<p>Formuen tjente Tangen som hedgefondforvalter i London.<\/p>\n<p>Heller ikke Rema-gr\u00fcnder Odd Reitan kan anklages for \u00e5 ha arvet formuen han sitter p\u00e5.\u00a0<\/p>\n<p>    <a itemprop=\"url\" href=\"https:\/\/borsen.dagbladet.no\/nyheter\/grethe-78-dukket-opp-pa-rikingliste\/83920988\" rel=\"nofollow noopener\" target=\"_blank\"><\/p>\n<p>      <img loading=\"lazy\" decoding=\"async\" src=\"https:\/\/www.europesays.com\/no\/wp-content\/uploads\/2025\/12\/83931433.webp\" width=\"980\" height=\"441\" title=\"Grethe (78) dukket opp p\u00e5 rikingliste\" alt=\"\" class=\"lazyload\" style=\"--aspect-ratio-image: 2.22; \"\/><\/p>\n<p>        Grethe (78) dukket opp p\u00e5 rikingliste<\/p>\n<p>    <\/a><\/p>\n<p>&#8211; Frontkollisjon med demokratiet\t<\/p>\n<p>Finanspolitisk talsperson i SV, Marthe Hammer, sier at \u00abmange i Norge er ikke klar over hvor stor ulikheten er\u00bb, og at det derfor er viktig med \u00e5pen skattelister for \u00e5 sikre at folk f\u00e5r tilstrekkelig innsyn i utviklingen.<\/p>\n<p class=\"font-weight-bold m-font-weight-bold\" data-lab-font_weight=\"font-weight-bold\">&#8211; Skattelistene viser at det som l\u00f8nner seg aller mest er \u00e5 st\u00e5 opp og arve &#8211; ikke \u00e5 st\u00e5 opp og arbeide. Det er feil utvikling, da trenger vi \u00e5 omfordele mer, ikke mindre, sier Hammer.<\/p>\n<p>Kristjansson i R\u00f8dt p\u00e5peker at det ikke er pengene i seg selv som er problemet, men den makta det gir.<\/p>\n<p>&#8211; Hadde man hatt pengene i en pengebinge som onkel Skrue, da hadde det kanskje dreid seg om misunnelse. Men pengene gir makt og innflytelse, man kan p\u00e5virke valg, starte tenketanker og kj\u00f8pe annonsekampanjer. Man kan flytte fabrikker, legge ned oppdrettsanlegg og true med \u00e5 flytte til Sveits. Den makten har man f\u00e5tt ene og alene fordi man har arvet, sier Kristjansson, og legger:<\/p>\n<p>&#8211; Det er egentlig en frontkollisjon med demokratiet.<\/p>\n<p>    <a itemprop=\"url\" href=\"https:\/\/borsen.dagbladet.no\/nyheter\/forbigatt-av-ukjent-arving\/83925220\" rel=\"nofollow noopener\" target=\"_blank\"><\/p>\n<p>      <img loading=\"lazy\" decoding=\"async\" src=\"https:\/\/www.europesays.com\/no\/wp-content\/uploads\/2025\/12\/1764831439_894_83925267.webp\" width=\"980\" height=\"441\" title=\"Forbig\u00e5tt av \u00abukjent\u00bb arving\" alt=\"\" class=\"lazyload\" style=\"--aspect-ratio-image: 2.22; \"\/><\/p>\n<p>        Forbig\u00e5tt av \u00abukjent\u00bb arving<\/p>\n<p>    <\/a><\/p>\n<p>Inntektstoppen\t<\/p>\n<p>Ogs\u00e5 p\u00e5 inntektstoppen er det arvingene som dominerer. Ogs\u00e5 p\u00e5 den lista finner vi Ferd-arving Katharina Kvasnes Andresen og rederarving Else Helene Sundt, men det er ogs\u00e5 flere andre arvinger som ikke dukker opp p\u00e5 formuestoppen &#8211; rett og slett fordi de har flyttet utenlands.<\/p>\n<p>Mannen som st\u00e5r oppf\u00f8rt med h\u00f8yest inntekt i fjor &#8211; med hele 1,8 milliarder kroner &#8211; er den Milano-bosatte rederarvingen Carl Ove Utkilen.<\/p>\n<p>          <img loading=\"lazy\" decoding=\"async\" src=\"https:\/\/www.europesays.com\/no\/wp-content\/uploads\/2025\/12\/83932811.webp\" width=\"980\" height=\"559\" title=\"Styrtrike arvinger: - Frontkollisjon med demokratiet\" alt=\"\" class=\"\" style=\"--aspect-ratio-image: 1.75; \"\/><\/p>\n<p>Sammen med broren Anders tok han over eierskapet i rederiet Utkilen AS i 2023 etter faren Ove Utkilen.<\/p>\n<p> P\u00e5 2. plass p\u00e5 inntektstoppen finner vi byggvarearving Kjetil Strand, med en inntekt p\u00e5 910 millioner kroner. Hans far startet byggvareselskapet Per Strand, som fram til 2017 drev 13 Byggmakker-butikker i Nord-Norge. <\/p>\n<p>I tillegg til disse finner vi Peder Ludvig Monrad-Hansen Lorentzen, hvis families formue stammer fra shipping, og rederarvingen Oscar Alexander Garmann Wilhelmsen.<\/p>\n<p>Det er ogs\u00e5 noen som har skapt sine egne inntekter uten \u00e5 ha arvet penger p\u00e5 lista. Kjell Inge R\u00f8kke har fremdeles store inntekter fra sine forretninger i Norge &#8211; 518 millioner kroner i fjor.<\/p>\n<p>    <a itemprop=\"url\" href=\"https:\/\/borsen.dagbladet.no\/nyheter\/dette-er-norges-rikeste\/83921535\" rel=\"nofollow noopener\" target=\"_blank\"><\/p>\n<p>      <img loading=\"lazy\" decoding=\"async\" src=\"https:\/\/www.europesays.com\/no\/wp-content\/uploads\/2025\/12\/1764831440_442_83922206.webp\" width=\"980\" height=\"441\" title=\"Dette er Norges rikeste\" alt=\"\" class=\"lazyload\" style=\"--aspect-ratio-image: 2.22; \"\/><\/p>\n<p>        Dette er Norges rikeste<\/p>\n<p>    <\/a><\/p>\n<p class=\"font-weight-bold m-font-weight-bold\" data-lab-font_weight=\"font-weight-bold\">Gr\u00fcnderen bak Domeneshop, St\u00e5le Schumacher, hadde ogs\u00e5 et innbringende 2024. Dette var \u00e5ret han og medgr\u00fcnder Dag \u00d8ien solgte Domeneshop til svenske Miss Group.<\/p>\n<p>Daglig leder for programvareselskapet Oliasoft Andr\u00e9 Backen, bosatt i USA, hadde ogs\u00e5 en sv\u00e6rt pen inntekt i fjor p\u00e5 307 millioner kroner.\u00a0<\/p>\n<p>P\u00e5 en 10. plass over de som tjente mest penger i fjor finner vi den Latvia-bosatte svineprodusenten Ove Henrik M\u00f8rk Eek.<\/p>\n<p>Sju av de ti personene p\u00e5 inntektstoppen bor i utlandet &#8211; fire av dem i Sveits.<\/p>\n","protected":false},"excerpt":{"rendered":"B\u00e5de p\u00e5 inntektstoppen og formuestoppen er det et flertall av arvinger. R\u00f8dts Mimir Kristjansson vil ha \u00abskyh\u00f8y arveskatt\u00bb.&hellip;\n","protected":false},"author":2,"featured_media":103740,"comment_status":"","ping_status":"","sticky":false,"template":"","format":"standard","meta":{"footnotes":""},"categories":[10],"tags":[20,21,24,25,15,22,23,13,30,28,29,14,16,13020,26,27],"class_list":{"0":"post-103739","1":"post","2":"type-post","3":"status-publish","4":"format-standard","5":"has-post-thumbnail","7":"category-norge","8":"tag-breaking-news","9":"tag-breakingnews","10":"tag-featured-news","11":"tag-featurednews","12":"tag-headlines","13":"tag-latest-news","14":"tag-latestnews","15":"tag-news","16":"tag-no","17":"tag-norge","18":"tag-norway","19":"tag-nyheter","20":"tag-overskrifter","21":"tag-skattelister-2024","22":"tag-top-stories","23":"tag-topstories"},"share_on_mastodon":{"url":"https:\/\/pubeurope.com\/@no\/115660000208035731","error":""},"_links":{"self":[{"href":"https:\/\/www.europesays.com\/no\/wp-json\/wp\/v2\/posts\/103739","targetHints":{"allow":["GET"]}}],"collection":[{"href":"https:\/\/www.europesays.com\/no\/wp-json\/wp\/v2\/posts"}],"about":[{"href":"https:\/\/www.europesays.com\/no\/wp-json\/wp\/v2\/types\/post"}],"author":[{"embeddable":true,"href":"https:\/\/www.europesays.com\/no\/wp-json\/wp\/v2\/users\/2"}],"replies":[{"embeddable":true,"href":"https:\/\/www.europesays.com\/no\/wp-json\/wp\/v2\/comments?post=103739"}],"version-history":[{"count":0,"href":"https:\/\/www.europesays.com\/no\/wp-json\/wp\/v2\/posts\/103739\/revisions"}],"wp:featuredmedia":[{"embeddable":true,"href":"https:\/\/www.europesays.com\/no\/wp-json\/wp\/v2\/media\/103740"}],"wp:attachment":[{"href":"https:\/\/www.europesays.com\/no\/wp-json\/wp\/v2\/media?parent=103739"}],"wp:term":[{"taxonomy":"category","embeddable":true,"href":"https:\/\/www.europesays.com\/no\/wp-json\/wp\/v2\/categories?post=103739"},{"taxonomy":"post_tag","embeddable":true,"href":"https:\/\/www.europesays.com\/no\/wp-json\/wp\/v2\/tags?post=103739"}],"curies":[{"name":"wp","href":"https:\/\/api.w.org\/{rel}","templated":true}]}}