{"id":103743,"date":"2025-12-04T07:03:12","date_gmt":"2025-12-04T07:03:12","guid":{"rendered":"https:\/\/www.europesays.com\/no\/103743\/"},"modified":"2025-12-04T07:03:12","modified_gmt":"2025-12-04T07:03:12","slug":"krigen-i-ukraina-ukrainsk-angrep","status":"publish","type":"post","link":"https:\/\/www.europesays.com\/no\/103743\/","title":{"rendered":"Krigen i Ukraina, Ukrainsk angrep"},"content":{"rendered":"\n<p>En mann er drept i et ukrainsk angrep i landsbyen Gora-Podol, if\u00f8lge en uttalelse fra den russiske Belgorod-regionens guvern\u00f8r Vjatsjeslav Gladkov.<\/p>\n<p>Landsbyen ligger noen f\u00e5 kilometer fra den ukrainske grensen.<\/p>\n<p>Ukrainske myndigheter melder at en kvinne ble s\u00e5ret onsdag kveld i et russisk rakettangrep mot Ukrainas president Volodymyr Zelenskyjs hjemby Kryvyj Rih. Fire andre personer ble meldt s\u00e5ret i russiske angrep i tidligere p\u00e5 dagen, if\u00f8lge lokale myndigheter.<\/p>\n<p>I Slavjansk i Donetsk-regionen ble \u00e5tte mennesker s\u00e5ret i et russisk angrep, if\u00f8lge guvern\u00f8r Vadym Filasjkin. Det skjedde da russiske styrker slapp ni bomber over byen gjennom dagen onsdag, der en av bombene traff en boligblokk, if\u00f8lge guvern\u00f8ren.<\/p>\n","protected":false},"excerpt":{"rendered":"En mann er drept i et ukrainsk angrep i landsbyen Gora-Podol, if\u00f8lge en uttalelse fra den russiske Belgorod-regionens&hellip;\n","protected":false},"author":2,"featured_media":3844,"comment_status":"","ping_status":"","sticky":false,"template":"","format":"standard","meta":{"footnotes":""},"categories":[12],"tags":[20,21,24,25,15,22,23,13,30,28,29,14,16,26,27,42,43,44,45],"class_list":{"0":"post-103743","1":"post","2":"type-post","3":"status-publish","4":"format-standard","5":"has-post-thumbnail","7":"category-verden","8":"tag-breaking-news","9":"tag-breakingnews","10":"tag-featured-news","11":"tag-featurednews","12":"tag-headlines","13":"tag-latest-news","14":"tag-latestnews","15":"tag-news","16":"tag-no","17":"tag-norge","18":"tag-norway","19":"tag-nyheter","20":"tag-overskrifter","21":"tag-top-stories","22":"tag-topstories","23":"tag-verden","24":"tag-world","25":"tag-world-news","26":"tag-worldnews"},"share_on_mastodon":{"url":"https:\/\/pubeurope.com\/@no\/115660023681294452","error":""},"_links":{"self":[{"href":"https:\/\/www.europesays.com\/no\/wp-json\/wp\/v2\/posts\/103743","targetHints":{"allow":["GET"]}}],"collection":[{"href":"https:\/\/www.europesays.com\/no\/wp-json\/wp\/v2\/posts"}],"about":[{"href":"https:\/\/www.europesays.com\/no\/wp-json\/wp\/v2\/types\/post"}],"author":[{"embeddable":true,"href":"https:\/\/www.europesays.com\/no\/wp-json\/wp\/v2\/users\/2"}],"replies":[{"embeddable":true,"href":"https:\/\/www.europesays.com\/no\/wp-json\/wp\/v2\/comments?post=103743"}],"version-history":[{"count":0,"href":"https:\/\/www.europesays.com\/no\/wp-json\/wp\/v2\/posts\/103743\/revisions"}],"wp:featuredmedia":[{"embeddable":true,"href":"https:\/\/www.europesays.com\/no\/wp-json\/wp\/v2\/media\/3844"}],"wp:attachment":[{"href":"https:\/\/www.europesays.com\/no\/wp-json\/wp\/v2\/media?parent=103743"}],"wp:term":[{"taxonomy":"category","embeddable":true,"href":"https:\/\/www.europesays.com\/no\/wp-json\/wp\/v2\/categories?post=103743"},{"taxonomy":"post_tag","embeddable":true,"href":"https:\/\/www.europesays.com\/no\/wp-json\/wp\/v2\/tags?post=103743"}],"curies":[{"name":"wp","href":"https:\/\/api.w.org\/{rel}","templated":true}]}}