{"id":103746,"date":"2025-12-04T07:05:16","date_gmt":"2025-12-04T07:05:16","guid":{"rendered":"https:\/\/www.europesays.com\/no\/103746\/"},"modified":"2025-12-04T07:05:16","modified_gmt":"2025-12-04T07:05:16","slug":"pa-hjul-med-din-glede","status":"publish","type":"post","link":"https:\/\/www.europesays.com\/no\/103746\/","title":{"rendered":"P\u00e5 hjul med din glede"},"content":{"rendered":"\n<p class=\"_lead_o9xde_2 _lead_xtcu6_50 layout-component text-serif-m layout-normal text-serif-l layout-component layout-wide layout-padded _wide_17hqh_1 layout-padded\">Svenske Kacper (21) pyntet bilen med 200 meter julelys. Statens vegvesen var ikke imponert.<\/p>\n<p><img alt=\" Foto: Statens vegvesen\" class=\"_image_qp4xg_65 layout-component layout-wide\" data-fullscreen- data-track-element-type=\"Article image fullscreen\" data-track-name=\"ImageFullscreen\" fetchpriority=\"high\" decoding=\"sync\" loading=\"eager\" height=\"1024\" itemprop=\"image\"  src=\"https:\/\/www.europesays.com\/no\/wp-content\/uploads\/2025\/12\/0742d708-6d22-4637-806c-9ccbbf79d7da\"  style=\"object-position:0% 0%\" width=\"768\"\/> Foto: Statens vegvesen<\/p>\n<ul aria-hidden=\"true\" class=\"_images_1uft6_111\">\n<li><a class=\"_link_1uft6_116\" href=\"https:\/\/www.vg.no\/forfatter\/goeran-bohlin-2\" style=\"z-index:1\" title=\"G\u00f8ran Bohlin\" rel=\"nofollow noopener\" target=\"_blank\"><img alt=\"Bilde av G\u00f8ran Bohlin\" class=\"_image_1uft6_93\" fetchpriority=\"low\" loading=\"lazy\" decoding=\"async\" itemprop=\"image\"  src=\"https:\/\/www.europesays.com\/no\/wp-content\/uploads\/2025\/12\/1764831914_410_b5d71325-cc19-4421-8838-7c2f8ec2f754\"  width=\"480\"\/><\/a><\/li>\n<\/ul>\n<p> Oppdatert torsdag 4. desember kl. 00:22     <\/p>\n<p class=\"_paragraph_o9xde_4 _paragraph_xtcu6_10 layout-component text-serif-m layout-normal text-serif-m layout-padded\">Kacper Filipowski pendler daglig til jobben i Norge. Han er glad i b\u00e5de jul og hjul, og tar seg gjerne en kj\u00f8retur.<\/p>\n<p class=\"_paragraph_o9xde_4 _paragraph_xtcu6_10 layout-component text-serif-m layout-normal text-serif-m layout-padded\">\u2013 I Amerika er de s\u00e5 gode til \u00e5 pynte alt, det er noe jeg savner i Sverige, sier den bilglade 21-\u00e5ringen til VG. <\/p>\n<p class=\"_paragraph_o9xde_4 _paragraph_xtcu6_10 layout-component text-serif-m layout-normal text-serif-m layout-padded\">Det var lokalavisen <a href=\"https:\/\/www.glomdalen.no\/pyntingen-var-forgjeves-og-matte-tas-av\/s\/80-19-166417\" class=\"_link_o9xde_39\" rel=\"nofollow noopener\" target=\"_blank\">Gl\u00e5mdalen<\/a> som omtalte saken f\u00f8rst.<\/p>\n<p class=\"_paragraph_o9xde_4 _paragraph_xtcu6_10 layout-component text-serif-m layout-normal text-serif-m layout-padded\">Sist helg ga ikke han og kompisen seg f\u00f8r de hadde tapet fast over 200 meter med julelys p\u00e5 Kacper sin ildr\u00f8de <a href=\"https:\/\/www.vg.no\/tag\/bmw?utm_source=vg-article&amp;utm_medium=auto-tagger&amp;utm_campaign=6qnw3W\" class=\"_link_o9xde_39\" rel=\"nofollow noopener\" target=\"_blank\">BMW<\/a>. Lysshowet er koblet til et 12 volts batteri og kan skrues av og p\u00e5.<\/p>\n<p><img alt=\"Kacper Filipowski (21) pendler fra Sverige til jobben p\u00e5 Hydro p\u00e5 Magnor.\" class=\"_image_qp4xg_65 layout-component layout-normal\" data-fullscreen- data-track-element-type=\"Article image fullscreen\" data-track-name=\"ImageFullscreen\" decoding=\"async\" loading=\"lazy\" height=\"1873\" itemprop=\"image\"  src=\"https:\/\/www.europesays.com\/no\/wp-content\/uploads\/2025\/12\/fd5fbbe2-68a9-4106-be05-59c8fd6f385a\"  style=\"object-position:0% 0%\" width=\"2498\"\/>Kacper Filipowski (21) pendler fra Sverige til jobben p\u00e5 Hydro p\u00e5 Magnor.<\/p>\n<p class=\"_paragraph_o9xde_4 _paragraph_xtcu6_10 layout-component text-serif-m layout-normal text-serif-m layout-padded\">Og det var nettopp litt show han ville gi da han s\u00e5 Statens vegvesen hadde kontroll p\u00e5 Magnormoen mandag kveld \u2013 noen hundre meter inne p\u00e5 norsk side ved Kongsvinger. <\/p>\n<p class=\"_paragraph_o9xde_4 _paragraph_xtcu6_10 layout-component text-serif-m layout-normal text-serif-m layout-padded\">\u2013 Jeg kj\u00f8rer aldri med julelysene p\u00e5, men da jeg s\u00e5 kontroll\u00f8rene ville jeg gi dem litt ekte julestemning, forteller Filipowski. <\/p>\n<p class=\"_paragraph_o9xde_4 _paragraph_xtcu6_10 layout-component text-serif-m layout-normal text-serif-m layout-padded\">Han ble vinket rett inn. <\/p>\n<p> Aldri sett lignende <\/p>\n<p class=\"_paragraph_o9xde_4 _paragraph_xtcu6_10 layout-component text-serif-m layout-normal text-serif-m layout-padded\"> \u2013 Det s\u00e5 ut som et juletre p\u00e5 hjul, sier kontorsjef Geir Thomas Finstad i Statens vegvesen. Han var ikke til stede selv, men kollegene som avholdt kontrollen har aldri sett lignende. <\/p>\n<p class=\"_paragraph_o9xde_4 _paragraph_xtcu6_10 layout-component text-serif-m layout-normal text-serif-m layout-padded\">\u2013 Vi tenker det er koselig at folk pynter til jul, men denne typen belysning b\u00f8r holdes p\u00e5 juletreet, sier Finstad.<\/p>\n<p><img alt=\"Foto: Statens vegvesen\" class=\"_image_qp4xg_65 layout-component layout-normal\" data-fullscreen- data-track-element-type=\"Article image fullscreen\" data-track-name=\"ImageFullscreen\" decoding=\"async\" loading=\"lazy\" height=\"2016\" itemprop=\"image\"  src=\"https:\/\/www.europesays.com\/no\/wp-content\/uploads\/2025\/12\/4abcd88e-efb0-42a1-856b-d85a5f70699a\"  style=\"object-position:0% 0%\" width=\"1512\"\/>Foto: Statens vegvesen<\/p>\n<p class=\"_paragraph_o9xde_4 _paragraph_xtcu6_10 layout-component text-serif-m layout-normal text-serif-m layout-padded\">Men han understreker alvoret. <\/p>\n<p class=\"_paragraph_o9xde_4 _paragraph_xtcu6_10 layout-component text-serif-m layout-normal text-serif-m layout-padded\">\u2013 Dette tar oppmerksomheten til andre sj\u00e5f\u00f8rer ogs\u00e5, og selv om det var tapet godt fast er det en fare for at det l\u00f8sner i fart og skaper farlige situasjoner. <\/p>\n<p class=\"_paragraph_o9xde_4 _paragraph_xtcu6_10 layout-component text-serif-m layout-normal text-serif-m layout-padded\">Filipowski slapp unna anmeldelse og bot, men m\u00e5tte parkere bilen ved grensen til han kunne returnere til Sverige i den etter jobb. <\/p>\n<p>  \u2013 J\u00e4ttekul<\/p>\n<p class=\"_paragraph_o9xde_4 _paragraph_xtcu6_10 layout-component text-serif-m layout-normal text-serif-m layout-padded\">Men i Sverige p\u00e5st\u00e5r Filipowski at han kan bruke den julepyntede BMW-en s\u00e5 lenge lysene er avskrudd i fart. <\/p>\n<p class=\"_paragraph_o9xde_4 _paragraph_xtcu6_10 layout-component text-serif-m layout-normal text-serif-m layout-padded\">\u2013 Jeg har blitt stoppet en gang med lysene p\u00e5, da ble det 500 kroner i bot, men jeg fikk kj\u00f8re videre med lysene slukket, sier han. <\/p>\n<p class=\"_paragraph_o9xde_4 _paragraph_xtcu6_10 layout-component text-serif-m layout-normal text-serif-m layout-padded\">Bilentusiasten har ikke bare brukt penger p\u00e5 lys til utstillingsbilen sin. BMW-en i 4-serien har 400 hester og betydelig mer lyd enn standardmodellen.<\/p>\n<p class=\"_paragraph_o9xde_4 _paragraph_xtcu6_10 layout-component text-serif-m layout-normal text-serif-m layout-padded\">Sist helg var den utstilt p\u00e5 julemarkedet i hjembyen i Sverige. <\/p>\n<p class=\"_paragraph_o9xde_4 _paragraph_xtcu6_10 layout-component text-serif-m layout-normal text-serif-m layout-padded\">\u2013 Der var det mange som syntes den var \u00abj\u00e4ttekul\u00bb og tok bilder av den. Selv julenissen ville sitte i den, avslutter Filipowski. <\/p>\n<p><img alt=\"Foto: Kacper Filipowski\" class=\"_image_qp4xg_65 layout-component layout-normal\" data-fullscreen- data-track-element-type=\"Article image fullscreen\" data-track-name=\"ImageFullscreen\" decoding=\"async\" loading=\"lazy\" height=\"4598\" itemprop=\"image\"  src=\"https:\/\/www.europesays.com\/no\/wp-content\/uploads\/2025\/12\/ec4a99d0-9cb1-4f50-b2ba-c16913cf1590\"  style=\"object-position:0% 0%\" width=\"4284\"\/>Foto: Kacper Filipowski    <\/p>\n","protected":false},"excerpt":{"rendered":"Svenske Kacper (21) pyntet bilen med 200 meter julelys. Statens vegvesen var ikke imponert. Foto: Statens vegvesen Oppdatert&hellip;\n","protected":false},"author":2,"featured_media":103747,"comment_status":"","ping_status":"","sticky":false,"template":"","format":"standard","meta":{"footnotes":""},"categories":[5],"tags":[269,20,21,24,25,15,19,11313,22,23,17,18,13,30,28,29,14,16,1359,26,27],"class_list":{"0":"post-103746","1":"post","2":"type-post","3":"status-publish","4":"format-standard","5":"has-post-thumbnail","7":"category-overskrifter","8":"tag-bmw","9":"tag-breaking-news","10":"tag-breakingnews","11":"tag-featured-news","12":"tag-featurednews","13":"tag-headlines","14":"tag-hovedoppslag","15":"tag-julelys","16":"tag-latest-news","17":"tag-latestnews","18":"tag-main-news","19":"tag-mainnews","20":"tag-news","21":"tag-no","22":"tag-norge","23":"tag-norway","24":"tag-nyheter","25":"tag-overskrifter","26":"tag-sverige","27":"tag-top-stories","28":"tag-topstories"},"share_on_mastodon":{"url":"https:\/\/pubeurope.com\/@no\/115660031747091679","error":""},"_links":{"self":[{"href":"https:\/\/www.europesays.com\/no\/wp-json\/wp\/v2\/posts\/103746","targetHints":{"allow":["GET"]}}],"collection":[{"href":"https:\/\/www.europesays.com\/no\/wp-json\/wp\/v2\/posts"}],"about":[{"href":"https:\/\/www.europesays.com\/no\/wp-json\/wp\/v2\/types\/post"}],"author":[{"embeddable":true,"href":"https:\/\/www.europesays.com\/no\/wp-json\/wp\/v2\/users\/2"}],"replies":[{"embeddable":true,"href":"https:\/\/www.europesays.com\/no\/wp-json\/wp\/v2\/comments?post=103746"}],"version-history":[{"count":0,"href":"https:\/\/www.europesays.com\/no\/wp-json\/wp\/v2\/posts\/103746\/revisions"}],"wp:featuredmedia":[{"embeddable":true,"href":"https:\/\/www.europesays.com\/no\/wp-json\/wp\/v2\/media\/103747"}],"wp:attachment":[{"href":"https:\/\/www.europesays.com\/no\/wp-json\/wp\/v2\/media?parent=103746"}],"wp:term":[{"taxonomy":"category","embeddable":true,"href":"https:\/\/www.europesays.com\/no\/wp-json\/wp\/v2\/categories?post=103746"},{"taxonomy":"post_tag","embeddable":true,"href":"https:\/\/www.europesays.com\/no\/wp-json\/wp\/v2\/tags?post=103746"}],"curies":[{"name":"wp","href":"https:\/\/api.w.org\/{rel}","templated":true}]}}