{"id":103756,"date":"2025-12-04T07:25:39","date_gmt":"2025-12-04T07:25:39","guid":{"rendered":"https:\/\/www.europesays.com\/no\/103756\/"},"modified":"2025-12-04T07:25:39","modified_gmt":"2025-12-04T07:25:39","slug":"kjell-inge-rokkes-tur-til-a-forklare-seg-i-retten-e24","status":"publish","type":"post","link":"https:\/\/www.europesays.com\/no\/103756\/","title":{"rendered":"Kjell Inge R\u00f8kkes tur til \u00e5 forklare seg i retten \u2013 E24"},"content":{"rendered":"<p class=\"fullWidthDesktop hyperion-css-71ztg2\" data-test-tag=\"lead-text\"> Han har blitt beskrevet som \u00abl\u00f8ve\u00bb og \u00abtiger\u00bb, men i dag er det Kjell Inge R\u00f8kke sin tur til \u00e5 snakke.<\/p>\n<p><img decoding=\"async\" class=\"image-asset hyperion-css-k0u5ni\" data-test-tag=\"image-asset\" src=\"https:\/\/www.europesays.com\/no\/wp-content\/uploads\/2025\/12\/5e7ccc90-369f-4402-8737-045ecf05f813\"  alt=\"Kjell Inge R\u00f8kke forrige gang han var kalt inn til Oslo tingrett. \"  loading=\"eager\" fetchpriority=\"high\" style=\"aspect-ratio:1900 \/ 1267\"\/>Kjell Inge R\u00f8kke forrige gang han var kalt inn til Oslo tingrett. Foto: H\u00e5kon Mosvold Larsen \/ NTBPublisert: Publisert: <\/p>\n<p>For mindre enn 20 minutter siden<\/p>\n<ul class=\"hyperion-css-pte5x0\">\n<li aria-label=\"link\" class=\"narrow-button hyperion-css-1sz7d3n\">Kopier lenke<\/li>\n<li aria-label=\"link\" class=\"wide-button hyperion-css-1sz7d3n\">Kopier lenke<\/li>\n<li aria-label=\"facebook\" class=\"narrow-button hyperion-css-1sz7d3n\">Del p\u00e5 Facebook<\/li>\n<li aria-label=\"facebook\" class=\"wide-button hyperion-css-1sz7d3n\">Del p\u00e5 Facebook<\/li>\n<li aria-label=\"email\" class=\"narrow-button hyperion-css-1sz7d3n\">Del med e-post<\/li>\n<li aria-label=\"email\" class=\"wide-button hyperion-css-1sz7d3n\">Del med e-post<\/li>\n<\/ul>\n<p class=\"hyperion-css-1lemvax\">Ingen klarte \u00e5 gj\u00f8re opptak av telefonsamtalene de hadde med R\u00f8kke da forhandlingene om Solstad-rederiet p\u00e5gikk, men n\u00e5r han setter seg i vitneboksen vil retten for f\u00f8rste gang h\u00f8re Aker-sjefens stemme i s\u00f8ksm\u00e5let. <\/p>\n<p class=\"hyperion-css-1lemvax\">N\u00e5r R\u00f8kke setter seg i vitneboksen klokken 12.30 skal R\u00f8kke fortelle om sin rolle i forhandlingene da Aker til slutt kj\u00f8pte seg kraftig opp i Solstad-rederiet i 2023. R\u00f8kkes Aker er saks\u00f8kt av Christen Sveaas\u2019 Kistefos, som mener de truet Solstad og Pareto slik at de fikk fremforhandlet en avtale som gikk kraftig p\u00e5 bekostning av de eksisterende aksjon\u00e6rene. <\/p>\n<p><a data-test-tag=\"teaser-small:link-internal\" href=\"https:\/\/e24.no\/boers-og-finans\/i\/yEeJaa\/samtalene-bak-roekkes-milliardavtale\" class=\"imagePosition-top inline hyperion-css-6238vu\" rel=\"nofollow noopener\" target=\"\" aria-label=\"Samtalene bak R\u00f8kkes milliardavtale\"><\/p>\n<p>Les p\u00e5 E24+<\/p>\n<p>Samtalene bak R\u00f8kkes milliardavtale<\/p>\n<p><\/a><\/p>\n<p class=\"hyperion-css-1lemvax\">Det er lagt frem mange timer lydopptak av telefonsamtaler i retten, og R\u00f8kke blir i flere av samtalene beskrevet som blant annet en <a data-test-tag=\"internal-link\" href=\"https:\/\/e24.no\/boers-og-finans\/i\/vg48ej\/pareto-sjefen-om-roekke-ekstremt-manipulerende\" class=\"hyperion-css-1rezu2g\" rel=\"nofollow noopener\" target=\"\" aria-label=\"\u00absvingstang\u00bb, og \u00abekstremt manipulerende\u00bb\">\u00absvingstang\u00bb, og \u00abekstremt manipulerende\u00bb<\/a>. Dette er likevel f\u00f8rste gang retten h\u00f8rer R\u00f8kke forklare seg om sin rolle i forhandlingene. <\/p>\n<p class=\"hyperion-css-1lemvax\">Maratonsaken har p\u00e5g\u00e5tt siden oktober, og er planlagt og vare til den 16. januar. Kistefos krever opptil 1,4 milliarder kroner i erstatning. De saks\u00f8kte mener de ikke har gjort noe galt. <\/p>\n<p>Dette er saken<\/p>\n<ul class=\"hyperion-css-pkq1ci\" data-test-tag=\"list\">\n<li class=\"hyperion-css-12h2ush\">I 2023 var Solstad Offshore i gjeldskrise, og m\u00e5tte restruktureres. Aker var st\u00f8rste eier i selskapet, og Kistefos eide like over 10 prosent av aksjene. <\/li>\n<li class=\"hyperion-css-12h2ush\">Meglerhuset Pareto fikk i oppdrag \u00e5 finne friske penger, og kontaktet flere av Norges mest profilerte investorer. <\/li>\n<li class=\"hyperion-css-12h2ush\">I oktober ble det kjent at Aker spyttet inn 2,25 milliarder kroner i en redningsaksjon, som involverte at Solstads gjeld ble restrukturert. Med seg p\u00e5 laget hadde Aker bankene DNB, Eksfin, og AMSC. Tilbake fikk Aker over 50 prosent av aksjene i datterselskapet Solstad Maritime. Dette selskapet tok over flesteparten av skipene i Solstad, noe som flere ganger har blitt beskrevet som \u00abindrefileten\u00bb i Solstad-rederiet. <\/li>\n<li class=\"hyperion-css-12h2ush\">Kistefos og Christen Sveaas har kalt transaksjonen \u00aben skamplett for Oslo B\u00f8rs\u00bb, og har saks\u00f8kt fordi de mener aksjon\u00e6rene ikke ble likebehandlet. Aker avviser kritikken, og mener de var den eneste investoren som la frem et troverdig alternativ. <\/li>\n<\/ul>\n<p>Vis merTar det personlig<\/p>\n<p class=\"hyperion-css-1lemvax\">Like f\u00f8r rettssaken begynte i retten, sendte R\u00f8kke ut et aksjon\u00e6rbrev. Der gikk han kraftig til angrep p\u00e5 Christen Sveaas og sin tidligere kollega Bengt Rem.<\/p>\n<p class=\"hyperion-css-1lemvax\">Aker-sjefen kalte s\u00f8ksm\u00e5let en <a data-test-tag=\"internal-link\" href=\"https:\/\/e24.no\/boers-og-finans\/i\/9351Al\/roekke-gaar-knallhardt-ut-mot-sveaas-koordinert-svertekampanje\" class=\"hyperion-css-1rezu2g\" rel=\"nofollow noopener\" target=\"\" aria-label=\"\u00abkoordinert svertekampanje\u00bb\">\u00abkoordinert svertekampanje\u00bb<\/a>, og anklaget Rem for \u00e5 lyve. <\/p>\n<p class=\"hyperion-css-1lemvax\">\u2013 Skandalen er ikke refinansieringen. Skandalen er hvordan Kistefos gikk til angrep for \u00e5 skade selskapene og splitte aksjon\u00e6rfellesskapet, skrev R\u00f8kke. <\/p>\n<p class=\"hyperion-css-1lemvax\">Rem bekledde b\u00e5de rollene som finansdirekt\u00f8r og konserndirekt\u00f8r i l\u00f8pet av tiden i Aker-systemet tidlig p\u00e5 2000-tallet. <\/p>\n<p class=\"hyperion-css-1lemvax\">I denne perioden var de ogs\u00e5 p\u00e5 samme side i rettssalen. <\/p>\n<p><img decoding=\"async\" class=\"image-asset hyperion-css-1eygynn\" data-test-tag=\"image-asset\" src=\"https:\/\/www.europesays.com\/no\/wp-content\/uploads\/2025\/12\/00f093f7-7235-4a53-9123-26c21586ac08\"  alt=\"TIDLIGERE ALLIERTE: I 2001 var Bengt Rem (til venstre) og Kjell Inge R\u00f8kke p\u00e5 lag i Oslo tingrett. I dag er de motstandere. \"  loading=\"eager\" fetchpriority=\"high\" style=\"aspect-ratio:1690 \/ 1040\"\/>TIDLIGERE ALLIERTE: I 2001 var Bengt Rem (til venstre) og Kjell Inge R\u00f8kke p\u00e5 lag i Oslo tingrett. I dag er de motstandere. Foto: \u00d8rn E. Borgen \/ NTB<\/p>\n<p class=\"hyperion-css-1lemvax\">I samme periode var han i over ti \u00e5r kollega med Akers mann i Solstad-systemet, Frank O. Reite, som n\u00e5 er blant de som er personlig saks\u00f8kt. <\/p>\n<p class=\"hyperion-css-1lemvax\">I aksjon\u00e6rbrevet skrev R\u00f8kke at han er oppr\u00f8rt fordi Reite har hatt alvorlige helseproblemer i senere tid, og fordi Kistefos, if\u00f8lge ham, ikke har tatt hensyn.<\/p>\n<p class=\"hyperion-css-1lemvax\">\u2013 Bengt er godt kjent med Franks helsesituasjon som gjorde at han m\u00e5tte tre til side som CFO i Aker. Bengt vet at Frank lever med alvorlig hjertesvikt og er under forberedelser til en komplisert operasjon. Likevel ga Kistefos blankt avslag p\u00e5 anmodningen om \u00e5 frafalle den grunnl\u00f8se saken mot Frank, til tross for at han la frem legeerkl\u00e6ring og gjorde sin epikrise fra Rikshospitalet tilgjengelig for Kistefos, skriver R\u00f8kke.<\/p>\n<p class=\"hyperion-css-1lemvax\">\u2013 Det som oppr\u00f8rer meg i denne saken \u2013 og som jeg tar personlig \u2013 er at Bengt A. Rem, en tidligere arbeidskollega av Frank O. Reite, setter medmenneskelige hensyn til side.<\/p>\n<p>Sveaas ikke kalt inn<\/p>\n<p class=\"hyperion-css-1lemvax\">Kort tid etter at restruktureringen ble kjent i 2023, dro Christen Sveaas i gang det som i dag har resultert i maratonrettssaken.<\/p>\n<p class=\"hyperion-css-1lemvax\">Sveaas b\u00e5de varslet at Kistefos ville kreve ekstraordin\u00e6r generalforsamling for \u00e5 stanse avtalen, og gikk p\u00e5 jakt etter medaksjon\u00e6rer som ville v\u00e6re med p\u00e5 s\u00f8ksm\u00e5let. <\/p>\n<p><img decoding=\"async\" class=\"image-asset hyperion-css-1hgsh27\" data-test-tag=\"image-asset\" src=\"https:\/\/www.europesays.com\/no\/wp-content\/uploads\/2025\/12\/8c8eab70-910b-47b5-84a6-89897542eb58\"  alt=\"FRAV\u00c6RENDE: Christen Sveaas skal ikke vitne i milliards\u00f8ksm\u00e5let. \"  loading=\"eager\" fetchpriority=\"high\" style=\"aspect-ratio:1900 \/ 1267\"\/>FRAV\u00c6RENDE: Christen Sveaas skal ikke vitne i milliards\u00f8ksm\u00e5let. Foto: Amanda Pedersen Giske \/ NTB<\/p>\n<p class=\"hyperion-css-1lemvax\">Milliard\u00e6ren skal derimot ikke vitne i rettssaken. <\/p>\n<p class=\"hyperion-css-1lemvax\">Kommunikasjonssjef i Aker, Atle Kigen, sier til E24 at de har kalt inn de Aker mener det er riktig \u00e5 kalle inn. <\/p>\n<p class=\"hyperion-css-1lemvax\">\u2013 Kjell Inge er kalt inn som n\u00f8kkelvitne av oss og av Kistefos. Vi har kalt inn de vi mener det er riktig \u00e5 kalle inn, og vi kommenterer ikke ytterligere og gir begrunnelser for alle vi ikke har kalt inn.<\/p>\n<p class=\"hyperion-css-1lemvax\">\u2013 Sett fra utsiden s\u00e5 fremst\u00e5r han ganske sentral for saken.<\/p>\n<p class=\"hyperion-css-1lemvax\">\u2013 Men vi har kalt inn de vi mener det er riktig \u00e5 kalle inn, og Kistefos har kalt inn de som de mener er riktig \u00e5 kalle inn. Vi gir ingen ytterligere kommentarer til det, sier Kigen. <\/p>\n<p class=\"hyperion-css-1lemvax\">E24 har spurt Sveaas om han blir \u00e5 se i retten. Han har ikke svart p\u00e5 v\u00e5r siste henvendelse, men f\u00f8r rettssaken svarte han at \u00abden som lever f\u00e5r se\u00bb. <\/p>\n","protected":false},"excerpt":{"rendered":"Han har blitt beskrevet som \u00abl\u00f8ve\u00bb og \u00abtiger\u00bb, men i dag er det Kjell Inge R\u00f8kke sin tur&hellip;\n","protected":false},"author":2,"featured_media":103757,"comment_status":"","ping_status":"","sticky":false,"template":"","format":"standard","meta":{"footnotes":""},"categories":[56],"tags":[60,61,62,30,28,29],"class_list":{"0":"post-103756","1":"post","2":"type-post","3":"status-publish","4":"format-standard","5":"has-post-thumbnail","7":"category-naeringsliv","8":"tag-business","9":"tag-economy","10":"tag-naeringsliv","11":"tag-no","12":"tag-norge","13":"tag-norway"},"share_on_mastodon":{"url":"https:\/\/pubeurope.com\/@no\/115660110512908232","error":""},"_links":{"self":[{"href":"https:\/\/www.europesays.com\/no\/wp-json\/wp\/v2\/posts\/103756","targetHints":{"allow":["GET"]}}],"collection":[{"href":"https:\/\/www.europesays.com\/no\/wp-json\/wp\/v2\/posts"}],"about":[{"href":"https:\/\/www.europesays.com\/no\/wp-json\/wp\/v2\/types\/post"}],"author":[{"embeddable":true,"href":"https:\/\/www.europesays.com\/no\/wp-json\/wp\/v2\/users\/2"}],"replies":[{"embeddable":true,"href":"https:\/\/www.europesays.com\/no\/wp-json\/wp\/v2\/comments?post=103756"}],"version-history":[{"count":0,"href":"https:\/\/www.europesays.com\/no\/wp-json\/wp\/v2\/posts\/103756\/revisions"}],"wp:featuredmedia":[{"embeddable":true,"href":"https:\/\/www.europesays.com\/no\/wp-json\/wp\/v2\/media\/103757"}],"wp:attachment":[{"href":"https:\/\/www.europesays.com\/no\/wp-json\/wp\/v2\/media?parent=103756"}],"wp:term":[{"taxonomy":"category","embeddable":true,"href":"https:\/\/www.europesays.com\/no\/wp-json\/wp\/v2\/categories?post=103756"},{"taxonomy":"post_tag","embeddable":true,"href":"https:\/\/www.europesays.com\/no\/wp-json\/wp\/v2\/tags?post=103756"}],"curies":[{"name":"wp","href":"https:\/\/api.w.org\/{rel}","templated":true}]}}