{"id":103762,"date":"2025-12-04T07:30:12","date_gmt":"2025-12-04T07:30:12","guid":{"rendered":"https:\/\/www.europesays.com\/no\/103762\/"},"modified":"2025-12-04T07:30:12","modified_gmt":"2025-12-04T07:30:12","slug":"conor-mcgregor-mma-kvinne-trakk-soksmal-mot-mcgregor","status":"publish","type":"post","link":"https:\/\/www.europesays.com\/no\/103762\/","title":{"rendered":"Conor McGregor, Mma | Kvinne trakk s\u00f8ksm\u00e5l mot McGregor"},"content":{"rendered":"\n<p>P\u00e5talemyndigheten i Florida hadde fra f\u00f8r avvist \u00e5 forf\u00f8lge saken etter hendelsen kvinnen mente skjedde under en NBA-kamp i Miami i 2023.<\/p>\n<p>Kvinnen har en h\u00f8ytst\u00e5ende stilling p\u00e5 Wall Street og var til stede p\u00e5 kampen mellom Miami Heat og Denver Nuggets som VIP. McGregor var der som representant for en av sponsorene.<\/p>\n<p>    Vil du se neste video?<\/p>\n<p>    <a href=\"https:\/\/www.nettavisen.no\/fredrik-solvang\/jonas-gahr-store\/debatten\/fredrik-solvang-himler-av-jonas-gahr-store-men-i-alle\/v\/5-95-2751917\" class=\"recommend-poster\" data-adp-clicklabel=\"video-recommend\" data-adp-clickvalue=\"poster\" rel=\"nofollow noopener\" target=\"_blank\"><br \/>\n      <img decoding=\"async\" width=\"200\" height=\"200\" loading=\"lazy\" src=\"https:\/\/www.europesays.com\/no\/wp-content\/uploads\/2025\/11\/Solvang+bredde.jpg\" alt=\"\" class=\"brick-c-cFOWSL\" style=\"--brick-image-ratio: 200 \/ 200;\"\/><\/p>\n<p>Himler av St\u00f8re: \u2013 Men i alle\u20261:06<\/p>\n<p>    <\/a><\/p>\n<p>        MMA-stjernen Sinead Kavanagh ga betjentene er real fight da hun ble p\u00e5grepet p\u00e5 Gran Canaria.<\/p>\n<p>If\u00f8lge anmeldelsen mente kvinnen seg utsatt for overgrep inne p\u00e5 et av toalettene i VIP-seksjonen, men n\u00e5 er saken lagt d\u00f8d.<\/p>\n<p>McGregor ble i fjor d\u00f8mt til \u00e5 betale oppreisning p\u00e5 nesten 250.000 euro, like under 3 millioner kroner, til en 35 \u00e5r gammel kvinne som hevder at McGregor voldtok henne p\u00e5 et hotell i Dublin i 2018. McGregor ble ogs\u00e5 beordret til \u00e5 betale sakskostnader p\u00e5 rundt 1,5 millioner euro.<\/p>\n<p>McGregor anket, men tapte saken tidligere i \u00e5r.<\/p>\n<p>37-\u00e5ringen fors\u00f8kte tidligere i \u00e5r \u00e5 bli president i Irland, men trakk seg fra valget i september. Han manglet nok st\u00f8tte for \u00e5 g\u00e5 videre i prosessen.<\/p>\n<p>(\u00a9NTB)<\/p>\n","protected":false},"excerpt":{"rendered":"P\u00e5talemyndigheten i Florida hadde fra f\u00f8r avvist \u00e5 forf\u00f8lge saken etter hendelsen kvinnen mente skjedde under en NBA-kamp&hellip;\n","protected":false},"author":2,"featured_media":103763,"comment_status":"","ping_status":"","sticky":false,"template":"","format":"standard","meta":{"footnotes":""},"categories":[59],"tags":[30,28,29,83,82],"class_list":{"0":"post-103762","1":"post","2":"type-post","3":"status-publish","4":"format-standard","5":"has-post-thumbnail","7":"category-sport","8":"tag-no","9":"tag-norge","10":"tag-norway","11":"tag-sport","12":"tag-sports"},"share_on_mastodon":{"url":"https:\/\/pubeurope.com\/@no\/115660129907283210","error":""},"_links":{"self":[{"href":"https:\/\/www.europesays.com\/no\/wp-json\/wp\/v2\/posts\/103762","targetHints":{"allow":["GET"]}}],"collection":[{"href":"https:\/\/www.europesays.com\/no\/wp-json\/wp\/v2\/posts"}],"about":[{"href":"https:\/\/www.europesays.com\/no\/wp-json\/wp\/v2\/types\/post"}],"author":[{"embeddable":true,"href":"https:\/\/www.europesays.com\/no\/wp-json\/wp\/v2\/users\/2"}],"replies":[{"embeddable":true,"href":"https:\/\/www.europesays.com\/no\/wp-json\/wp\/v2\/comments?post=103762"}],"version-history":[{"count":0,"href":"https:\/\/www.europesays.com\/no\/wp-json\/wp\/v2\/posts\/103762\/revisions"}],"wp:featuredmedia":[{"embeddable":true,"href":"https:\/\/www.europesays.com\/no\/wp-json\/wp\/v2\/media\/103763"}],"wp:attachment":[{"href":"https:\/\/www.europesays.com\/no\/wp-json\/wp\/v2\/media?parent=103762"}],"wp:term":[{"taxonomy":"category","embeddable":true,"href":"https:\/\/www.europesays.com\/no\/wp-json\/wp\/v2\/categories?post=103762"},{"taxonomy":"post_tag","embeddable":true,"href":"https:\/\/www.europesays.com\/no\/wp-json\/wp\/v2\/tags?post=103762"}],"curies":[{"name":"wp","href":"https:\/\/api.w.org\/{rel}","templated":true}]}}