{"id":103766,"date":"2025-12-04T07:36:36","date_gmt":"2025-12-04T07:36:36","guid":{"rendered":"https:\/\/www.europesays.com\/no\/103766\/"},"modified":"2025-12-04T07:36:36","modified_gmt":"2025-12-04T07:36:36","slug":"advarer-trump-risikerer-a-vekke-jaguaren","status":"publish","type":"post","link":"https:\/\/www.europesays.com\/no\/103766\/","title":{"rendered":"Advarer Trump: &#8211; Risikerer \u00e5 vekke jaguaren"},"content":{"rendered":"<p>  Colombias president g\u00e5r hardt ut mot Trump etter trussel om milit\u00e6re angrep.<\/p>\n<p>\n    VIL ANGRIPE: USAs president Donald Trump sa tirsdag at han snart vil angripe land som produserer nakotika som ender opp i USA. Foto: Andrew Caballero-Reynolds \/ AFP \/ NTB\n  <\/p>\n<p>Under et kabinettm\u00f8te tirsdag sa Trump at alle land som produserer ulovlig narkotika til USA, kan bli angrepet milit\u00e6rt, skriver <a href=\"https:\/\/www.theguardian.com\/world\/2025\/dec\/03\/colombia-trump-warning-military-threat\" rel=\"nofollow noopener\" target=\"_blank\">The Guardian<\/a>.<\/p>\n<p>Det fikk Colombias president Gustavo Petro til \u00e5 reagere kraftig p\u00e5 <a href=\"https:\/\/x.com\/petrogustavo\/status\/1995948716440821836?s=20\" rel=\"nofollow\">X<\/a>.<\/p>\n<p class=\"font-weight-bold m-font-weight-bold\" data-lab-font_weight=\"font-weight-bold\">&#8211; \u00c5 true v\u00e5r suverenitet er \u00e5 erkl\u00e6re krig. Ikke \u00f8delegg to \u00e5rhundrer med diplomatiske forhold, skrev han tirsdag kveld.<\/p>\n<p>          <img loading=\"lazy\" decoding=\"async\" src=\"https:\/\/www.europesays.com\/no\/wp-content\/uploads\/2025\/12\/83935226.webp\" width=\"980\" height=\"559\" title=\"ADVARER: Colombias president Gustavo Petro advarer Trump etter utsagn om angrep p\u00e5 'alle land som leverer narkotika til USA'. Foto: Raul Arboleda \/ AFP \/ NTB\" alt=\"\" class=\"\" style=\"--aspect-ratio-image: 1.75; \"\/><\/p>\n<p>\n          ADVARER: Colombias president Gustavo Petro advarer Trump etter utsagn om angrep p\u00e5 &laquo;alle land som leverer narkotika til USA&raquo;. Foto: Raul Arboleda \/ AFP \/ NTB\n      <\/p>\n<p>Petro advarte ogs\u00e5 den amerikanske presidenten om at han risikerte \u00e5 \u00abvekke jaguaren\u00bb, som f\u00f8lge av den amerikanske trusselen.<\/p>\n<p>&#8211;\u00a0 Du m\u00e5 ikke true v\u00e5r suverenitet, for da vil du vekke jaguarens vrede.<\/p>\n<p>Han benyttet samtidig anledningen til \u00e5 invitere 79-\u00e5ringen p\u00e5 bes\u00f8k til Colombia.<\/p>\n<p>&#8211; Kom med meg, s\u00e5 skal jeg vise deg hvordan vi har \u00f8delagt en kokain-lab hvert 40. minutt, skriver han.<\/p>\n<p>Colombia er verdens st\u00f8rste produsent av kokain, if\u00f8lge UNODC.<\/p>\n<p>    <a itemprop=\"url\" href=\"https:\/\/www.dagbladet.no\/nyheter\/var-i-sin-fulle-rett\/83923897\" rel=\"nofollow noopener\" target=\"_blank\"><\/p>\n<p>      <img loading=\"lazy\" decoding=\"async\" src=\"https:\/\/www.europesays.com\/no\/wp-content\/uploads\/2025\/12\/1764833795_810_83923917.webp\" width=\"980\" height=\"441\" title=\"- Var i sin fulle rett\" alt=\"\" class=\"lazyload\" style=\"--aspect-ratio-image: 2.22; \"\/><\/p>\n<p>        &#8211; Var i sin fulle rett<\/p>\n<p>    <\/a><\/p>\n<p class=\"font-weight-bold m-font-weight-bold\" data-lab-font_weight=\"font-weight-bold\">Vil angripe p\u00e5 land<\/p>\n<p>Trump varslet tirsdag at USA snart vil g\u00e5 til angrep p\u00e5 land.<\/p>\n<p>&#8211; Vi kommer snart til \u00e5 gj\u00f8re angrep p\u00e5 land ogs\u00e5. Land er mye enklere, vi vet hvilke ruter de tar, vi vet hvor de bor. Vi vet hvor de slemme bor, og vi kommer til \u00e5 starte med det veldig snart, uttalte Trump.<\/p>\n<p>Om Colombia sier han:<\/p>\n<p class=\"font-weight-bold m-font-weight-bold\" data-lab-font_weight=\"font-weight-bold\">&#8211; Jeg h\u00f8rer at Colombia lager kokain. De har kokain-fabrikker, og de selger kokain til oss. Vi setter stor pris p\u00e5 det, men alle som gj\u00f8r det og selger det til v\u00e5rt land kan bli angrepet.<\/p>\n<p> Dette kommer etter at Trump-administrasjonen i august eskalerte spenningen i S\u00f8r-Amerika, med det de kaller \u00abanti-narkotika operasjoner\u00bb.<\/p>\n<p>Pentagon har utplassert en stor marinestyrke med nesten 15 000 tropper utenfor Venezuela. Over 80 personer er blitt drept i angrep p\u00e5 sm\u00e5 b\u00e5ter som angivelig skal ha transportert narkotika, if\u00f8lge tall fra Pentagon.<\/p>\n<p>        TR\u00d8TT? Her \u00abdupper\u00bb tilsynelatende president Donald Trump under et m\u00f8te. Video: AP \/ Reporter: Nicolai Alcaniz<\/p>\n<p class=\"font-weight-bold m-font-weight-bold\" data-lab-font_weight=\"font-weight-bold\">Sprekker i forholdet<\/p>\n<p>Colombia og USA har lenge v\u00e6rt allierte, men forholdet har sl\u00e5tt sprekker etter at Trump ble president igjen.<\/p>\n<p data-lab-font_weight=\"\">I januar nektet Petro adgang til amerikanske fly med deporterte colombianere. Avgj\u00f8relsen ble seinere reversert, etter straffetoll fra USA. Colombia svarte med egen toll, men ga seinere etter, hevdet amerikanerne.<\/p>\n<p>    <a itemprop=\"url\" href=\"https:\/\/www.dagbladet.no\/nyheter\/avblaser-tollkrig\/82579273\" rel=\"nofollow noopener\" target=\"_blank\"><\/p>\n<p>      <img loading=\"lazy\" decoding=\"async\" src=\"https:\/\/www.europesays.com\/no\/wp-content\/uploads\/2025\/12\/82579349.webp\" width=\"980\" height=\"441\" title=\"Avbl\u00e5ser tollkrig\" alt=\"\" class=\"lazyload\" style=\"--aspect-ratio-image: 2.22; \"\/><\/p>\n<p>        Avbl\u00e5ser tollkrig<\/p>\n<p>    <\/a><\/p>\n<p>I september deltok Petro p\u00e5 en pro-palestinsk protest i New York og oppfordret amerikanske soldater til ikke \u00e5 f\u00f8lge Trumps ordre om \u00e5 \u00abangripe menneskeheten\u00bb.<\/p>\n<p>Som svar tilbakekalte det amerikanske utenriksdepartementet den colombianske presidentens visum.<\/p>\n","protected":false},"excerpt":{"rendered":"Colombias president g\u00e5r hardt ut mot Trump etter trussel om milit\u00e6re angrep. VIL ANGRIPE: USAs president Donald Trump&hellip;\n","protected":false},"author":2,"featured_media":103767,"comment_status":"","ping_status":"","sticky":false,"template":"","format":"standard","meta":{"footnotes":""},"categories":[12],"tags":[20,21,24,25,15,22,23,13,30,28,29,14,16,26,27,412,42,43,44,45],"class_list":{"0":"post-103766","1":"post","2":"type-post","3":"status-publish","4":"format-standard","5":"has-post-thumbnail","7":"category-verden","8":"tag-breaking-news","9":"tag-breakingnews","10":"tag-featured-news","11":"tag-featurednews","12":"tag-headlines","13":"tag-latest-news","14":"tag-latestnews","15":"tag-news","16":"tag-no","17":"tag-norge","18":"tag-norway","19":"tag-nyheter","20":"tag-overskrifter","21":"tag-top-stories","22":"tag-topstories","23":"tag-utenriks","24":"tag-verden","25":"tag-world","26":"tag-world-news","27":"tag-worldnews"},"share_on_mastodon":{"url":"https:\/\/pubeurope.com\/@no\/115660153614082567","error":""},"_links":{"self":[{"href":"https:\/\/www.europesays.com\/no\/wp-json\/wp\/v2\/posts\/103766","targetHints":{"allow":["GET"]}}],"collection":[{"href":"https:\/\/www.europesays.com\/no\/wp-json\/wp\/v2\/posts"}],"about":[{"href":"https:\/\/www.europesays.com\/no\/wp-json\/wp\/v2\/types\/post"}],"author":[{"embeddable":true,"href":"https:\/\/www.europesays.com\/no\/wp-json\/wp\/v2\/users\/2"}],"replies":[{"embeddable":true,"href":"https:\/\/www.europesays.com\/no\/wp-json\/wp\/v2\/comments?post=103766"}],"version-history":[{"count":0,"href":"https:\/\/www.europesays.com\/no\/wp-json\/wp\/v2\/posts\/103766\/revisions"}],"wp:featuredmedia":[{"embeddable":true,"href":"https:\/\/www.europesays.com\/no\/wp-json\/wp\/v2\/media\/103767"}],"wp:attachment":[{"href":"https:\/\/www.europesays.com\/no\/wp-json\/wp\/v2\/media?parent=103766"}],"wp:term":[{"taxonomy":"category","embeddable":true,"href":"https:\/\/www.europesays.com\/no\/wp-json\/wp\/v2\/categories?post=103766"},{"taxonomy":"post_tag","embeddable":true,"href":"https:\/\/www.europesays.com\/no\/wp-json\/wp\/v2\/tags?post=103766"}],"curies":[{"name":"wp","href":"https:\/\/api.w.org\/{rel}","templated":true}]}}