{"id":103770,"date":"2025-12-04T07:45:42","date_gmt":"2025-12-04T07:45:42","guid":{"rendered":"https:\/\/www.europesays.com\/no\/103770\/"},"modified":"2025-12-04T07:45:42","modified_gmt":"2025-12-04T07:45:42","slug":"pamela-anderson-onsker-a-bytte-til-skandinavisk-etternavn-for-a-hedre-sine-rotter-2","status":"publish","type":"post","link":"https:\/\/www.europesays.com\/no\/103770\/","title":{"rendered":"Pamela Anderson \u00f8nsker \u00e5 bytte til skandinavisk etternavn for \u00e5 hedre sine r\u00f8tter"},"content":{"rendered":"<p class=\"kicker \" style=\"\">Pamela Anderson:<\/p>\n<p>  Filmstjerna har et \u00f8nske om \u00e5 hylle sine nordiske aner med et navnebytte.<\/p>\n<p>\n    NYTT VALG: Pamela Anderson vil ikke lenger beholde etternavnet sitt. Her er hun avbildet p\u00e5 Deauville American Film Festival i september. Foto: MPP\/SIPA\/Shutterstock\n  <\/p>\n<p>Modell og skuespiller <a href=\"https:\/\/www.dagbladet.no\/kjendis\/slar-tilbake-en-dodsdom\/83557860\" rel=\"nofollow noopener\" target=\"_blank\">Pamela Anderson (58)<\/a> fikk sitt gjennombrudd da hun dukket opp p\u00e5 TV-skjermen som den r\u00f8dkledde livredderen i \u00abBaywatch\u00bb.\u00a0<\/p>\n<p>    <a itemprop=\"url\" href=\"https:\/\/www.dagbladet.no\/kjendis\/raser-etter-trump-video\/83929076\" rel=\"nofollow noopener\" target=\"_blank\"><\/p>\n<p>      <img loading=\"lazy\" decoding=\"async\" src=\"https:\/\/www.europesays.com\/no\/wp-content\/uploads\/2025\/12\/83929141.webp\" width=\"980\" height=\"441\" title=\"Raser etter Trump-video\" alt=\"\" class=\"lazyload\" style=\"--aspect-ratio-image: 2.22; \"\/><\/p>\n<p>        Raser etter Trump-video<\/p>\n<p>    <\/a><\/p>\n<p>Hun har de siste \u00e5ra funnet veien tilbake til rampelyset, delvis p\u00e5 grunn av Netflix-dokumentaren som ble laget om henne, men ogs\u00e5 p\u00e5 grunn av den anerkjente Broadway-oppsetningen av \u00abChicago\u00bb, der hun spilte en av hovedrollene. <\/p>\n<p>Med \u00e5rene har hun utvilsomt oppn\u00e5dd ikon-status, og da hun gjorde comeback i 2023 var hun nok en gang p\u00e5 \u00aballes\u00bb lepper. N\u00e5 forteller hun derimot at hun har et \u00f8nske om \u00e5 bytte ut det velkjente navnet.<\/p>\n<p>        UTVIST: Den britiske kongefamilien sendte et tydelig signal med kunngj\u00f8ringen om at prins Andrew blir fratatt sine kongelige titler. Beskjeden kom etter avd\u00f8de Virginia Robert Guiffres memoarer ble utgitt, et av de mest sentrale ofrene i Jeffrey Epstein-saken. I boka beskrev hun de gjentatte overgrepene hun hevdet den tidligere prinsen uttsatt henne for, da hun var 17 \u00e5r. Reporter: Sanne Holt\/ R\u00f8d L\u00f8per. Video: NTB\/ AFP\/ YouTube\/ @BBCNews\/ @Netflix\/ @60MinutesAustralia. Foto: NTB\/ AFP\/ Coleman-Rayner\/ Stella Pictures<\/p>\n<p>Til tross for at etternavnet hennes allerede har en nordisk klang, vil Anderson nemlig hete Hyyti\u00e4inen. Det skriver Vogue Scandinavia, gjengitt av svenske <a href=\"https:\/\/www.expressen.se\/noje\/pamela-anderson-vill-byta-till-finskt-efternamn\/\" rel=\"nofollow noopener\" target=\"_blank\">Expressen<\/a>.<\/p>\n<p>&#8211; Noen ganger vil jeg ikke v\u00e6re Pamela Anderson. Jeg vil v\u00e6re Pamela Hyyti\u00e4inen. Jeg skulle \u00f8nske jeg kunne bytte navn, men de lar meg ikke gj\u00f8re det, sier hun.<\/p>\n<p>    <a itemprop=\"url\" href=\"https:\/\/www.dagbladet.no\/kjendis\/har-fatt-hjernekreft\/83920811\" rel=\"nofollow noopener\" target=\"_blank\"><\/p>\n<p>      <img loading=\"lazy\" decoding=\"async\" src=\"https:\/\/www.europesays.com\/no\/wp-content\/uploads\/2025\/12\/1764834341_867_83920918.webp\" width=\"980\" height=\"441\" title=\"- Har f\u00e5tt hjernekreft\" alt=\"\" class=\"lazyload\" style=\"--aspect-ratio-image: 2.22; \"\/><\/p>\n<p>        &#8211; Har f\u00e5tt hjernekreft<\/p>\n<p>    <\/a><\/p>\n<p>Hvem \u00abde\u00bb er, forklarer hun ikke, og if\u00f8lge Vogue sier hun det hele med en lettsindig tone. B\u00e5ndene til Finland er derimot h\u00f8yst reelle.<\/p>\n<p>          <img loading=\"lazy\" decoding=\"async\" src=\"https:\/\/www.europesays.com\/no\/wp-content\/uploads\/2025\/12\/1764834342_458_83935434.webp\" width=\"686\" height=\"762\" title=\"ENDRING: Det er ikke bare navnet som modellen har villet endre p\u00e5 den siste tida. I oktober hadde Anderson byttet ut de lyseblonde lokkene med en r\u00f8dligere tone i forbindelse med moteuka i Paris. Foto: Petit\/BFA.com\/Shutterstock\/NTB\" alt=\"\" class=\"\" style=\"--aspect-ratio-image: 0.90; \"\/><\/p>\n<p>\n          ENDRING: Det er ikke bare navnet som modellen har villet endre p\u00e5 den siste tida. I oktober hadde Anderson byttet ut de lyseblonde lokkene med en r\u00f8dligere tone i forbindelse med moteuka i Paris. Foto: Petit\/BFA.com\/Shutterstock\/NTB\n      <\/p>\n<p>Familien hennes har r\u00f8tter i Finland, og da hennes oldefar utvandret til Canada p\u00e5 begynnelsen av 1900-tallet, byttet han etternavn til Anderson.<\/p>\n<p>\u00d8nsket om \u00e5 bytte tilbake til det gamle navnet bunner i forholdet til farfaren Herman, som beskrives som en skogshoggger og poet.<\/p>\n<p>        VEKKER OPPSIKT: 21 \u00e5r gamle Gabby McCarthy g\u00e5r viralt etter sin innsjekk i \u00abLove Island Australia\u00bb-villaen. Video: TV 2 Play \/ R\u00f8d L\u00f8per<\/p>\n<p>&#8211; Han var den som sto meg n\u00e6rmest i livet mitt, forteller hun videre.<\/p>\n<p>Som barn l\u00e6rte hun seg ogs\u00e5 litt finsk for \u00e5 kunne imponere p\u00e5 farfaren. Da hun var elleve \u00e5r gammel gikk han bort, og det samme gjorde de finske spr\u00e5k-kunnskapene.\u00a0<\/p>\n<p>&#8211; Det forsvant litt med ham, sier hun.<\/p>\n","protected":false},"excerpt":{"rendered":"Pamela Anderson: Filmstjerna har et \u00f8nske om \u00e5 hylle sine nordiske aner med et navnebytte. NYTT VALG: Pamela&hellip;\n","protected":false},"author":2,"featured_media":103564,"comment_status":"","ping_status":"","sticky":false,"template":"","format":"standard","meta":{"footnotes":""},"categories":[12],"tags":[20,21,24,25,1255,15,479,22,23,13053,13,30,28,29,14,16,4635,26,27,42,43,44,45],"class_list":{"0":"post-103770","1":"post","2":"type-post","3":"status-publish","4":"format-standard","5":"has-post-thumbnail","7":"category-verden","8":"tag-breaking-news","9":"tag-breakingnews","10":"tag-featured-news","11":"tag-featurednews","12":"tag-finland","13":"tag-headlines","14":"tag-kjendis","15":"tag-latest-news","16":"tag-latestnews","17":"tag-navnebytte","18":"tag-news","19":"tag-no","20":"tag-norge","21":"tag-norway","22":"tag-nyheter","23":"tag-overskrifter","24":"tag-pamela-anderson","25":"tag-top-stories","26":"tag-topstories","27":"tag-verden","28":"tag-world","29":"tag-world-news","30":"tag-worldnews"},"share_on_mastodon":{"url":"https:\/\/pubeurope.com\/@no\/115660189066493699","error":""},"_links":{"self":[{"href":"https:\/\/www.europesays.com\/no\/wp-json\/wp\/v2\/posts\/103770","targetHints":{"allow":["GET"]}}],"collection":[{"href":"https:\/\/www.europesays.com\/no\/wp-json\/wp\/v2\/posts"}],"about":[{"href":"https:\/\/www.europesays.com\/no\/wp-json\/wp\/v2\/types\/post"}],"author":[{"embeddable":true,"href":"https:\/\/www.europesays.com\/no\/wp-json\/wp\/v2\/users\/2"}],"replies":[{"embeddable":true,"href":"https:\/\/www.europesays.com\/no\/wp-json\/wp\/v2\/comments?post=103770"}],"version-history":[{"count":0,"href":"https:\/\/www.europesays.com\/no\/wp-json\/wp\/v2\/posts\/103770\/revisions"}],"wp:featuredmedia":[{"embeddable":true,"href":"https:\/\/www.europesays.com\/no\/wp-json\/wp\/v2\/media\/103564"}],"wp:attachment":[{"href":"https:\/\/www.europesays.com\/no\/wp-json\/wp\/v2\/media?parent=103770"}],"wp:term":[{"taxonomy":"category","embeddable":true,"href":"https:\/\/www.europesays.com\/no\/wp-json\/wp\/v2\/categories?post=103770"},{"taxonomy":"post_tag","embeddable":true,"href":"https:\/\/www.europesays.com\/no\/wp-json\/wp\/v2\/tags?post=103770"}],"curies":[{"name":"wp","href":"https:\/\/api.w.org\/{rel}","templated":true}]}}