{"id":103781,"date":"2025-12-04T08:02:08","date_gmt":"2025-12-04T08:02:08","guid":{"rendered":"https:\/\/www.europesays.com\/no\/103781\/"},"modified":"2025-12-04T08:02:08","modified_gmt":"2025-12-04T08:02:08","slug":"andreas-schjelderup-anker-ikke-dommen","status":"publish","type":"post","link":"https:\/\/www.europesays.com\/no\/103781\/","title":{"rendered":"Andreas Schjelderup anker ikke dommen"},"content":{"rendered":"\n<p class=\"_lead_o9xde_2 _lead_xtcu6_50 layout-component text-serif-m layout-normal text-serif-l layout-component layout-wide layout-padded _wide_17hqh_1 layout-padded\">Landslagsspiller Andreas Schjelderup ble d\u00f8mt til 14 dagers betinget fengsel &#8211; han anker ikke dommen.<\/p>\n<p><img alt=\" Foto: Rodrigo Antunes \/ Reuters \/ NTB\" class=\"_image_qp4xg_65 layout-component layout-wide\" data-fullscreen- data-track-element-type=\"Article image fullscreen\" data-track-name=\"ImageFullscreen\" fetchpriority=\"high\" decoding=\"sync\" loading=\"eager\" height=\"1834\" itemprop=\"image\"  src=\"https:\/\/www.europesays.com\/no\/wp-content\/uploads\/2025\/12\/c485e2ca-162b-4354-8820-6a8c628d5dc5\"  style=\"object-position:0% 0%\" width=\"2593\"\/> Foto: Rodrigo Antunes \/ Reuters \/ NTB<\/p>\n<ul aria-hidden=\"true\" class=\"_images_1uft6_111\">\n<li><a class=\"_link_1uft6_116\" href=\"https:\/\/www.vg.no\/forfatter\/andreas-hopen\" style=\"z-index:1\" title=\"Andreas Hopen\" rel=\"nofollow noopener\" target=\"_blank\"><img alt=\"Bilde av Andreas Hopen\" class=\"_image_1uft6_93\" fetchpriority=\"low\" loading=\"lazy\" decoding=\"async\" itemprop=\"image\"  src=\"https:\/\/www.europesays.com\/no\/wp-content\/uploads\/2025\/12\/1764835328_346_8d697287-ea03-4d54-ab67-6d65b82629eb\"  width=\"480\"\/><\/a><\/li>\n<\/ul>\n<p> Oppdatert torsdag 4. desember kl. 08:51    <\/p>\n<ul class=\"_list_o9xde_3 _list_64s2r_85 _unordered_o9xde_106 text-sans-m\">\n<li class=\"_item_o9xde_30\">Landslagsspiller Andreas Schjelderup d\u00f8mt til 14 dagers betinget fengsel.<\/li>\n<li class=\"_item_o9xde_30\">Dommen gjelder deling av video med seksuelt innhold av mindre\u00e5rige p\u00e5 Snapchat.<\/li>\n<li class=\"_item_o9xde_30\">Schjelderup anker ikke dommen.<\/li>\n<li class=\"_item_o9xde_30\">Fristen for \u00e5 anke gikk ut natt til torsdag.<\/li>\n<li class=\"_item_o9xde_30\">Dommen anses som endelig.<\/li>\n<\/ul>\n<p>Vis mer <\/p>\n<p class=\"_paragraph_o9xde_4 _paragraph_xtcu6_10 layout-component text-serif-m layout-normal text-serif-m layout-padded\">Det bekrefter K\u00f8benhavns Byrett til <a href=\"https:\/\/www.nrk.no\/sport\/schjelderup-anker-ikke-dommen-1.17678725\" class=\"_link_o9xde_39\" rel=\"nofollow noopener\" target=\"_blank\">NRK<\/a>.<\/p>\n<p class=\"_paragraph_o9xde_4 _paragraph_xtcu6_10 layout-component text-serif-m layout-normal text-serif-m layout-padded\">Dommen mot Schjelderup falt i slutten av november. Der ble Schjelderup d\u00f8mt til<a href=\"https:\/\/www.vg.no\/sport\/i\/y513wK\/andreas-schjelderup-paa-plass-i-retten-i-koebenhavn\" data-track-element-type=\"Link\" data-track-id=\"link:y513wK\" class=\"_link_o9xde_39\" rel=\"nofollow noopener\" target=\"_blank\"> 14 dagers betinget fengsel,<\/a> med pr\u00f8vetid p\u00e5 ett \u00e5r. Han m\u00e5 ogs\u00e5 betale saksomkostninger.<\/p>\n<p class=\"_paragraph_o9xde_4 _paragraph_xtcu6_10 layout-component text-serif-m layout-normal text-serif-m layout-padded\">Etter at dommen falt i slutten av november ville ikke Schjelderups advokat kommentere om de ville anke.<\/p>\n<p class=\"_paragraph_o9xde_4 _paragraph_xtcu6_10 layout-component text-serif-m layout-normal text-serif-m layout-padded\">Fristen for \u00e5 levere inn anken gikk ut natt til torsdag &#8211; uten at landslagsspilleren anket.<\/p>\n<p class=\"_paragraph_o9xde_4 _paragraph_xtcu6_10 layout-component text-serif-m layout-normal text-serif-m layout-padded\">Saken ble f\u00f8rt som en tilst\u00e5elsessak.<\/p>\n<p class=\"_paragraph_o9xde_4 _paragraph_xtcu6_10 layout-component text-serif-m layout-normal text-serif-m layout-padded\">P\u00e5talemyndigheten i Danmark kan fremdeles anke saken, men if\u00f8lge byretten er det ikke vanlig i tilst\u00e5elsessaker. De anser derfor dommen for \u00e5 v\u00e6re endelig.<\/p>\n<p class=\"_paragraph_o9xde_4 _paragraph_xtcu6_10 layout-component text-serif-m layout-normal text-serif-m layout-padded\">Landslagsspilleren ble d\u00f8mt for \u00e5 ha delt en 27 sekunder lang video med seksuelt innhold av personer under 18 \u00e5r p\u00e5 Snapchat da han var 19 \u00e5r og spilte i Danmark.<\/p>\n<p class=\"_paragraph_o9xde_4 _paragraph_xtcu6_10 layout-component text-serif-m layout-normal text-serif-m layout-padded\">\u2013 Jeg mottok videoen p\u00e5 Snapchat som en d\u00e5rlig\u00a0joke. Og s\u00e5 videresendte jeg den til en gruppe med fire venner, og videref\u00f8rte denne d\u00e5rlige joken, sa Schjelderup i sin forklaring i retten.<\/p>\n","protected":false},"excerpt":{"rendered":"Landslagsspiller Andreas Schjelderup ble d\u00f8mt til 14 dagers betinget fengsel &#8211; han anker ikke dommen. Foto: Rodrigo Antunes&hellip;\n","protected":false},"author":2,"featured_media":103782,"comment_status":"","ping_status":"","sticky":false,"template":"","format":"standard","meta":{"footnotes":""},"categories":[12],"tags":[20,21,24,25,92,15,3163,22,23,13,30,28,29,14,16,26,27,42,43,44,45],"class_list":{"0":"post-103781","1":"post","2":"type-post","3":"status-publish","4":"format-standard","5":"has-post-thumbnail","7":"category-verden","8":"tag-breaking-news","9":"tag-breakingnews","10":"tag-featured-news","11":"tag-featurednews","12":"tag-fotball","13":"tag-headlines","14":"tag-herrelandslaget-fotball","15":"tag-latest-news","16":"tag-latestnews","17":"tag-news","18":"tag-no","19":"tag-norge","20":"tag-norway","21":"tag-nyheter","22":"tag-overskrifter","23":"tag-top-stories","24":"tag-topstories","25":"tag-verden","26":"tag-world","27":"tag-world-news","28":"tag-worldnews"},"share_on_mastodon":{"url":"https:\/\/pubeurope.com\/@no\/115660255786398381","error":""},"_links":{"self":[{"href":"https:\/\/www.europesays.com\/no\/wp-json\/wp\/v2\/posts\/103781","targetHints":{"allow":["GET"]}}],"collection":[{"href":"https:\/\/www.europesays.com\/no\/wp-json\/wp\/v2\/posts"}],"about":[{"href":"https:\/\/www.europesays.com\/no\/wp-json\/wp\/v2\/types\/post"}],"author":[{"embeddable":true,"href":"https:\/\/www.europesays.com\/no\/wp-json\/wp\/v2\/users\/2"}],"replies":[{"embeddable":true,"href":"https:\/\/www.europesays.com\/no\/wp-json\/wp\/v2\/comments?post=103781"}],"version-history":[{"count":0,"href":"https:\/\/www.europesays.com\/no\/wp-json\/wp\/v2\/posts\/103781\/revisions"}],"wp:featuredmedia":[{"embeddable":true,"href":"https:\/\/www.europesays.com\/no\/wp-json\/wp\/v2\/media\/103782"}],"wp:attachment":[{"href":"https:\/\/www.europesays.com\/no\/wp-json\/wp\/v2\/media?parent=103781"}],"wp:term":[{"taxonomy":"category","embeddable":true,"href":"https:\/\/www.europesays.com\/no\/wp-json\/wp\/v2\/categories?post=103781"},{"taxonomy":"post_tag","embeddable":true,"href":"https:\/\/www.europesays.com\/no\/wp-json\/wp\/v2\/tags?post=103781"}],"curies":[{"name":"wp","href":"https:\/\/api.w.org\/{rel}","templated":true}]}}