{"id":103792,"date":"2025-12-04T08:14:09","date_gmt":"2025-12-04T08:14:09","guid":{"rendered":"https:\/\/www.europesays.com\/no\/103792\/"},"modified":"2025-12-04T08:14:09","modified_gmt":"2025-12-04T08:14:09","slug":"kennedy-om-milliardsvindel-i-somalisk-miljo-klovneverden-pa-steroider","status":"publish","type":"post","link":"https:\/\/www.europesays.com\/no\/103792\/","title":{"rendered":"Kennedy om milliardsvindel i somalisk milj\u00f8: \u2013 Klovneverden p\u00e5 steroider"},"content":{"rendered":"<p><strong>Den republikanske <strong>senatoren\u00a0<\/strong>John Kennedy holdt en kvass tale i Senatet onsdag der han ga uttrykk for sitt raseri over den kjente velferdsskandalen i det somaliske milj\u00f8et i Minnesota som har kostet skattebetalerne over \u00e9n milliard dollar.<\/strong><\/p>\n<p>I en lang <a href=\"https:\/\/youtu.be\/qn8g_bRGqMk\" rel=\"nofollow noopener\" target=\"_blank\">redegj\u00f8relse <\/a>p\u00e5 Senatgulvet, brukte senatoren fra Louisiana usedvanlig sterke ord om svindelsakene som allerede har f\u00f8rt til 59 domfellelser i Minnesota.<\/p>\n<p>\u2013\u00a0La meg si unnskyld p\u00e5 forh\u00e5nd: Dette er dypt motbydelig. Det er klovneverden p\u00e5 steroider, sa Kennedy innledningsvis. <\/p>\n<p>\u2013\u00a0Da jeg f\u00f8rst leste om dette, leste jeg det en andre gang fordi jeg opplevde sjokkert forbl\u00f8ffelse. Og da jeg leste det en andre gang og skj\u00f8nte at det var sant, ville jeg bare l\u00f8pe vekk og skrike.<\/p>\n<p>  Kort oppsummert<\/p>\n<ul style=\"margin: 10px 0; padding-left: 20px; line-height: 1.6;\">\n<li>Senator John Kennedy holdt en kraftfull tale der han ford\u00f8mte velferdsskandalen i Minnesota p\u00e5 over \u00e9n milliard dollar i stj\u00e5lne skattemidler<\/li>\n<li>Tre svindelsystemer rammet programmer for sultne barn, hjeml\u00f8se og autistiske barn i det somaliske milj\u00f8et i Minneapolis<\/li>\n<li>59 personer er d\u00f8mt, 86 siktet \u2013 78 av de siktede har somalisk bakgrunn<\/li>\n<li>Kennedy anklager politikere i Minnesota for \u00e5 ha stoppet etterforskning av frykt for \u00e5 bli kalt rasister<\/li>\n<li>Ansatte ved velferdsetaten hevder tidligere guvern\u00f8r Tim Walz gjengjeldte mot varslere som varslet om svindelen<\/li>\n<li>Ubekreftede Deler av pengene kan ha g\u00e5tt til terrorgruppen Al-Shabaab i Somalia<\/li>\n<li>Kennedy understreker at kritikken er rettet mot kriminelle, ikke det somaliske milj\u00f8et generelt: \u00abHva er rasistisk med fakta?\u00bb<\/li>\n<\/ul>\n<p>Kennedy, kjent for sitt fargerike spr\u00e5k, fortsatte: \u2013\u00a0Det f\u00e5r meg til \u00e5 ville gi noen et kne i skrittet. Det gj\u00f8r meg rasende, og jeg tror amerikanske skattebetalere f\u00f8ler det samme.<\/p>\n<p>Senatoren innledet med \u00e5 minne om amerikanernes gavmildhet. <\/p>\n<p>\u2013\u00a0I v\u00e5rt land, n\u00e5r du er sulten, gir vi deg mat. N\u00e5r du er hjeml\u00f8s, gir vi deg husly. N\u00e5r du er for fattig til \u00e5 v\u00e6re syk, betaler vi for legen din. Vi bruker billioner av dollar i \u00e5ret p\u00e5 \u00e5 hjelpe v\u00e5re venner og naboer som er mindre heldige enn oss. Det er sjeldent i denne verden, sa han, f\u00f8r han la til at pengene kommer fra skattebetalernes lommer.<\/p>\n<p>Deretter gikk han l\u00f8s p\u00e5 de tre svindelordningene som har rystet Minnesota. Det f\u00f8rste systemet dreide seg om den ideelle organisasjonen \u00abFeeding Our Future\u00bb, som mottok f\u00f8derale midler for \u00e5 drive matserveringssentre for sultne barn i det somaliske milj\u00f8et i Minneapolis. Programmet vokste fra noen f\u00e5 millioner til \u00e5 bli verdt 100 millioner dollar \u00e5rlig.<\/p>\n<p>\u2013\u00a0Det er bare ett problem: Det var ingen sultne barn. Jo, det var sultne barn \u2013 de fikk bare ingen av pengene, sa Kennedy sarkastisk. I stedet ble pengene brukt p\u00e5 yacht, ferier, smykker og m\u00f8bler, if\u00f8lge senatoren.<\/p>\n<p>Det andre systemet fokuserte p\u00e5 boligprogrammer for hjeml\u00f8se. Fra en beskjeden start p\u00e5 2,6 millioner dollar i 2020, eksploderte programmet til 104 millioner dollar \u00e5rlig. <\/p>\n<p>\u2013\u00a0Ingen av pengene gikk til bolig. Disse leverand\u00f8rene og den ideelle organisasjonen som koordinerte det, puttet bare pengene i egen lomme, sa Kennedy.<\/p>\n<p>Men det tredje programmet, som omhandlet behandling av autistiske barn, reagerte senatoren sterkest p\u00e5. <\/p>\n<p>\u2013\u00a0Dette f\u00e5r deg til \u00e5 ville kaste opp i en potteplante, sa han. Foreldre i det somaliske milj\u00f8et skal ha blitt bestukket med mellom 400 og 1 500 dollar for \u00e5 la barna sine bli sertifisert som autistiske, selv om de ikke var det. Programmet vokste fra 3 millioner dollar det f\u00f8rste \u00e5ret til hele 400 millioner dollar i 2023.<\/p>\n<p>Kennedy rettet s\u00e6rlig hard kritikk mot politisk ledelse i Minnesota, som han mener aktivt hindret etterforskning av svindelen. Han fortalte hvordan ansatte i velferdsetaten begynte \u00e5 bli mistenksomme da kravene om utbetalinger \u00f8kte drastisk. De kontaktet \u00abFeeding Our Future\u00bb, men fikk tilbakemeldinger om at dersom pengene ble stanset, ville organisasjonen saks\u00f8ke dem for rasisme.<\/p>\n<p>\u2013\u00a0De sendte dem en e-post og ringte dem og sa at hvis dere ikke godkjenner nye s\u00f8knader fra minoritetseide bedrifter, vil vi saks\u00f8ke dere og anklage dere for rasisme over hele nyhetsbildet, fortalte Kennedy.<\/p>\n<p>De ansatte varslet sine overordnede. \u2013\u00a0Du sier: \u2018Hvorfor gjorde ikke ansatte i velferdsetaten noe?\u2019 Jo, det gjorde de. De fortalte det til folk h\u00f8yere oppe, de med flaggene p\u00e5 kontorene. Og vet du hva de gjorde? Ingenting, sa senatoren.<\/p>\n<p>Han siterte Minnesotas lovgivende revisor som sa at \u00abtrusselen om rettssaker og negativ presse p\u00e5virket hvordan delstatspolitikere brukte sine regulatoriske fullmakter.\u00bb En etterforskningsleder i riksadvokatens kontor uttalte if\u00f8lge Kennedy at \u00abdet er en oppfatning om at kraftfullt \u00e5 takle dette problemet ville f\u00f8re til politisk tilbakeslag fra det somaliske milj\u00f8et, som er en kjernestemmegruppe for Demokratene.\u00bb<\/p>\n<p>Kennedy leste ogs\u00e5 opp innlegg fra flere hundre ansatte ved Minnesota Department of Human Services som nylig har g\u00e5tt ut p\u00e5 sosiale medier med beskyldninger mot tidligere guvern\u00f8r Tim Walz. \u00abGuvern\u00f8r Tim Walz er 100% ansvarlig for massiv svindel i Minnesota. Vi varslet Tim Walz om svindelen tidlig. I stedet for samarbeid, fikk vi full gjengjeldelse fra Tim Walz og likegyldige mainstream-medier. Det er skummelt, isolerende, og vi lurte p\u00e5 hvem vi kunne henvende oss til,\u00bb l\u00f8d anklagene Kennedy refererte til.<\/p>\n<p>Senatoren brukte mye tid p\u00e5 \u00e5 tilbakevise beskyldninger om at det er rasistisk \u00e5 ta opp saken. <\/p>\n<p>\u2013\u00a0Alt jeg nettopp ga deg er fakta. Har ingenting med rase \u00e5 gj\u00f8re. Men det er et faktum at disse milliard-dollar-svindelene ble utformet av ledere i det somaliske milj\u00f8et, sa han.<\/p>\n<p>Han gjentok flere ganger at han ikke var ute etter \u00e5 angripe det somaliske milj\u00f8et som helhet. <\/p>\n<p>\u2013\u00a0Jeg er ikke her for \u00e5 nedverdige det somaliske folket eller folk med somalisk opprinnelse bare p\u00e5 grunn av noen f\u00e5 sine handlinger. Men det er et faktum at denne milliard-svindelen skjedde nesten utelukkende i det somaliske milj\u00f8et i Minnesota. Han la til: \u2013\u00a0Hva er rasistisk med fakta?<\/p>\n<p>Senatoren tok ogs\u00e5 opp alvorlige, men ubekreftede p\u00e5stander om at deler av pengene kan ha g\u00e5tt til terrororganisasjonen Al-Shabaab i Somalia. <\/p>\n<p>\u2013\u00a0Jeg vet ikke om det er sant, men p\u00e5talemyndighetene pr\u00f8ver desperat \u00e5 komme til bunns i det, sa Kennedy.<\/p>\n<p>Han avsluttet med en krystallklar dom: \u2013\u00a0Disse menneskene burde alle settes i fengsel, inkludert politikerne. Det f\u00e5r meg til \u00e5 ville stikke hodet i en annen\u2026 Dette er avskyelig.<\/p>\n<p>Hittil er 59 personer d\u00f8mt og 86 siktet i den omfattende saken. 78 av de siktede har somalisk bakgrunn. Den totale svindelsummen bel\u00f8per seg til over \u00e9n milliard dollar i stj\u00e5lne skattemidler.<\/p>\n","protected":false},"excerpt":{"rendered":"Den republikanske senatoren\u00a0John Kennedy holdt en kvass tale i Senatet onsdag der han ga uttrykk for sitt raseri&hellip;\n","protected":false},"author":2,"featured_media":103793,"comment_status":"","ping_status":"","sticky":false,"template":"","format":"standard","meta":{"footnotes":""},"categories":[12],"tags":[20,21,24,25,15,8330,22,23,2119,13,30,28,29,14,16,1441,26,27,42,43,44,45],"class_list":{"0":"post-103792","1":"post","2":"type-post","3":"status-publish","4":"format-standard","5":"has-post-thumbnail","7":"category-verden","8":"tag-breaking-news","9":"tag-breakingnews","10":"tag-featured-news","11":"tag-featurednews","12":"tag-headlines","13":"tag-john-kennedy","14":"tag-latest-news","15":"tag-latestnews","16":"tag-minnesota","17":"tag-news","18":"tag-no","19":"tag-norge","20":"tag-norway","21":"tag-nyheter","22":"tag-overskrifter","23":"tag-svindel","24":"tag-top-stories","25":"tag-topstories","26":"tag-verden","27":"tag-world","28":"tag-world-news","29":"tag-worldnews"},"share_on_mastodon":{"url":"https:\/\/pubeurope.com\/@no\/115660302888401021","error":""},"_links":{"self":[{"href":"https:\/\/www.europesays.com\/no\/wp-json\/wp\/v2\/posts\/103792","targetHints":{"allow":["GET"]}}],"collection":[{"href":"https:\/\/www.europesays.com\/no\/wp-json\/wp\/v2\/posts"}],"about":[{"href":"https:\/\/www.europesays.com\/no\/wp-json\/wp\/v2\/types\/post"}],"author":[{"embeddable":true,"href":"https:\/\/www.europesays.com\/no\/wp-json\/wp\/v2\/users\/2"}],"replies":[{"embeddable":true,"href":"https:\/\/www.europesays.com\/no\/wp-json\/wp\/v2\/comments?post=103792"}],"version-history":[{"count":0,"href":"https:\/\/www.europesays.com\/no\/wp-json\/wp\/v2\/posts\/103792\/revisions"}],"wp:featuredmedia":[{"embeddable":true,"href":"https:\/\/www.europesays.com\/no\/wp-json\/wp\/v2\/media\/103793"}],"wp:attachment":[{"href":"https:\/\/www.europesays.com\/no\/wp-json\/wp\/v2\/media?parent=103792"}],"wp:term":[{"taxonomy":"category","embeddable":true,"href":"https:\/\/www.europesays.com\/no\/wp-json\/wp\/v2\/categories?post=103792"},{"taxonomy":"post_tag","embeddable":true,"href":"https:\/\/www.europesays.com\/no\/wp-json\/wp\/v2\/tags?post=103792"}],"curies":[{"name":"wp","href":"https:\/\/api.w.org\/{rel}","templated":true}]}}